{"id":60383,"date":"2025-10-15T17:18:57","date_gmt":"2025-10-15T20:18:57","guid":{"rendered":"https:\/\/radiorevelacionfm.cl\/?p=60383"},"modified":"2025-10-15T17:18:57","modified_gmt":"2025-10-15T20:18:57","slug":"estudiantes-de-la-universidad-de-aysen-exponen-investigacion-sobre-cuidadores-as-en-congreso-nacional-de-psicologia","status":"publish","type":"post","link":"https:\/\/radiorevelacionfm.cl\/?p=60383","title":{"rendered":"Estudiantes de la Universidad de Ays\u00e9n exponen investigaci\u00f3n sobre cuidadores\/as en Congreso Nacional de Psicolog\u00eda"},"content":{"rendered":"<div class=\"flex_column av_one_full  flex_column_div av-zero-column-padding first  avia-builder-el-0  el_before_av_one_full  avia-builder-el-first  \" style='border-radius:0px; '><div  class='avia-image-container  av-styling-    avia-builder-el-1  avia-builder-el-no-sibling  avia-align-center '  itemprop=\"image\" itemscope=\"itemscope\" itemtype=\"https:\/\/schema.org\/ImageObject\"  ><div class='avia-image-container-inner'><div class='avia-image-overlay-wrap'><img decoding=\"async\" class='wp-image-60384 avia-img-lazy-loading-not-60384 avia_image' src=\"https:\/\/radiorevelacionfm.cl\/wp-content\/uploads\/2025\/10\/Estudiantes-en-Congreso-Psicologia-1.jpeg\" alt='' title='Estudiantes en Congreso Psicolog\u00eda (1)' height=\"600\" width=\"800\"  itemprop=\"thumbnailUrl\" srcset=\"https:\/\/radiorevelacionfm.cl\/wp-content\/uploads\/2025\/10\/Estudiantes-en-Congreso-Psicologia-1.jpeg 800w, https:\/\/radiorevelacionfm.cl\/wp-content\/uploads\/2025\/10\/Estudiantes-en-Congreso-Psicologia-1-300x225.jpeg 300w, https:\/\/radiorevelacionfm.cl\/wp-content\/uploads\/2025\/10\/Estudiantes-en-Congreso-Psicologia-1-768x576.jpeg 768w, https:\/\/radiorevelacionfm.cl\/wp-content\/uploads\/2025\/10\/Estudiantes-en-Congreso-Psicologia-1-705x529.jpeg 705w, https:\/\/radiorevelacionfm.cl\/wp-content\/uploads\/2025\/10\/Estudiantes-en-Congreso-Psicologia-1-450x338.jpeg 450w, https:\/\/radiorevelacionfm.cl\/wp-content\/uploads\/2025\/10\/Estudiantes-en-Congreso-Psicologia-1-600x450.jpeg 600w\" sizes=\"(max-width: 800px) 100vw, 800px\" \/><\/div><\/div><\/div><\/div><div class=\"flex_column av_one_full  flex_column_div av-zero-column-padding first  avia-builder-el-2  el_after_av_one_full  el_before_av_one_full  column-top-margin\" style='border-radius:0px; '><section class=\"av_textblock_section \"  itemscope=\"itemscope\" itemtype=\"https:\/\/schema.org\/BlogPosting\" itemprop=\"blogPost\" ><div class='avia_textblock  '   itemprop=\"text\" ><p style=\"text-align: center;\"><span style=\"font-size: 18pt;\"><b><span lang=\"ES-TRAD\">Estudiantes de la Universidad de Ays\u00e9n exponen investigaci\u00f3n sobre cuidadores\/as en Congreso Nacional de Psicolog\u00eda<\/span><\/b><\/span><\/p>\n<div id=\"gtx-trans\" style=\"position: absolute; left: -50px; top: 4.31534px;\">\n<div class=\"gtx-trans-icon\"><\/div>\n<\/div>\n<\/div><\/section><\/div><div class=\"flex_column av_one_full  flex_column_div av-zero-column-padding first  avia-builder-el-4  el_after_av_one_full  el_before_av_hr  column-top-margin\" style='border-radius:0px; '><section class=\"av_textblock_section \"  itemscope=\"itemscope\" itemtype=\"https:\/\/schema.org\/BlogPosting\" itemprop=\"blogPost\" ><div class='avia_textblock  '   itemprop=\"text\" ><p style=\"font-weight: 400; text-align: justify;\"><em>Cuatro j\u00f3venes, al alero de la CODESA y el apoyo del Gobierno Regional, est\u00e1n participando desde el mi\u00e9rcoles en el encuentro cient\u00edfico, exponiendo los resultados de su memoria de licenciatura \u201cImpacto de las habilidades adaptativas de la persona cuidada en los niveles de carga subjetiva y ansiedad del cuidador\u201d.<\/em><\/p>\n<p style=\"font-weight: 400; text-align: justify;\">Con el fin de exponer los resultados de su memoria de licenciatura sobre el impacto que tiene la labor de cuidados en personas con enfermedades cr\u00f3nicas, enfocado en la situaci\u00f3n de dependencia, cuatro estudiantes de la Universidad de Ays\u00e9n est\u00e1n participando desde este mi\u00e9rcoles en el XIX Congreso Chileno de Psicolog\u00eda, que se desarrolla hasta el viernes en Rancagua.\u00a0\u00a0Las j\u00f3venes cuentan con el apoyo de la Corporaci\u00f3n Privada para el Desarrollo de Ays\u00e9n (CODESA), la cual postul\u00f3 y se adjudic\u00f3 una asignaci\u00f3n directa de $3 millones y medio del Gobierno Regional de Ays\u00e9n para financiar su concurrencia a dicho encuentro.<\/p>\n<p style=\"font-weight: 400; text-align: justify;\">Se trata de\u00a0<strong>Melanie Veit<\/strong>,\u00a0<strong>Camila Urrutia<\/strong>,\u00a0<strong>Viviana C\u00e9spedes<\/strong>\u00a0y\u00a0<strong>Carla Mart\u00ednez<\/strong>\u00a0quienes, tras ser aceptada su postulaci\u00f3n al congreso, presentar\u00e1n el p\u00f3ster cient\u00edfico \u201c<em>Impacto de las habilidades adaptativas de la persona cuidada en los niveles de carga subjetiva y ansiedad del cuidador<\/em>\u201d.\u00a0\u00a0El trabajo se bas\u00f3 en dise\u00f1ar un experimento<em>\u00a0<\/em>para identificar si las habilidades adaptativas de la persona bajo cuidado (capacidad de seguir instrucciones, nivel de autonom\u00eda) incid\u00edan en la ansiedad del cuidador o cuidadora.<\/p>\n<p style=\"font-weight: 400; text-align: justify;\">Esta investigaci\u00f3n busca \u201c<em>visibilizar que el peso del cuidado no depende s\u00f3lo de la cantidad de tareas, sino tambi\u00e9n de las condiciones de la persona cuidada, y que este puede afectar emocionalmente a cualquier persona que asuma el rol de cuidador, incluso sin experiencia previa<\/em>\u201d.<\/p>\n<p style=\"font-weight: 400; text-align: justify;\">De esta forma, se pretende \u201c<em>orientar intervenciones y pol\u00edticas p\u00fablicas de apoyo a cuidadores, destacando la importancia de su bienestar como un factor determinante tanto para su salud mental como para la calidad de vida de quienes reciben cuidados. Asimismo, este enfoque experimental aporta evidencia causal en un campo todav\u00eda poco explorado en la literatura<\/em>\u201d.<\/p>\n<p style=\"font-weight: 400; text-align: justify;\">Melanie Veit explica que su asistencia al encuentro es \u201c<em>una oportunidad sumamente significativa.\u00a0\u00a0Esta instancia no s\u00f3lo nos permitir\u00e1 ampliar nuestros conocimientos y adquirir experiencias enriquecedoras, sino tambi\u00e9n conocer otras investigaciones que aportan nuevas perspectivas y desaf\u00edos al quehacer cient\u00edfico<\/em>\u201d.<\/p>\n<p style=\"font-weight: 400; text-align: justify;\">A esto se agrega que \u201c<em>esta experiencia nos motiva profundamente a seguir creciendo como investigadoras, reafirmando nuestro compromiso con la generaci\u00f3n de conocimiento desde y para nuestro territorio. Nos llena de orgullo poder representar a la regi\u00f3n de Ays\u00e9n y a la Universidad de Ays\u00e9n en un espacio de tanta relevancia nacional<\/em>\u201d.<\/p>\n<p style=\"font-weight: 400; text-align: justify;\">Durante la presentaci\u00f3n de la solicitud ante el Consejo Regional, se destac\u00f3 que las estudiantes hayan abordado un tema que muchas veces est\u00e1 invisibilizado, como es el rol de cuidadores y cuidadoras, que s\u00f3lo en los \u00faltimos a\u00f1os ha sido sujeto de pol\u00edticas p\u00fablicas m\u00e1s concretas.<\/p>\n<p style=\"font-weight: 400; text-align: justify;\">En este contexto, desde CODESA se acot\u00f3 que el involucramiento de la organizaci\u00f3n se relaciona con entender el desarrollo no s\u00f3lo como actividad econ\u00f3mica sino en todo lo que aporta a mejorar la calidad de vida de las personas, incluida la educaci\u00f3n, la investigaci\u00f3n y los cuidados.\u00a0\u00a0Adem\u00e1s, es coherente con el convenio de colaboraci\u00f3n que suscribi\u00f3 la organizaci\u00f3n con la Universidad de Ays\u00e9n y con el hecho de que una de sus directoras sea docente de las estudiantes beneficiadas.<\/p>\n<\/div><\/section><\/div><div  style='height:50px' class='hr hr-invisible   avia-builder-el-6  el_after_av_one_full  el_before_av_social_share '><span class='hr-inner ' ><span class='hr-inner-style'><\/span><\/span><\/div><\/p>\n<div  class='av-social-sharing-box  avia-builder-el-7  el_after_av_hr  el_before_av_hr  '><div class='av-share-box'><h5 class='av-share-link-description av-no-toc '>Compartir esta noticia<\/h5><ul class='av-share-box-list noLightbox'><li class='av-share-link av-social-link-facebook' ><a target=\"_blank\" aria-label=\"Compartir en Facebook\" href='https:\/\/www.facebook.com\/sharer.php?u=https:\/\/radiorevelacionfm.cl\/?p=60383&#038;t=Estudiantes%20de%20la%20Universidad%20de%20Ays%C3%A9n%20exponen%20investigaci%C3%B3n%20sobre%20cuidadores%2Fas%20en%20Congreso%20Nacional%20de%20Psicolog%C3%ADa' aria-hidden='false' data-av_icon='\ue8f3' data-av_iconfont='entypo-fontello' title='' data-avia-related-tooltip='Compartir en Facebook' rel=\"noopener\"><span class='avia_hidden_link_text'>Compartir en Facebook<\/span><\/a><\/li><li class='av-share-link av-social-link-twitter' ><a target=\"_blank\" aria-label=\"Compartir en Twitter\" href='https:\/\/twitter.com\/share?text=Estudiantes%20de%20la%20Universidad%20de%20Ays%C3%A9n%20exponen%20investigaci%C3%B3n%20sobre%20cuidadores%2Fas%20en%20Congreso%20Nacional%20de%20Psicolog%C3%ADa&#038;url=https:\/\/radiorevelacionfm.cl\/?p=60383' aria-hidden='false' data-av_icon='\ue8f1' data-av_iconfont='entypo-fontello' title='' data-avia-related-tooltip='Compartir en Twitter' rel=\"noopener\"><span class='avia_hidden_link_text'>Compartir en Twitter<\/span><\/a><\/li><li class='av-share-link av-social-link-whatsapp' ><a target=\"_blank\" aria-label=\"Compartir en Whatsapp\" href='https:\/\/api.whatsapp.com\/send?text=https:\/\/radiorevelacionfm.cl\/?p=60383' aria-hidden='false' data-av_icon='\uf232' data-av_iconfont='entypo-fontello' title='' data-avia-related-tooltip='Compartir en Whatsapp' rel=\"noopener\"><span class='avia_hidden_link_text'>Compartir en Whatsapp<\/span><\/a><\/li><li class='av-share-link av-social-link-linkedin' ><a target=\"_blank\" aria-label=\"Compartir en LinkedIn\" href='https:\/\/linkedin.com\/shareArticle?mini=true&#038;title=Estudiantes%20de%20la%20Universidad%20de%20Ays%C3%A9n%20exponen%20investigaci%C3%B3n%20sobre%20cuidadores%2Fas%20en%20Congreso%20Nacional%20de%20Psicolog%C3%ADa&#038;url=https:\/\/radiorevelacionfm.cl\/?p=60383' aria-hidden='false' data-av_icon='\ue8fc' data-av_iconfont='entypo-fontello' title='' data-avia-related-tooltip='Compartir en LinkedIn' rel=\"noopener\"><span class='avia_hidden_link_text'>Compartir en LinkedIn<\/span><\/a><\/li><li class='av-share-link av-social-link-mail' ><a  aria-label=\"Compartir por correo\" href='mailto:?subject=Estudiantes%20de%20la%20Universidad%20de%20Ays%C3%A9n%20exponen%20investigaci%C3%B3n%20sobre%20cuidadores%2Fas%20en%20Congreso%20Nacional%20de%20Psicolog%C3%ADa&#038;body=https:\/\/radiorevelacionfm.cl\/?p=60383' aria-hidden='false' data-av_icon='\ue805' data-av_iconfont='entypo-fontello' title='' data-avia-related-tooltip='Compartir por correo'><span class='avia_hidden_link_text'>Compartir por correo<\/span><\/a><\/li><\/ul><\/div><\/div>\n<div  style='height:50px' class='hr hr-invisible   avia-builder-el-8  el_after_av_social_share  el_before_av_comments_list '><span class='hr-inner ' ><span class='hr-inner-style'><\/span><\/span><\/div>\n<div  class='av-buildercomment  av-blog-meta-html-info-disabled av-blog-meta-tag-disabled  '><\/div>\n","protected":false},"excerpt":{"rendered":"","protected":false},"author":1,"featured_media":60384,"comment_status":"closed","ping_status":"closed","sticky":false,"template":"","format":"standard","meta":{"footnotes":""},"categories":[49],"tags":[],"class_list":["post-60383","post","type-post","status-publish","format-standard","has-post-thumbnail","hentry","category-educacion"],"jetpack_featured_media_url":"https:\/\/radiorevelacionfm.cl\/wp-content\/uploads\/2025\/10\/Estudiantes-en-Congreso-Psicologia-1.jpeg","_links":{"self":[{"href":"https:\/\/radiorevelacionfm.cl\/index.php?rest_route=\/wp\/v2\/posts\/60383","targetHints":{"allow":["GET"]}}],"collection":[{"href":"https:\/\/radiorevelacionfm.cl\/index.php?rest_route=\/wp\/v2\/posts"}],"about":[{"href":"https:\/\/radiorevelacionfm.cl\/index.php?rest_route=\/wp\/v2\/types\/post"}],"author":[{"embeddable":true,"href":"https:\/\/radiorevelacionfm.cl\/index.php?rest_route=\/wp\/v2\/users\/1"}],"replies":[{"embeddable":true,"href":"https:\/\/radiorevelacionfm.cl\/index.php?rest_route=%2Fwp%2Fv2%2Fcomments&post=60383"}],"version-history":[{"count":2,"href":"https:\/\/radiorevelacionfm.cl\/index.php?rest_route=\/wp\/v2\/posts\/60383\/revisions"}],"predecessor-version":[{"id":60386,"href":"https:\/\/radiorevelacionfm.cl\/index.php?rest_route=\/wp\/v2\/posts\/60383\/revisions\/60386"}],"wp:featuredmedia":[{"embeddable":true,"href":"https:\/\/radiorevelacionfm.cl\/index.php?rest_route=\/wp\/v2\/media\/60384"}],"wp:attachment":[{"href":"https:\/\/radiorevelacionfm.cl\/index.php?rest_route=%2Fwp%2Fv2%2Fmedia&parent=60383"}],"wp:term":[{"taxonomy":"category","embeddable":true,"href":"https:\/\/radiorevelacionfm.cl\/index.php?rest_route=%2Fwp%2Fv2%2Fcategories&post=60383"},{"taxonomy":"post_tag","embeddable":true,"href":"https:\/\/radiorevelacionfm.cl\/index.php?rest_route=%2Fwp%2Fv2%2Ftags&post=60383"}],"curies":[{"name":"wp","href":"https:\/\/api.w.org\/{rel}","templated":true}]}}