{"id":60378,"date":"2025-10-15T17:06:51","date_gmt":"2025-10-15T20:06:51","guid":{"rendered":"https:\/\/radiorevelacionfm.cl\/?p=60378"},"modified":"2025-10-15T17:06:51","modified_gmt":"2025-10-15T20:06:51","slug":"mas-de-5600-controles-del-plan-calles-protegidas-se-han-llevado-a-cabo-en-aysen-durante-el-2025","status":"publish","type":"post","link":"https:\/\/radiorevelacionfm.cl\/?p=60378","title":{"rendered":"M\u00e1s de 5600 controles del Plan Calles Protegidas se han llevado a cabo en Ays\u00e9n durante el 2025"},"content":{"rendered":"<div class=\"flex_column av_one_full  flex_column_div av-zero-column-padding first  avia-builder-el-0  el_before_av_one_full  avia-builder-el-first  \" style='border-radius:0px; '><div  class='avia-image-container  av-styling-    avia-builder-el-1  avia-builder-el-no-sibling  avia-align-center '  itemprop=\"image\" itemscope=\"itemscope\" itemtype=\"https:\/\/schema.org\/ImageObject\"  ><div class='avia-image-container-inner'><div class='avia-image-overlay-wrap'><img decoding=\"async\" class='wp-image-60380 avia-img-lazy-loading-not-60380 avia_image' src=\"https:\/\/radiorevelacionfm.cl\/wp-content\/uploads\/2025\/10\/dsc_0113_-1_optimized.jpg\" alt='' title='dsc_0113_-(1)_optimized' height=\"600\" width=\"903\"  itemprop=\"thumbnailUrl\" srcset=\"https:\/\/radiorevelacionfm.cl\/wp-content\/uploads\/2025\/10\/dsc_0113_-1_optimized.jpg 903w, https:\/\/radiorevelacionfm.cl\/wp-content\/uploads\/2025\/10\/dsc_0113_-1_optimized-300x199.jpg 300w, https:\/\/radiorevelacionfm.cl\/wp-content\/uploads\/2025\/10\/dsc_0113_-1_optimized-768x510.jpg 768w, https:\/\/radiorevelacionfm.cl\/wp-content\/uploads\/2025\/10\/dsc_0113_-1_optimized-705x468.jpg 705w, https:\/\/radiorevelacionfm.cl\/wp-content\/uploads\/2025\/10\/dsc_0113_-1_optimized-450x299.jpg 450w, https:\/\/radiorevelacionfm.cl\/wp-content\/uploads\/2025\/10\/dsc_0113_-1_optimized-600x399.jpg 600w\" sizes=\"(max-width: 903px) 100vw, 903px\" \/><\/div><\/div><\/div><\/div><div class=\"flex_column av_one_full  flex_column_div av-zero-column-padding first  avia-builder-el-2  el_after_av_one_full  el_before_av_one_full  column-top-margin\" style='border-radius:0px; '><section class=\"av_textblock_section \"  itemscope=\"itemscope\" itemtype=\"https:\/\/schema.org\/BlogPosting\" itemprop=\"blogPost\" ><div class='avia_textblock  '   itemprop=\"text\" ><p style=\"text-align: center;\"><span style=\"font-size: 18pt;\"><b>M\u00e1s de 5600 controles del Plan Calles Protegidas se han llevado a cabo en Ays\u00e9n durante el 2025<\/b><\/span><\/p>\n<div id=\"gtx-trans\" style=\"position: absolute; left: -50px; top: 4.31534px;\">\n<div class=\"gtx-trans-icon\"><\/div>\n<\/div>\n<\/div><\/section><\/div><div class=\"flex_column av_one_full  flex_column_div av-zero-column-padding first  avia-builder-el-4  el_after_av_one_full  el_before_av_hr  column-top-margin\" style='border-radius:0px; '><section class=\"av_textblock_section \"  itemscope=\"itemscope\" itemtype=\"https:\/\/schema.org\/BlogPosting\" itemprop=\"blogPost\" ><div class='avia_textblock  '   itemprop=\"text\" ><p style=\"text-align: justify;\"><em>En el marco de la visita del jefe de la Divisi\u00f3n de Fiscalizaci\u00f3n de Transportes, \u00d3scar Carrasco, se realiz\u00f3 un recuento del trabajo realizado a nivel regional y la colaboraci\u00f3n con instituciones afines.\u00a0<\/em><\/p>\n<p style=\"text-align: justify;\">La Divisi\u00f3n de Fiscalizaci\u00f3n de Transportes (DFT) se caracteriza por abordar distintas tareas de control, tanto en la v\u00eda p\u00fablica con veh\u00edculos particulares, transporte de carga y transporte de pasajeros; como en el monitoreo de la red de subsidios de conectividad del ministerio de Transportes y Telecomunicaciones (MTT) en sus distintos modos, terrestres, mar\u00edtimos, lacustres, fluviales y a\u00e9reos.<\/p>\n<p style=\"text-align: justify;\">En este sentido el Plan Calles Protegidas, iniciativa que permite sistematizar el trabajo colaborativo con otras instituciones, ha permitido coordinar iniciativas de control con Carabineros, Senda, municipios, Servicio de Impuestos Internos, MOP, SAG, CONAF, entre otras. Esta acci\u00f3n ha permitido reforzar la presencia del DFT y de esta forma velar por una mayor seguridad en las v\u00edas velando por el cumplimiento de la normativa de tr\u00e1nsito.<\/p>\n<p style=\"text-align: justify;\">Para constatar el trabajo realizado en Ays\u00e9n y el trabajo en conjunto con otras instituciones reforzado por el Plan Calles Protegidas el jefe de la DFT, \u00d3scar Carrasco se sum\u00f3 a actividades de control en la comuna de Ays\u00e9n, con visita inspectiva a la Planta de Revisi\u00f3n T\u00e9cnica, y fiscalizaciones a transporte de carga y embarcaci\u00f3n subsidiada Leptepu en Puerto Chacabuco, instancia en la que se sumaron efectivos de la polic\u00eda mar\u00edtima de la Armada.<\/p>\n<p style=\"text-align: justify;\">En la oportunidad el Jefe de la DFT, destac\u00f3 la labor realizada por los inspectores en donde \u201cen lo que va del a\u00f1o se registra un total de 21 operativos conjuntos con otras instituciones y un total de 5666 controles vehiculares a transporte de carga, veh\u00edculos particulares y taxis en todas sus modalidades\u201d.<\/p>\n<p style=\"text-align: justify;\">Carrasco destac\u00f3 adem\u00e1s la presencia regional de los inspectores ya que \u201cesta es una regi\u00f3n que adem\u00e1s cuenta con una gran dispersi\u00f3n geogr\u00e1fica y en donde los subsidios de transportes son muy relevantes para la conectividad. A agosto de este a\u00f1o 300 servicios subvencionados han sido controlados por la DFT, que se encarga de que se respeten las condiciones contractuales para brindar un buen servicio a los usuarios\u201d.<\/p>\n<\/div><\/section><\/div><div  style='height:50px' class='hr hr-invisible   avia-builder-el-6  el_after_av_one_full  el_before_av_social_share '><span class='hr-inner ' ><span class='hr-inner-style'><\/span><\/span><\/div><\/p>\n<div  class='av-social-sharing-box  avia-builder-el-7  el_after_av_hr  el_before_av_hr  '><div class='av-share-box'><h5 class='av-share-link-description av-no-toc '>Compartir esta noticia<\/h5><ul class='av-share-box-list noLightbox'><li class='av-share-link av-social-link-facebook' ><a target=\"_blank\" aria-label=\"Compartir en Facebook\" href='https:\/\/www.facebook.com\/sharer.php?u=https:\/\/radiorevelacionfm.cl\/?p=60378&#038;t=M%C3%A1s%20de%205600%20controles%20del%20Plan%20Calles%20Protegidas%20se%20han%20llevado%20a%20cabo%20en%20Ays%C3%A9n%20durante%20el%202025' aria-hidden='false' data-av_icon='\ue8f3' data-av_iconfont='entypo-fontello' title='' data-avia-related-tooltip='Compartir en Facebook' rel=\"noopener\"><span class='avia_hidden_link_text'>Compartir en Facebook<\/span><\/a><\/li><li class='av-share-link av-social-link-twitter' ><a target=\"_blank\" aria-label=\"Compartir en Twitter\" href='https:\/\/twitter.com\/share?text=M%C3%A1s%20de%205600%20controles%20del%20Plan%20Calles%20Protegidas%20se%20han%20llevado%20a%20cabo%20en%20Ays%C3%A9n%20durante%20el%202025&#038;url=https:\/\/radiorevelacionfm.cl\/?p=60378' aria-hidden='false' data-av_icon='\ue8f1' data-av_iconfont='entypo-fontello' title='' data-avia-related-tooltip='Compartir en Twitter' rel=\"noopener\"><span class='avia_hidden_link_text'>Compartir en Twitter<\/span><\/a><\/li><li class='av-share-link av-social-link-whatsapp' ><a target=\"_blank\" aria-label=\"Compartir en Whatsapp\" href='https:\/\/api.whatsapp.com\/send?text=https:\/\/radiorevelacionfm.cl\/?p=60378' aria-hidden='false' data-av_icon='\uf232' data-av_iconfont='entypo-fontello' title='' data-avia-related-tooltip='Compartir en Whatsapp' rel=\"noopener\"><span class='avia_hidden_link_text'>Compartir en Whatsapp<\/span><\/a><\/li><li class='av-share-link av-social-link-linkedin' ><a target=\"_blank\" aria-label=\"Compartir en LinkedIn\" href='https:\/\/linkedin.com\/shareArticle?mini=true&#038;title=M%C3%A1s%20de%205600%20controles%20del%20Plan%20Calles%20Protegidas%20se%20han%20llevado%20a%20cabo%20en%20Ays%C3%A9n%20durante%20el%202025&#038;url=https:\/\/radiorevelacionfm.cl\/?p=60378' aria-hidden='false' data-av_icon='\ue8fc' data-av_iconfont='entypo-fontello' title='' data-avia-related-tooltip='Compartir en LinkedIn' rel=\"noopener\"><span class='avia_hidden_link_text'>Compartir en LinkedIn<\/span><\/a><\/li><li class='av-share-link av-social-link-mail' ><a  aria-label=\"Compartir por correo\" href='mailto:?subject=M%C3%A1s%20de%205600%20controles%20del%20Plan%20Calles%20Protegidas%20se%20han%20llevado%20a%20cabo%20en%20Ays%C3%A9n%20durante%20el%202025&#038;body=https:\/\/radiorevelacionfm.cl\/?p=60378' aria-hidden='false' data-av_icon='\ue805' data-av_iconfont='entypo-fontello' title='' data-avia-related-tooltip='Compartir por correo'><span class='avia_hidden_link_text'>Compartir por correo<\/span><\/a><\/li><\/ul><\/div><\/div>\n<div  style='height:50px' class='hr hr-invisible   avia-builder-el-8  el_after_av_social_share  el_before_av_comments_list '><span class='hr-inner ' ><span class='hr-inner-style'><\/span><\/span><\/div>\n<div  class='av-buildercomment  av-blog-meta-html-info-disabled av-blog-meta-tag-disabled  '><\/div>\n","protected":false},"excerpt":{"rendered":"","protected":false},"author":1,"featured_media":60380,"comment_status":"closed","ping_status":"closed","sticky":false,"template":"","format":"standard","meta":{"footnotes":""},"categories":[59],"tags":[],"class_list":["post-60378","post","type-post","status-publish","format-standard","has-post-thumbnail","hentry","category-transporte"],"jetpack_featured_media_url":"https:\/\/radiorevelacionfm.cl\/wp-content\/uploads\/2025\/10\/dsc_0113_-1_optimized.jpg","_links":{"self":[{"href":"https:\/\/radiorevelacionfm.cl\/index.php?rest_route=\/wp\/v2\/posts\/60378","targetHints":{"allow":["GET"]}}],"collection":[{"href":"https:\/\/radiorevelacionfm.cl\/index.php?rest_route=\/wp\/v2\/posts"}],"about":[{"href":"https:\/\/radiorevelacionfm.cl\/index.php?rest_route=\/wp\/v2\/types\/post"}],"author":[{"embeddable":true,"href":"https:\/\/radiorevelacionfm.cl\/index.php?rest_route=\/wp\/v2\/users\/1"}],"replies":[{"embeddable":true,"href":"https:\/\/radiorevelacionfm.cl\/index.php?rest_route=%2Fwp%2Fv2%2Fcomments&post=60378"}],"version-history":[{"count":2,"href":"https:\/\/radiorevelacionfm.cl\/index.php?rest_route=\/wp\/v2\/posts\/60378\/revisions"}],"predecessor-version":[{"id":60382,"href":"https:\/\/radiorevelacionfm.cl\/index.php?rest_route=\/wp\/v2\/posts\/60378\/revisions\/60382"}],"wp:featuredmedia":[{"embeddable":true,"href":"https:\/\/radiorevelacionfm.cl\/index.php?rest_route=\/wp\/v2\/media\/60380"}],"wp:attachment":[{"href":"https:\/\/radiorevelacionfm.cl\/index.php?rest_route=%2Fwp%2Fv2%2Fmedia&parent=60378"}],"wp:term":[{"taxonomy":"category","embeddable":true,"href":"https:\/\/radiorevelacionfm.cl\/index.php?rest_route=%2Fwp%2Fv2%2Fcategories&post=60378"},{"taxonomy":"post_tag","embeddable":true,"href":"https:\/\/radiorevelacionfm.cl\/index.php?rest_route=%2Fwp%2Fv2%2Ftags&post=60378"}],"curies":[{"name":"wp","href":"https:\/\/api.w.org\/{rel}","templated":true}]}}