{"id":60374,"date":"2025-10-15T16:34:23","date_gmt":"2025-10-15T19:34:23","guid":{"rendered":"https:\/\/radiorevelacionfm.cl\/?p=60374"},"modified":"2025-10-15T16:34:23","modified_gmt":"2025-10-15T19:34:23","slug":"ley-de-presupuestos-2026-enfoque-en-las-familias-seguridad-y-desarrollo-sostenible","status":"publish","type":"post","link":"https:\/\/radiorevelacionfm.cl\/?p=60374","title":{"rendered":"Ley de Presupuestos 2026: Enfoque en las familias, seguridad y desarrollo sostenible"},"content":{"rendered":"<div class=\"flex_column av_one_full  flex_column_div av-zero-column-padding first  avia-builder-el-0  el_before_av_one_full  avia-builder-el-first  \" style='border-radius:0px; '><div  class='avia-image-container  av-styling-    avia-builder-el-1  avia-builder-el-no-sibling  avia-align-center '  itemprop=\"image\" itemscope=\"itemscope\" itemtype=\"https:\/\/schema.org\/ImageObject\"  ><div class='avia-image-container-inner'><div class='avia-image-overlay-wrap'><img decoding=\"async\" class='wp-image-60375 avia-img-lazy-loading-not-60375 avia_image' src=\"https:\/\/radiorevelacionfm.cl\/wp-content\/uploads\/2025\/10\/presupuesto_2026-1_optimized-1.jpg\" alt='' title='presupuesto_2026-(1)_optimized (1)' height=\"600\" width=\"1565\"  itemprop=\"thumbnailUrl\" srcset=\"https:\/\/radiorevelacionfm.cl\/wp-content\/uploads\/2025\/10\/presupuesto_2026-1_optimized-1.jpg 1565w, https:\/\/radiorevelacionfm.cl\/wp-content\/uploads\/2025\/10\/presupuesto_2026-1_optimized-1-300x115.jpg 300w, https:\/\/radiorevelacionfm.cl\/wp-content\/uploads\/2025\/10\/presupuesto_2026-1_optimized-1-1030x395.jpg 1030w, https:\/\/radiorevelacionfm.cl\/wp-content\/uploads\/2025\/10\/presupuesto_2026-1_optimized-1-768x294.jpg 768w, https:\/\/radiorevelacionfm.cl\/wp-content\/uploads\/2025\/10\/presupuesto_2026-1_optimized-1-1536x589.jpg 1536w, https:\/\/radiorevelacionfm.cl\/wp-content\/uploads\/2025\/10\/presupuesto_2026-1_optimized-1-1500x575.jpg 1500w, https:\/\/radiorevelacionfm.cl\/wp-content\/uploads\/2025\/10\/presupuesto_2026-1_optimized-1-705x270.jpg 705w, https:\/\/radiorevelacionfm.cl\/wp-content\/uploads\/2025\/10\/presupuesto_2026-1_optimized-1-450x173.jpg 450w, https:\/\/radiorevelacionfm.cl\/wp-content\/uploads\/2025\/10\/presupuesto_2026-1_optimized-1-600x230.jpg 600w\" sizes=\"(max-width: 1565px) 100vw, 1565px\" \/><\/div><\/div><\/div><\/div><div class=\"flex_column av_one_full  flex_column_div av-zero-column-padding first  avia-builder-el-2  el_after_av_one_full  el_before_av_one_full  column-top-margin\" style='border-radius:0px; '><section class=\"av_textblock_section \"  itemscope=\"itemscope\" itemtype=\"https:\/\/schema.org\/BlogPosting\" itemprop=\"blogPost\" ><div class='avia_textblock  '   itemprop=\"text\" ><p style=\"text-align: center;\"><strong><span style=\"font-size: 18pt;\">Ley de Presupuestos 2026: Enfoque en las familias, seguridad y desarrollo sostenible \u200b<\/span><\/strong><\/p>\n<div id=\"gtx-trans\" style=\"position: absolute; left: -50px; top: 4.31534px;\">\n<div class=\"gtx-trans-icon\"><\/div>\n<\/div>\n<\/div><\/section><\/div><div class=\"flex_column av_one_full  flex_column_div av-zero-column-padding first  avia-builder-el-4  el_after_av_one_full  el_before_av_hr  column-top-margin\" style='border-radius:0px; '><section class=\"av_textblock_section \"  itemscope=\"itemscope\" itemtype=\"https:\/\/schema.org\/BlogPosting\" itemprop=\"blogPost\" ><div class='avia_textblock  '   itemprop=\"text\" ><p style=\"text-align: justify;\">El Gobierno del Presidente Gabriel Boric present\u00f3 recientemente al Congreso el Proyecto de Ley de Presupuestos 2026, reafirmando su compromiso con el bienestar de las familias chilenas, la responsabilidad fiscal y la estabilidad a largo plazo. \u200b Este presupuesto prioriza \u00e1reas clave como: salud, pensiones, vivienda y seguridad p\u00fablica, con el objetivo de mejorar la calidad de vida de las personas y generar oportunidades para las pr\u00f3ximas generaciones. Los principales Ejes del Presupuesto 2026 son: Seguridad Social, Seguridad P\u00fablica y Seguridad Econ\u00f3mica.<\/p>\n<p style=\"text-align: justify;\">\u201cEl Presupuesto 2026 consolida cuatro a\u00f1os de trabajo serio y planificado, que cuida las arcas fiscales sin endeudarse m\u00e1s all\u00e1 de lo que el pa\u00eds puede sostener, porque entiende que solo as\u00ed se asegura la tranquilidad y el bienestar. De esta forma, hemos logrado avances que pueden perdurar en el tiempo, generando estabilidad y oportunidades para las pr\u00f3ximas generaciones como: el nuevo Ministerio de Seguridad, mayor dotaci\u00f3n de Carabineros, mejores pensiones, el pago de la deuda hist\u00f3rica a los profesores, entre otros logros\u201d, se\u00f1al\u00f3 \u00darsula Mix, Seremi de Gobierno.<\/p>\n<p style=\"text-align: justify;\">En Salud el proyecto de Ley de Presupuesto plantea un incremento del 5,6% en recursos para esta \u00e1rea entre 2025 y 2026, a nivel nacional. \u200bCon ello, m\u00e1s de 115.000 cirug\u00edas ser\u00e1n financiadas para reducir listas de espera. \u200bAdem\u00e1s, el nuevo Decreto GES 2025-2028 incluir\u00e1 tres nuevas patolog\u00edas, marcando la mayor inversi\u00f3n en GES desde su creaci\u00f3n. \u200b<\/p>\n<p style=\"text-align: justify;\">En cuanto a las Pensiones, que favorecen a las y los adultos mayores, lo m\u00e1s destacado es que se plantea un aumento del 55% en el presupuesto durante este per\u00edodo de gobierno. \u200bEn el 2026, la Pensi\u00f3n Garantizada Universal (PGU) subir\u00e1 a $250.000 para personas de 75 a\u00f1os o m\u00e1s, junto con nuevos beneficios por a\u00f1os cotizados y compensaciones para mujeres. \u200b<\/p>\n<p style=\"text-align: justify;\">En el \u00edtem Vivienda, a nivel pa\u00eds, los recursos 2026 crecen un 7,6% con el fin de dar continuidad a las pol\u00edticas para enfrentar el d\u00e9ficit habitacional, para continuar con los programas de mejoramiento de viviendas y promover una gesti\u00f3n de suelo que fortalezca el rol p\u00fablico en la planificaci\u00f3n urbana.<\/p>\n<p style=\"text-align: justify;\">Otro tema importante para el Gobierno del Presidente Gabriel Boric, ha sido poner en funcionamiento el Sistema Nacional de Cuidados. La propuesta del Ejecutivo en esta materia tendr\u00eda un incremento del 300% en el presupuesto de la Red Local de Apoyos y Cuidados.<\/p>\n<p style=\"text-align: justify;\">En Educaci\u00f3n, la propuesta es que el pr\u00f3ximo a\u00f1o se destinen casi $52 mil millones para el pago de la deuda hist\u00f3rica a m\u00e1s de 57.000 docentes. Desde el inicio el Gobierno asumi\u00f3 el compromiso de avanzar en una soluci\u00f3n concreta y viable para la denominada deuda hist\u00f3rica, demanda sostenida durante d\u00e9cadas por miles de docentes a lo largo de todo el pa\u00eds. Se espera que este viernes 17 de octubre -un d\u00eda despu\u00e9s del D\u00eda del Profesor- se realicen los primeros pagos del bono a los profesores que por d\u00e9cadas no encontraron respuesta a esta demanda.<\/p>\n<p style=\"text-align: justify;\">En Seguridad P\u00fablica, el presupuesto 2026 contempla un crecimiento del 16,7% en el presupuesto de seguridad y orden p\u00fablico. \u200bLa formaci\u00f3n de 3.700 nuevos Carabineros, 700 detectives y 250 agentes de la PDI. \u200bLa renovaci\u00f3n de m\u00e1s de 1.000 veh\u00edculos para Carabineros y 130 para la PDI, as\u00ed como la implementaci\u00f3n del Ministerio de Seguridad P\u00fablica y la creaci\u00f3n de la Fiscal\u00eda Supraterritorial. \u200b<\/p>\n<p style=\"text-align: justify;\">La propuesta del Ministerio de Obras P\u00fablicas \u2013MOP- contempla $4,39 billones, de los cuales $3,27 billones se destinar\u00e1n a inversi\u00f3n. La cartera priorizar\u00e1 obras de integraci\u00f3n territorial y conservaci\u00f3n vial, junto con proyectos de seguridad h\u00eddrica y resiliencia frente a desastres.<\/p>\n<p style=\"text-align: justify;\">En cuanto a Seguridad Econ\u00f3mica, se proyecta que la Ley de Cumplimiento Tributario permitir\u00e1 financiar la Reforma de Pensiones y fortalecer la inversi\u00f3n en seguridad. Adem\u00e1s, m\u00e1s de $227 mil millones del royalty minero ser\u00e1n distribuidos en gobiernos regionales y municipalidades.<\/p>\n<p style=\"text-align: justify;\">\u201cEl presupuesto del a\u00f1o 2026 da cuenta de un trabajo serio y planificado que cuida las arcas fiscales, como lo hace una familia. Sabemos que hay que tener responsabilidad fiscal, pero tambi\u00e9n responsabilidad social respecto a los avances que se han ido logrando en los \u00faltimos a\u00f1os, especialmente en materia de vivienda, seguridad, mejores pensiones, y por ejemplo en salud con el copago cero. Esta iniciativa est\u00e1 en l\u00ednea con las necesidades de las familias de Chile porque son parte de los principales focos que tenemos como gobierno\u201d indic\u00f3, Felipe Rojas, Seremi de Econom\u00eda, Fomento y Turismo.<\/p>\n<p style=\"text-align: justify;\"><strong>Presupuesto en Ays\u00e9n<\/strong><\/p>\n<p style=\"text-align: justify;\">En la regi\u00f3n, durante estos 4 a\u00f1os se han visto incrementos importantes en temas presupuestarios, como en el \u00e1rea de Salud, donde se observa un aumento de 30,3\u202f% para 2025 respecto a 2024. Adem\u00e1s el Servicio de Salud Ays\u00e9n experimentar\u00e1 un aumento del 86\u202f% en los recursos operacionales respecto a su ejecuci\u00f3n actual, lo que garantiza m\u00e1s y mejor atenci\u00f3n en hospitales, consultorios y postas rurales.<\/p>\n<p style=\"text-align: justify;\">Por otra parte, casi mil viviendas est\u00e1n en plena ejecuci\u00f3n, 1.369 que ya fueron entregadas y otras 461, que podr\u00edan empezar en los pr\u00f3ximos meses, seg\u00fan el \u00faltimo informe de avance del Plan de Emergencia Habitacional del Gobierno para la regi\u00f3n de Ays\u00e9n. El presupuesto del sector vivienda en Ays\u00e9n pas\u00f3 de 90 mil millones de pesos en 2024 a 117 mil millones en 2025.<\/p>\n<p style=\"text-align: justify;\">En el \u00edtem de Transportes, el Presupuesto ha aumentado m\u00e1s de un 50% en la regi\u00f3n, en relaci\u00f3n al periodo anterior. La propuesta del Gobierno es la construcci\u00f3n de transbordadores y continuar con los subsidios al transporte en la regi\u00f3n de Ays\u00e9n, aumentando de esta forma la conectividad de los habitantes, especialmente en las zonas m\u00e1s aisladas.<\/p>\n<p style=\"text-align: justify;\">El presupuesto MOP 2026 para Ays\u00e9n superar\u00e1 los $170 mil millones para infraestructura, modernizaci\u00f3n hospitalaria y conectividad. Los fondos se destinar\u00e1n a proyectos claves. Cabe se\u00f1alar, que el presupuesto de esta cartera en la regi\u00f3n aument\u00f3 un 23, 4 % en estos cuatro a\u00f1os de Gobierno del Presidente Gabriel Boric.<\/p>\n<p style=\"text-align: justify;\"><strong>Presupuestos de Gobiernos Regionales\u00a0 <\/strong><\/p>\n<p style=\"text-align: justify;\">La asignaci\u00f3n de recursos para los gobiernos regionales responde a criterios t\u00e9cnicos y de ejecuci\u00f3n. Lo que se busca es que los recursos lleguen donde se usan bien. Si bien para 2026 se observa una leve disminuci\u00f3n de menos de 2% en los recursos para los gobiernos regionales respecto de la Ley de Presupuestos de 2025, los recursos no disminuyen al comparar con el presupuesto que tuvieron efectivamente los gobiernos regionales este a\u00f1o, luego de que en enero se aplicara un ajuste mandatado por el Congreso. Adem\u00e1s, es importante recordar que en este Gobierno se legisl\u00f3 el Royalty a la Miner\u00eda, una nueva fuente de ingresos permanente que permitir\u00e1 aumentar en m\u00e1s de un 10% los presupuestos de los gobiernos regionales en este per\u00edodo.<\/p>\n<p style=\"text-align: justify;\">Esto es posible gracias a que el proyecto de Ley de Presupuestos 2026 contin\u00faa con el impulso a la inversi\u00f3n productiva con \u00e9nfasis regional, a trav\u00e9s del Fondo Regional para la Productividad y el Desarrollo. Este fondo asigna recursos a proyectos, planes y programas de los gobiernos regionales, que tengan por objetivo el fomento de actividades productivas, de desarrollo regional y la promoci\u00f3n de la investigaci\u00f3n cient\u00edfica y tecnol\u00f3gica. De acuerdo con lo establecido en la Ley sobre el Royalty a la Miner\u00eda, este fondo superar\u00e1 los $227 mil millones en 2026, recursos que se distribuir\u00e1n entre las 16 regiones del pa\u00eds a partir de criterios objetivos de pobreza y caracter\u00edsticas territoriales.<\/p>\n<p style=\"text-align: justify;\">Esta administraci\u00f3n ha impulsado cambios relevantes para fortalecer a los gobiernos regionales. Por ejemplo, desde 2023 estos tienen una partida presupuestaria propia, independiente del Ministerio del Interior. Tanto el Presupuesto de 2025 como esta nueva propuesta incluyen modificaciones para facilitar la ejecuci\u00f3n presupuestaria sin descuidar las exigencias de buen uso de los recursos. Y si bien se han hecho mejoras anuales, en 2023 el Gobierno present\u00f3 el proyecto de ley Regiones M\u00e1s Fuertes, para garantizar una institucionalidad presupuestaria permanente a los gobiernos regionales, que no vaya cambiando con cada Ley de Presupuestos.<\/p>\n<p style=\"text-align: justify;\">Esta propuesta de Presupuesto 2026 y estos cuatro a\u00f1os de Gobierno, reflejan el compromiso con la inversi\u00f3n en las personas, la sostenibilidad y el desarrollo equitativo, asegurando un futuro m\u00e1s pr\u00f3spero y seguro para todas y todos los chilenos.<\/p>\n<\/div><\/section><\/div><div  style='height:50px' class='hr hr-invisible   avia-builder-el-6  el_after_av_one_full  el_before_av_social_share '><span class='hr-inner ' ><span class='hr-inner-style'><\/span><\/span><\/div><\/p>\n<div  class='av-social-sharing-box  avia-builder-el-7  el_after_av_hr  el_before_av_hr  '><div class='av-share-box'><h5 class='av-share-link-description av-no-toc '>Compartir esta noticia<\/h5><ul class='av-share-box-list noLightbox'><li class='av-share-link av-social-link-facebook' ><a target=\"_blank\" aria-label=\"Compartir en Facebook\" href='https:\/\/www.facebook.com\/sharer.php?u=https:\/\/radiorevelacionfm.cl\/?p=60374&#038;t=Ley%20de%20Presupuestos%202026%3A%20Enfoque%20en%20las%20familias%2C%20seguridad%20y%20desarrollo%20sostenible' aria-hidden='false' data-av_icon='\ue8f3' data-av_iconfont='entypo-fontello' title='' data-avia-related-tooltip='Compartir en Facebook' rel=\"noopener\"><span class='avia_hidden_link_text'>Compartir en Facebook<\/span><\/a><\/li><li class='av-share-link av-social-link-twitter' ><a target=\"_blank\" aria-label=\"Compartir en Twitter\" href='https:\/\/twitter.com\/share?text=Ley%20de%20Presupuestos%202026%3A%20Enfoque%20en%20las%20familias%2C%20seguridad%20y%20desarrollo%20sostenible&#038;url=https:\/\/radiorevelacionfm.cl\/?p=60374' aria-hidden='false' data-av_icon='\ue8f1' data-av_iconfont='entypo-fontello' title='' data-avia-related-tooltip='Compartir en Twitter' rel=\"noopener\"><span class='avia_hidden_link_text'>Compartir en Twitter<\/span><\/a><\/li><li class='av-share-link av-social-link-whatsapp' ><a target=\"_blank\" aria-label=\"Compartir en Whatsapp\" href='https:\/\/api.whatsapp.com\/send?text=https:\/\/radiorevelacionfm.cl\/?p=60374' aria-hidden='false' data-av_icon='\uf232' data-av_iconfont='entypo-fontello' title='' data-avia-related-tooltip='Compartir en Whatsapp' rel=\"noopener\"><span class='avia_hidden_link_text'>Compartir en Whatsapp<\/span><\/a><\/li><li class='av-share-link av-social-link-linkedin' ><a target=\"_blank\" aria-label=\"Compartir en LinkedIn\" href='https:\/\/linkedin.com\/shareArticle?mini=true&#038;title=Ley%20de%20Presupuestos%202026%3A%20Enfoque%20en%20las%20familias%2C%20seguridad%20y%20desarrollo%20sostenible&#038;url=https:\/\/radiorevelacionfm.cl\/?p=60374' aria-hidden='false' data-av_icon='\ue8fc' data-av_iconfont='entypo-fontello' title='' data-avia-related-tooltip='Compartir en LinkedIn' rel=\"noopener\"><span class='avia_hidden_link_text'>Compartir en LinkedIn<\/span><\/a><\/li><li class='av-share-link av-social-link-mail' ><a  aria-label=\"Compartir por correo\" href='mailto:?subject=Ley%20de%20Presupuestos%202026%3A%20Enfoque%20en%20las%20familias%2C%20seguridad%20y%20desarrollo%20sostenible&#038;body=https:\/\/radiorevelacionfm.cl\/?p=60374' aria-hidden='false' data-av_icon='\ue805' data-av_iconfont='entypo-fontello' title='' data-avia-related-tooltip='Compartir por correo'><span class='avia_hidden_link_text'>Compartir por correo<\/span><\/a><\/li><\/ul><\/div><\/div>\n<div  style='height:50px' class='hr hr-invisible   avia-builder-el-8  el_after_av_social_share  el_before_av_comments_list '><span class='hr-inner ' ><span class='hr-inner-style'><\/span><\/span><\/div>\n<div  class='av-buildercomment  av-blog-meta-html-info-disabled av-blog-meta-tag-disabled  '><\/div>\n","protected":false},"excerpt":{"rendered":"","protected":false},"author":1,"featured_media":60375,"comment_status":"closed","ping_status":"closed","sticky":false,"template":"","format":"standard","meta":{"footnotes":""},"categories":[38],"tags":[],"class_list":["post-60374","post","type-post","status-publish","format-standard","has-post-thumbnail","hentry","category-regional"],"jetpack_featured_media_url":"https:\/\/radiorevelacionfm.cl\/wp-content\/uploads\/2025\/10\/presupuesto_2026-1_optimized-1.jpg","_links":{"self":[{"href":"https:\/\/radiorevelacionfm.cl\/index.php?rest_route=\/wp\/v2\/posts\/60374","targetHints":{"allow":["GET"]}}],"collection":[{"href":"https:\/\/radiorevelacionfm.cl\/index.php?rest_route=\/wp\/v2\/posts"}],"about":[{"href":"https:\/\/radiorevelacionfm.cl\/index.php?rest_route=\/wp\/v2\/types\/post"}],"author":[{"embeddable":true,"href":"https:\/\/radiorevelacionfm.cl\/index.php?rest_route=\/wp\/v2\/users\/1"}],"replies":[{"embeddable":true,"href":"https:\/\/radiorevelacionfm.cl\/index.php?rest_route=%2Fwp%2Fv2%2Fcomments&post=60374"}],"version-history":[{"count":2,"href":"https:\/\/radiorevelacionfm.cl\/index.php?rest_route=\/wp\/v2\/posts\/60374\/revisions"}],"predecessor-version":[{"id":60377,"href":"https:\/\/radiorevelacionfm.cl\/index.php?rest_route=\/wp\/v2\/posts\/60374\/revisions\/60377"}],"wp:featuredmedia":[{"embeddable":true,"href":"https:\/\/radiorevelacionfm.cl\/index.php?rest_route=\/wp\/v2\/media\/60375"}],"wp:attachment":[{"href":"https:\/\/radiorevelacionfm.cl\/index.php?rest_route=%2Fwp%2Fv2%2Fmedia&parent=60374"}],"wp:term":[{"taxonomy":"category","embeddable":true,"href":"https:\/\/radiorevelacionfm.cl\/index.php?rest_route=%2Fwp%2Fv2%2Fcategories&post=60374"},{"taxonomy":"post_tag","embeddable":true,"href":"https:\/\/radiorevelacionfm.cl\/index.php?rest_route=%2Fwp%2Fv2%2Ftags&post=60374"}],"curies":[{"name":"wp","href":"https:\/\/api.w.org\/{rel}","templated":true}]}}