{"id":60367,"date":"2025-10-15T15:19:35","date_gmt":"2025-10-15T18:19:35","guid":{"rendered":"https:\/\/radiorevelacionfm.cl\/?p=60367"},"modified":"2025-10-15T15:19:35","modified_gmt":"2025-10-15T18:19:35","slug":"senda-lanza-segunda-temporada-de-la-audioserie-1412-esto-es-sin-juzgar","status":"publish","type":"post","link":"https:\/\/radiorevelacionfm.cl\/?p=60367","title":{"rendered":"SENDA lanza segunda temporada de la audioserie \u201c1412: Esto es sin juzgar\u201d"},"content":{"rendered":"<div class=\"flex_column av_one_full  flex_column_div av-zero-column-padding first  avia-builder-el-0  el_before_av_one_full  avia-builder-el-first  \" style='border-radius:0px; '><div  class='avia-image-container  av-styling-    avia-builder-el-1  avia-builder-el-no-sibling  avia-align-center '  itemprop=\"image\" itemscope=\"itemscope\" itemtype=\"https:\/\/schema.org\/ImageObject\"  ><div class='avia-image-container-inner'><div class='avia-image-overlay-wrap'><img decoding=\"async\" class='wp-image-60368 avia-img-lazy-loading-not-60368 avia_image' src=\"https:\/\/radiorevelacionfm.cl\/wp-content\/uploads\/2025\/10\/Foto-Sin-Juzgar-1-1-1.jpg\" alt='' title='Foto Sin Juzgar (1) (1) (1)' height=\"600\" width=\"900\"  itemprop=\"thumbnailUrl\" srcset=\"https:\/\/radiorevelacionfm.cl\/wp-content\/uploads\/2025\/10\/Foto-Sin-Juzgar-1-1-1.jpg 900w, https:\/\/radiorevelacionfm.cl\/wp-content\/uploads\/2025\/10\/Foto-Sin-Juzgar-1-1-1-300x200.jpg 300w, https:\/\/radiorevelacionfm.cl\/wp-content\/uploads\/2025\/10\/Foto-Sin-Juzgar-1-1-1-768x512.jpg 768w, https:\/\/radiorevelacionfm.cl\/wp-content\/uploads\/2025\/10\/Foto-Sin-Juzgar-1-1-1-705x470.jpg 705w, https:\/\/radiorevelacionfm.cl\/wp-content\/uploads\/2025\/10\/Foto-Sin-Juzgar-1-1-1-450x300.jpg 450w, https:\/\/radiorevelacionfm.cl\/wp-content\/uploads\/2025\/10\/Foto-Sin-Juzgar-1-1-1-600x400.jpg 600w\" sizes=\"(max-width: 900px) 100vw, 900px\" \/><\/div><\/div><\/div><\/div><div class=\"flex_column av_one_full  flex_column_div av-zero-column-padding first  avia-builder-el-2  el_after_av_one_full  el_before_av_one_full  column-top-margin\" style='border-radius:0px; '><section class=\"av_textblock_section \"  itemscope=\"itemscope\" itemtype=\"https:\/\/schema.org\/BlogPosting\" itemprop=\"blogPost\" ><div class='avia_textblock  '   itemprop=\"text\" ><div style=\"text-align: center;\"><span style=\"font-size: 18pt;\"><strong><span lang=\"ES\">SENDA lanza segunda temporada de la audioserie <\/span><\/strong><strong><span lang=\"ES\">\u201c1412: Esto es sin juzgar\u201d<\/span><\/strong><\/span><\/div>\n<div id=\"gtx-trans\" style=\"position: absolute; left: -50px; top: 4.31534px;\">\n<div class=\"gtx-trans-icon\"><\/div>\n<\/div>\n<\/div><\/section><\/div><div class=\"flex_column av_one_full  flex_column_div av-zero-column-padding first  avia-builder-el-4  el_after_av_one_full  el_before_av_hr  column-top-margin\" style='border-radius:0px; '><section class=\"av_textblock_section \"  itemscope=\"itemscope\" itemtype=\"https:\/\/schema.org\/BlogPosting\" itemprop=\"blogPost\" ><div class='avia_textblock  '   itemprop=\"text\" ><p style=\"font-weight: 400; text-align: justify;\"><em>La iniciativa busca derribar los estigmas asociados al consumo de alcohol y otras drogas y promover el acceso al tratamiento y la recuperaci\u00f3n.<\/em><\/p>\n<p style=\"font-weight: 400; text-align: justify;\">En el marco del Mes de la Recuperaci\u00f3n, el Servicio Nacional para la Prevenci\u00f3n y Rehabilitaci\u00f3n del Consumo de Drogas y Alcohol (SENDA) lanz\u00f3 la segunda temporada de la audioserie \u201c1412: Esto es sin juzgar\u201d, una producci\u00f3n que invita a reflexionar sobre los prejuicios que enfrentan las personas con consumo problem\u00e1tico y que busca acercar el Fono Drogas y Alcohol 1412 como un canal gratuito, confidencial y disponible las 24 horas del d\u00eda.<\/p>\n<p style=\"font-weight: 400; text-align: justify;\">La nueva temporada -protagonizada por el actor Daniel Mu\u00f1oz en el rol de consejero del 1412- incluye seis cap\u00edtulos de ficci\u00f3n que retratan diversas experiencias vinculadas al consumo, el tratamiento y la recuperaci\u00f3n. Las historias abordan tem\u00e1ticas como la comunicaci\u00f3n familiar, el estigma hacia las mujeres, los consumos en espacios laborales, el uso de drogas sint\u00e9ticas en j\u00f3venes, entre otras.<\/p>\n<p style=\"font-weight: 400; text-align: justify;\">La presentaci\u00f3n fue encabezada por el Vicepresidente de la Rep\u00fablica, \u00c1lvaro Elizalde, junto a la directora de SENDA, Natalia Riffo, y el alcalde de Puente Alto, Mat\u00edas Toledo, durante un conversatorio con vecinos y vecinas de la comuna, quienes escucharon y reflexionaron en torno al primer cap\u00edtulo \u201cCuesta Hablar\u201d, que narra la historia de una madre que teme que su hijo adolescente consume drogas y no sabe c\u00f3mo abordarlo.<\/p>\n<p style=\"font-weight: 400; text-align: justify;\">\u201cEs importante que las personas puedan atreverse a contar su situaci\u00f3n, a buscar ayuda, a comprometerse con su propia rehabilitaci\u00f3n. Ese paso, que a veces es el m\u00e1s dif\u00edcil de dar producto de los prejuicios, del temor a ser discriminado, es el fundamental para poder tener mejores resultados en las pol\u00edticas de rehabilitaci\u00f3n que se impulsan por parte de SENDA\u201d, destac\u00f3 el Vicepresidente Elizalde.<\/p>\n<p style=\"font-weight: 400; text-align: justify;\">Agreg\u00f3 que \u201ceste es el sentido de esta campa\u00f1a, el Fono 1412, para que la gente pueda tambi\u00e9n escuchar una voz amiga, alguien que sepa cu\u00e1l es su situaci\u00f3n, que pueda aconsejarla, y que es un fono gratuito y confidencial, y que ahora est\u00e1 complementado tambi\u00e9n con un sistema de chat que permite que las personas se puedan conectar conforme lo hacen especialmente los m\u00e1s j\u00f3venes\u201d.<\/p>\n<p style=\"font-weight: 400; text-align: justify;\">Seg\u00fan datos de SENDA,\u00a0<strong>tres de cada cuatro personas asocian el consumo problem\u00e1tico con caracter\u00edsticas negativas<\/strong><strong>,<\/strong>\u00a0lo que se convierte en una barrera para acceder a tratamiento y dificulta los procesos de recuperaci\u00f3n. \u201cQueremos cambiar esa mirada: nadie deber\u00eda sentirse culpable por pedir ayuda. La recuperaci\u00f3n es posible, y como sociedad tenemos el deber de acompa\u00f1ar y ofrecer oportunidades de integraci\u00f3n\u201d, agreg\u00f3 la directora de SENDA, Natalia Riffo.<\/p>\n<p>Cada a\u00f1o, m\u00e1s de 22 mil personas se comunican con el 1412 y m\u00e1s de 25 mil acceden a tratamiento gratuito en la red coordinada por SENDA, a trav\u00e9s de m\u00e1s de 500 centros de y programas de integraci\u00f3n social, que dan sostenibilidad a los procesos de recuperaci\u00f3n.<\/p>\n<p style=\"font-weight: 400; text-align: justify;\"><strong>Audioserie 1412: Esto es sin juzgar<\/strong><\/p>\n<p style=\"font-weight: 400; text-align: justify;\">La nueva temporada de \u201c1412: Esto es sin juzgar\u201d cuentan con la participaci\u00f3n de destacadas figuras del teatro y la televisi\u00f3n, como Amparo Noguera, Mariana Di Gir\u00f3lamo, Marcelo Alonso, Andrew Bargsted, Gast\u00f3n Salgado y Camila Oliva.<\/p>\n<p>La audioserie presenta historias de ficci\u00f3n invitan a ponerse en el lugar del otro y a comprender que el consumo de alcohol y otras drogas responde a m\u00faltiples factores y realidades. Est\u00e1n disponibles en Spotify y en el sitio web\u00a0<a href=\"http:\/\/www.senda.gob.cl\/\" data-saferedirecturl=\"https:\/\/www.google.com\/url?q=http:\/\/www.senda.gob.cl&amp;source=gmail&amp;ust=1760637182048000&amp;usg=AOvVaw11DVEVnrYLtFlwq2IjFqlP\">www.senda.gob.cl<\/a>\u00a0desde este 15 de octubre, con dos estrenos semanales.<\/p>\n<p>La primera temporada fue reconocida con dos premios de oro en los IAB MIXX Chile 2024, incluido el Best in Show, el m\u00e1ximo galard\u00f3n del certamen, destacando su innovaci\u00f3n en el uso del audio como herramienta de comunicaci\u00f3n en salud p\u00fablica.<\/p>\n<p style=\"font-weight: 400; text-align: justify;\"><strong>Mes de la Recuperaci\u00f3n<\/strong><\/p>\n<p style=\"font-weight: 400; text-align: justify;\">El lanzamiento de esta segunda temporada se enmarca en el Mes de la Recuperaci\u00f3n 2025, que busca visibilizar que es posible superar los consumos problem\u00e1ticos de alcohol y otras drogas cuando existe una red de apoyo disponible y se reducen las barreras y estigmas. Para ello, SENDA cuenta con los siguientes programas:<\/p>\n<ul style=\"font-weight: 400;\">\n<li style=\"text-align: justify;\"><strong>1412<\/strong>. Es un servicio telef\u00f3nico gratuito y confidencial que brinda orientaci\u00f3n y contenci\u00f3n a personas afectadas por el consumo de drogas, disponible 24\/7. Anualmente atiende m\u00e1s de 22 mil llamadas. En 2025, sum\u00f3 un canal de chat en\u00a0<a href=\"http:\/\/senda.gob.cl\/\" data-saferedirecturl=\"https:\/\/www.google.com\/url?q=http:\/\/senda.gob.cl&amp;source=gmail&amp;ust=1760637182048000&amp;usg=AOvVaw0axkVv8X6rOtonEkJ3Wd9i\">senda.gob.cl<\/a>, disponible de lunes a domingo entre 08:00 y 20:00 horas, para facilitar el acceso de p\u00fablicos m\u00e1s j\u00f3venes.<\/li>\n<li style=\"text-align: justify;\"><strong>Tratamiento:\u00a0<\/strong>Una red de m\u00e1s de 500 centros que brindan tratamiento 100% gratuito en modalidades residencial y ambulatoria. Disponible para mayores de 18 a\u00f1os afiliados a Fonasa, o para ni\u00f1os, ni\u00f1as y adolescentes, independiente de su previsi\u00f3n.<\/li>\n<li style=\"text-align: justify;\"><strong>Integraci\u00f3n Social:\u00a0<\/strong>SENDA impulsa programas de integraci\u00f3n social, como las Viviendas de Apoyo a la Integraci\u00f3n Social (VAIS), el Programa de Orientaci\u00f3n Sociolaboral (OSL), que acompa\u00f1an a las personas que egresan de tratamiento para fortalecer sus procesos de cambio y reinserci\u00f3n.<\/li>\n<\/ul>\n<\/div><\/section><\/div><div  style='height:50px' class='hr hr-invisible   avia-builder-el-6  el_after_av_one_full  el_before_av_social_share '><span class='hr-inner ' ><span class='hr-inner-style'><\/span><\/span><\/div><\/p>\n<div  class='av-social-sharing-box  avia-builder-el-7  el_after_av_hr  el_before_av_hr  '><div class='av-share-box'><h5 class='av-share-link-description av-no-toc '>Compartir esta noticia<\/h5><ul class='av-share-box-list noLightbox'><li class='av-share-link av-social-link-facebook' ><a target=\"_blank\" aria-label=\"Compartir en Facebook\" href='https:\/\/www.facebook.com\/sharer.php?u=https:\/\/radiorevelacionfm.cl\/?p=60367&#038;t=SENDA%20lanza%20segunda%20temporada%20de%20la%20audioserie%20%E2%80%9C1412%3A%20Esto%20es%20sin%20juzgar%E2%80%9D' aria-hidden='false' data-av_icon='\ue8f3' data-av_iconfont='entypo-fontello' title='' data-avia-related-tooltip='Compartir en Facebook' rel=\"noopener\"><span class='avia_hidden_link_text'>Compartir en Facebook<\/span><\/a><\/li><li class='av-share-link av-social-link-twitter' ><a target=\"_blank\" aria-label=\"Compartir en Twitter\" href='https:\/\/twitter.com\/share?text=SENDA%20lanza%20segunda%20temporada%20de%20la%20audioserie%20%E2%80%9C1412%3A%20Esto%20es%20sin%20juzgar%E2%80%9D&#038;url=https:\/\/radiorevelacionfm.cl\/?p=60367' aria-hidden='false' data-av_icon='\ue8f1' data-av_iconfont='entypo-fontello' title='' data-avia-related-tooltip='Compartir en Twitter' rel=\"noopener\"><span class='avia_hidden_link_text'>Compartir en Twitter<\/span><\/a><\/li><li class='av-share-link av-social-link-whatsapp' ><a target=\"_blank\" aria-label=\"Compartir en Whatsapp\" href='https:\/\/api.whatsapp.com\/send?text=https:\/\/radiorevelacionfm.cl\/?p=60367' aria-hidden='false' data-av_icon='\uf232' data-av_iconfont='entypo-fontello' title='' data-avia-related-tooltip='Compartir en Whatsapp' rel=\"noopener\"><span class='avia_hidden_link_text'>Compartir en Whatsapp<\/span><\/a><\/li><li class='av-share-link av-social-link-linkedin' ><a target=\"_blank\" aria-label=\"Compartir en LinkedIn\" href='https:\/\/linkedin.com\/shareArticle?mini=true&#038;title=SENDA%20lanza%20segunda%20temporada%20de%20la%20audioserie%20%E2%80%9C1412%3A%20Esto%20es%20sin%20juzgar%E2%80%9D&#038;url=https:\/\/radiorevelacionfm.cl\/?p=60367' aria-hidden='false' data-av_icon='\ue8fc' data-av_iconfont='entypo-fontello' title='' data-avia-related-tooltip='Compartir en LinkedIn' rel=\"noopener\"><span class='avia_hidden_link_text'>Compartir en LinkedIn<\/span><\/a><\/li><li class='av-share-link av-social-link-mail' ><a  aria-label=\"Compartir por correo\" href='mailto:?subject=SENDA%20lanza%20segunda%20temporada%20de%20la%20audioserie%20%E2%80%9C1412%3A%20Esto%20es%20sin%20juzgar%E2%80%9D&#038;body=https:\/\/radiorevelacionfm.cl\/?p=60367' aria-hidden='false' data-av_icon='\ue805' data-av_iconfont='entypo-fontello' title='' data-avia-related-tooltip='Compartir por correo'><span class='avia_hidden_link_text'>Compartir por correo<\/span><\/a><\/li><\/ul><\/div><\/div>\n<div  style='height:50px' class='hr hr-invisible   avia-builder-el-8  el_after_av_social_share  el_before_av_comments_list '><span class='hr-inner ' ><span class='hr-inner-style'><\/span><\/span><\/div>\n<div  class='av-buildercomment  av-blog-meta-html-info-disabled av-blog-meta-tag-disabled  '><\/div>\n","protected":false},"excerpt":{"rendered":"","protected":false},"author":1,"featured_media":60368,"comment_status":"closed","ping_status":"closed","sticky":false,"template":"","format":"standard","meta":{"footnotes":""},"categories":[61],"tags":[],"class_list":["post-60367","post","type-post","status-publish","format-standard","has-post-thumbnail","hentry","category-nacional"],"jetpack_featured_media_url":"https:\/\/radiorevelacionfm.cl\/wp-content\/uploads\/2025\/10\/Foto-Sin-Juzgar-1-1-1.jpg","_links":{"self":[{"href":"https:\/\/radiorevelacionfm.cl\/index.php?rest_route=\/wp\/v2\/posts\/60367","targetHints":{"allow":["GET"]}}],"collection":[{"href":"https:\/\/radiorevelacionfm.cl\/index.php?rest_route=\/wp\/v2\/posts"}],"about":[{"href":"https:\/\/radiorevelacionfm.cl\/index.php?rest_route=\/wp\/v2\/types\/post"}],"author":[{"embeddable":true,"href":"https:\/\/radiorevelacionfm.cl\/index.php?rest_route=\/wp\/v2\/users\/1"}],"replies":[{"embeddable":true,"href":"https:\/\/radiorevelacionfm.cl\/index.php?rest_route=%2Fwp%2Fv2%2Fcomments&post=60367"}],"version-history":[{"count":2,"href":"https:\/\/radiorevelacionfm.cl\/index.php?rest_route=\/wp\/v2\/posts\/60367\/revisions"}],"predecessor-version":[{"id":60370,"href":"https:\/\/radiorevelacionfm.cl\/index.php?rest_route=\/wp\/v2\/posts\/60367\/revisions\/60370"}],"wp:featuredmedia":[{"embeddable":true,"href":"https:\/\/radiorevelacionfm.cl\/index.php?rest_route=\/wp\/v2\/media\/60368"}],"wp:attachment":[{"href":"https:\/\/radiorevelacionfm.cl\/index.php?rest_route=%2Fwp%2Fv2%2Fmedia&parent=60367"}],"wp:term":[{"taxonomy":"category","embeddable":true,"href":"https:\/\/radiorevelacionfm.cl\/index.php?rest_route=%2Fwp%2Fv2%2Fcategories&post=60367"},{"taxonomy":"post_tag","embeddable":true,"href":"https:\/\/radiorevelacionfm.cl\/index.php?rest_route=%2Fwp%2Fv2%2Ftags&post=60367"}],"curies":[{"name":"wp","href":"https:\/\/api.w.org\/{rel}","templated":true}]}}