{"id":60363,"date":"2025-10-15T11:47:37","date_gmt":"2025-10-15T14:47:37","guid":{"rendered":"https:\/\/radiorevelacionfm.cl\/?p=60363"},"modified":"2025-10-15T11:47:37","modified_gmt":"2025-10-15T14:47:37","slug":"diputada-raphael-solicito-reprogramar-creditos-de-familias-campesinas-y-citar-a-minagri-y-senapred-a-comision-de-agricultura","status":"publish","type":"post","link":"https:\/\/radiorevelacionfm.cl\/?p=60363","title":{"rendered":"Diputada Raphael solicit\u00f3 reprogramar cr\u00e9ditos de familias campesinas y citar a MINAGRI y SENAPRED a Comisi\u00f3n de Agricultura"},"content":{"rendered":"<div class=\"flex_column av_one_full  flex_column_div av-zero-column-padding first  avia-builder-el-0  el_before_av_one_full  avia-builder-el-first  \" style='border-radius:0px; '><div  class='avia-image-container  av-styling-    avia-builder-el-1  avia-builder-el-no-sibling  avia-align-center '  itemprop=\"image\" itemscope=\"itemscope\" itemtype=\"https:\/\/schema.org\/ImageObject\"  ><div class='avia-image-container-inner'><div class='avia-image-overlay-wrap'><img decoding=\"async\" class='wp-image-60364 avia-img-lazy-loading-not-60364 avia_image' src=\"https:\/\/radiorevelacionfm.cl\/wp-content\/uploads\/2025\/10\/sesion-comision-de-agricultura-1_optimized-1.jpeg\" alt='' title='sesi\u00f3n-comisi\u00f3n-de-agricultura-(1)_optimized (1)' height=\"600\" width=\"1032\"  itemprop=\"thumbnailUrl\" srcset=\"https:\/\/radiorevelacionfm.cl\/wp-content\/uploads\/2025\/10\/sesion-comision-de-agricultura-1_optimized-1.jpeg 1032w, https:\/\/radiorevelacionfm.cl\/wp-content\/uploads\/2025\/10\/sesion-comision-de-agricultura-1_optimized-1-300x174.jpeg 300w, https:\/\/radiorevelacionfm.cl\/wp-content\/uploads\/2025\/10\/sesion-comision-de-agricultura-1_optimized-1-1030x599.jpeg 1030w, https:\/\/radiorevelacionfm.cl\/wp-content\/uploads\/2025\/10\/sesion-comision-de-agricultura-1_optimized-1-768x447.jpeg 768w, https:\/\/radiorevelacionfm.cl\/wp-content\/uploads\/2025\/10\/sesion-comision-de-agricultura-1_optimized-1-705x410.jpeg 705w, https:\/\/radiorevelacionfm.cl\/wp-content\/uploads\/2025\/10\/sesion-comision-de-agricultura-1_optimized-1-450x262.jpeg 450w, https:\/\/radiorevelacionfm.cl\/wp-content\/uploads\/2025\/10\/sesion-comision-de-agricultura-1_optimized-1-600x349.jpeg 600w\" sizes=\"(max-width: 1032px) 100vw, 1032px\" \/><\/div><\/div><\/div><\/div><div class=\"flex_column av_one_full  flex_column_div av-zero-column-padding first  avia-builder-el-2  el_after_av_one_full  el_before_av_one_full  column-top-margin\" style='border-radius:0px; '><section class=\"av_textblock_section \"  itemscope=\"itemscope\" itemtype=\"https:\/\/schema.org\/BlogPosting\" itemprop=\"blogPost\" ><div class='avia_textblock  '   itemprop=\"text\" ><p style=\"text-align: center;\"><span style=\"font-size: 18pt;\"><b>Diputada Raphael solicit\u00f3 reprogramar cr\u00e9ditos de familias campesinas y citar a MINAGRI y SENAPRED a Comisi\u00f3n de Agricultura<\/b><\/span><\/p>\n<div id=\"gtx-trans\" style=\"position: absolute; left: -50px; top: 4.31534px;\">\n<div class=\"gtx-trans-icon\"><\/div>\n<\/div>\n<\/div><\/section><\/div><div class=\"flex_column av_one_full  flex_column_div av-zero-column-padding first  avia-builder-el-4  el_after_av_one_full  el_before_av_hr  column-top-margin\" style='border-radius:0px; '><section class=\"av_textblock_section \"  itemscope=\"itemscope\" itemtype=\"https:\/\/schema.org\/BlogPosting\" itemprop=\"blogPost\" ><div class='avia_textblock  '   itemprop=\"text\" ><p style=\"text-align: justify;\" align=\"justify\"><span style=\"font-family: georgia, palatino, serif; font-size: 12pt;\"><i>Adem\u00e1s, la diputada Marcia Raphael, propondr\u00e1 al Gobierno Regional de Ays\u00e9n una modificaci\u00f3n al programa de Desarrollo Provincia de los Glaciares que permita destinar recursos de emergencia para las familias de la Provincia de Capit\u00e1n Prat.<\/i><i><\/i><\/span><\/p>\n<p style=\"text-align: justify;\" align=\"justify\"><span style=\"font-family: georgia, palatino, serif; font-size: 12pt;\">En la\u00a0Comisi\u00f3n de Agricultura de la C\u00e1mara de Diputados,\u00a0Marcia Raphael Mora, expuso\u00a0junto a su par, Ren\u00e9 Alinco Bustos,\u00a0la compleja situaci\u00f3n que atraviesan las familias campesinas de la\u00a0Provincia de Capit\u00e1n Prat, afectadas por el reciente\u00a0frente de mal tiempo\u00a0que ha impactado fuertemente a la zona.\u00a0Instancia en la que solicit\u00f3 puedan exponer en una pr\u00f3xima sesi\u00f3n las m\u00e1ximas autoridades de la cartera de agricultura y tambi\u00e9n del Servicio Nacional de Prevenci\u00f3n y Respuesta ante Desastres.<\/span><\/p>\n<p style=\"text-align: justify;\" align=\"justify\"><span style=\"font-family: georgia, palatino, serif; font-size: 12pt;\">Durante su intervenci\u00f3n, la diputada Raphael\u00a0adem\u00e1s de exponer el contexto en el que se encuentran las familias campesinas de la provincia tras este frente de mal tiempo,\u00a0solicit\u00f3 que la comisi\u00f3n\u00a0cite a la ministra de Agricultura, al\u00a0subsecretario del ramo\u00a0y al\u00a0director nacional de SENAPRED, con el objetivo de conocer en detalle las medidas que se est\u00e1n implementando y definir\u00a0acciones concretas de apoyo\u00a0a las comunidades rurales.<\/span><\/p>\n<p style=\"text-align: justify;\" align=\"justify\"><span style=\"font-family: georgia, palatino, serif; font-size: 12pt;\">Asimismo, la parlamentaria pidi\u00f3 que la\u00a0Comisi\u00f3n de Agricultura oficie al\u00a0Ministerio de Agricultura e INDAP, para\u00a0que se pueda llevar a cabo\u00a0una reprogramaci\u00f3n de las deudas agr\u00edcolas,\u00a0sin intereses ni morosidad.<\/span><\/p>\n<p style=\"text-align: justify;\" align=\"justify\"><span style=\"font-family: georgia, palatino, serif; font-size: 12pt;\">\u201cNo podemos dejar solos a los campesinos de Capit\u00e1n Prat, quienes han sido duramente golpeados no solo por este frente clim\u00e1tico, sino tambi\u00e9n por la ca\u00edda en el mercado de la lana, las dificultades en la comercializaci\u00f3n ganadera, la disminuci\u00f3n de la actividad talajera y el deterioro de la infraestructura rural. Todo esto los tiene en una situaci\u00f3n cr\u00edtica\u00a0y necesitan de una respuesta del Estado y los organismos del agro ahora, no durante los pr\u00f3ximos meses o el a\u00f1o siguiente\u201d, se\u00f1al\u00f3 la diputada Raphael.<\/span><\/p>\n<p style=\"text-align: justify;\" align=\"justify\"><span style=\"font-family: georgia, palatino, serif; font-size: 12pt;\">La legisladora tambi\u00e9n advirti\u00f3 sobre\u00a0los riesgos sanitarios\u00a0que podr\u00edan afectar al ganado producto de las condiciones clim\u00e1ticas, lo que agrava la ya delicada situaci\u00f3n del sector.<\/span><\/p>\n<p style=\"text-align: justify;\" align=\"justify\"><span style=\"font-family: georgia, palatino, serif; font-size: 12pt;\">En esa l\u00ednea, Raphael inform\u00f3 que\u00a0solicitar\u00e1\u00a0al\u00a0Gobernador Regional de Ays\u00e9n\u00a0una\u00a0modificaci\u00f3n del Plan de Desarrollo de la Provincia de los Glaciares, iniciativa que contempla\u00a0$123 mil millones\u00a0en inversi\u00f3n, pero que tras cinco a\u00f1os de ejecuci\u00f3n\u00a0s\u00f3lo alcanza un 19% de avance.<\/span><\/p>\n<p style=\"text-align: justify;\" align=\"justify\"><span style=\"font-family: georgia, palatino, serif; font-size: 12pt;\">\u201cEs indispensable redirigir parte de esos recursos a\u00a0programas de urgencia y apoyo directo\u00a0para las familias campesinas de Capit\u00e1n Prat. No podemos seguir con planes de desarrollo que avanzan tan lentamente mientras las personas est\u00e1n perdiendo sus animales, sus cultivos y su sustento, pudiendo ser esta una buena oportunidad, sabemos que el gobernador est\u00e1 tambi\u00e9n comprometido con otorgar soluciones y mediante esta\u00a0v\u00eda\u00a0tambi\u00e9n podr\u00edamos entregar un apoyo importante a las familias que no est\u00e1n vinculadas a programas de INDAP\u201d, agreg\u00f3 la diputada.<\/span><\/p>\n<p style=\"text-align: justify;\" align=\"justify\"><span style=\"font-family: georgia, palatino, serif; font-size: 12pt;\">Finalmente, Raphael hizo un llamado a las autoridades nacionales y regionales a\u00a0trabajar con sentido de urgencia y coordinaci\u00f3n interinstitucional, asegurando que \u201cel mundo rural de Ays\u00e9n necesita soluciones inmediatas, no promesas a largo plazo\u201d.<\/span><\/p>\n<\/div><\/section><\/div><div  style='height:50px' class='hr hr-invisible   avia-builder-el-6  el_after_av_one_full  el_before_av_social_share '><span class='hr-inner ' ><span class='hr-inner-style'><\/span><\/span><\/div><\/p>\n<div  class='av-social-sharing-box  avia-builder-el-7  el_after_av_hr  el_before_av_hr  '><div class='av-share-box'><h5 class='av-share-link-description av-no-toc '>Compartir esta noticia<\/h5><ul class='av-share-box-list noLightbox'><li class='av-share-link av-social-link-facebook' ><a target=\"_blank\" aria-label=\"Compartir en Facebook\" href='https:\/\/www.facebook.com\/sharer.php?u=https:\/\/radiorevelacionfm.cl\/?p=60363&#038;t=Diputada%20Raphael%20solicit%C3%B3%20reprogramar%20cr%C3%A9ditos%20de%20familias%20campesinas%20y%20citar%20a%20MINAGRI%20y%20SENAPRED%20a%20Comisi%C3%B3n%20de%20Agricultura' aria-hidden='false' data-av_icon='\ue8f3' data-av_iconfont='entypo-fontello' title='' data-avia-related-tooltip='Compartir en Facebook' rel=\"noopener\"><span class='avia_hidden_link_text'>Compartir en Facebook<\/span><\/a><\/li><li class='av-share-link av-social-link-twitter' ><a target=\"_blank\" aria-label=\"Compartir en Twitter\" href='https:\/\/twitter.com\/share?text=Diputada%20Raphael%20solicit%C3%B3%20reprogramar%20cr%C3%A9ditos%20de%20familias%20campesinas%20y%20citar%20a%20MINAGRI%20y%20SENAPRED%20a%20Comisi%C3%B3n%20de%20Agricultura&#038;url=https:\/\/radiorevelacionfm.cl\/?p=60363' aria-hidden='false' data-av_icon='\ue8f1' data-av_iconfont='entypo-fontello' title='' data-avia-related-tooltip='Compartir en Twitter' rel=\"noopener\"><span class='avia_hidden_link_text'>Compartir en Twitter<\/span><\/a><\/li><li class='av-share-link av-social-link-whatsapp' ><a target=\"_blank\" aria-label=\"Compartir en Whatsapp\" href='https:\/\/api.whatsapp.com\/send?text=https:\/\/radiorevelacionfm.cl\/?p=60363' aria-hidden='false' data-av_icon='\uf232' data-av_iconfont='entypo-fontello' title='' data-avia-related-tooltip='Compartir en Whatsapp' rel=\"noopener\"><span class='avia_hidden_link_text'>Compartir en Whatsapp<\/span><\/a><\/li><li class='av-share-link av-social-link-linkedin' ><a target=\"_blank\" aria-label=\"Compartir en LinkedIn\" href='https:\/\/linkedin.com\/shareArticle?mini=true&#038;title=Diputada%20Raphael%20solicit%C3%B3%20reprogramar%20cr%C3%A9ditos%20de%20familias%20campesinas%20y%20citar%20a%20MINAGRI%20y%20SENAPRED%20a%20Comisi%C3%B3n%20de%20Agricultura&#038;url=https:\/\/radiorevelacionfm.cl\/?p=60363' aria-hidden='false' data-av_icon='\ue8fc' data-av_iconfont='entypo-fontello' title='' data-avia-related-tooltip='Compartir en LinkedIn' rel=\"noopener\"><span class='avia_hidden_link_text'>Compartir en LinkedIn<\/span><\/a><\/li><li class='av-share-link av-social-link-mail' ><a  aria-label=\"Compartir por correo\" href='mailto:?subject=Diputada%20Raphael%20solicit%C3%B3%20reprogramar%20cr%C3%A9ditos%20de%20familias%20campesinas%20y%20citar%20a%20MINAGRI%20y%20SENAPRED%20a%20Comisi%C3%B3n%20de%20Agricultura&#038;body=https:\/\/radiorevelacionfm.cl\/?p=60363' aria-hidden='false' data-av_icon='\ue805' data-av_iconfont='entypo-fontello' title='' data-avia-related-tooltip='Compartir por correo'><span class='avia_hidden_link_text'>Compartir por correo<\/span><\/a><\/li><\/ul><\/div><\/div>\n<div  style='height:50px' class='hr hr-invisible   avia-builder-el-8  el_after_av_social_share  el_before_av_comments_list '><span class='hr-inner ' ><span class='hr-inner-style'><\/span><\/span><\/div>\n<div  class='av-buildercomment  av-blog-meta-html-info-disabled av-blog-meta-tag-disabled  '><\/div>\n","protected":false},"excerpt":{"rendered":"","protected":false},"author":1,"featured_media":60364,"comment_status":"closed","ping_status":"closed","sticky":false,"template":"","format":"standard","meta":{"footnotes":""},"categories":[35],"tags":[],"class_list":["post-60363","post","type-post","status-publish","format-standard","has-post-thumbnail","hentry","category-politica"],"jetpack_featured_media_url":"https:\/\/radiorevelacionfm.cl\/wp-content\/uploads\/2025\/10\/sesion-comision-de-agricultura-1_optimized-1.jpeg","_links":{"self":[{"href":"https:\/\/radiorevelacionfm.cl\/index.php?rest_route=\/wp\/v2\/posts\/60363","targetHints":{"allow":["GET"]}}],"collection":[{"href":"https:\/\/radiorevelacionfm.cl\/index.php?rest_route=\/wp\/v2\/posts"}],"about":[{"href":"https:\/\/radiorevelacionfm.cl\/index.php?rest_route=\/wp\/v2\/types\/post"}],"author":[{"embeddable":true,"href":"https:\/\/radiorevelacionfm.cl\/index.php?rest_route=\/wp\/v2\/users\/1"}],"replies":[{"embeddable":true,"href":"https:\/\/radiorevelacionfm.cl\/index.php?rest_route=%2Fwp%2Fv2%2Fcomments&post=60363"}],"version-history":[{"count":2,"href":"https:\/\/radiorevelacionfm.cl\/index.php?rest_route=\/wp\/v2\/posts\/60363\/revisions"}],"predecessor-version":[{"id":60366,"href":"https:\/\/radiorevelacionfm.cl\/index.php?rest_route=\/wp\/v2\/posts\/60363\/revisions\/60366"}],"wp:featuredmedia":[{"embeddable":true,"href":"https:\/\/radiorevelacionfm.cl\/index.php?rest_route=\/wp\/v2\/media\/60364"}],"wp:attachment":[{"href":"https:\/\/radiorevelacionfm.cl\/index.php?rest_route=%2Fwp%2Fv2%2Fmedia&parent=60363"}],"wp:term":[{"taxonomy":"category","embeddable":true,"href":"https:\/\/radiorevelacionfm.cl\/index.php?rest_route=%2Fwp%2Fv2%2Fcategories&post=60363"},{"taxonomy":"post_tag","embeddable":true,"href":"https:\/\/radiorevelacionfm.cl\/index.php?rest_route=%2Fwp%2Fv2%2Ftags&post=60363"}],"curies":[{"name":"wp","href":"https:\/\/api.w.org\/{rel}","templated":true}]}}