{"id":60355,"date":"2025-10-15T10:23:58","date_gmt":"2025-10-15T13:23:58","guid":{"rendered":"https:\/\/radiorevelacionfm.cl\/?p=60355"},"modified":"2025-10-15T10:23:58","modified_gmt":"2025-10-15T13:23:58","slug":"mesa-de-economia-y-genero-y-defensoria-del-contribuyente-realizan-exitoso-despliegue-territorial-en-la-region-de-aysen","status":"publish","type":"post","link":"https:\/\/radiorevelacionfm.cl\/?p=60355","title":{"rendered":"Mesa de Econom\u00eda y G\u00e9nero y Defensor\u00eda del Contribuyente realizan exitoso despliegue territorial en la Regi\u00f3n de Ays\u00e9n"},"content":{"rendered":"<div class=\"flex_column av_one_full  flex_column_div av-zero-column-padding first  avia-builder-el-0  el_before_av_one_full  avia-builder-el-first  \" style='border-radius:0px; '><div  class='avia-image-container  av-styling-    avia-builder-el-1  avia-builder-el-no-sibling  avia-align-center '  itemprop=\"image\" itemscope=\"itemscope\" itemtype=\"https:\/\/schema.org\/ImageObject\"  ><div class='avia-image-container-inner'><div class='avia-image-overlay-wrap'><img decoding=\"async\" class='wp-image-60356 avia-img-lazy-loading-not-60356 avia_image' src=\"https:\/\/radiorevelacionfm.cl\/wp-content\/uploads\/2025\/10\/659b2c3c-4008-44be-9521-a754e1370388-1_optimized.jpg\" alt='' title='659b2c3c-4008-44be-9521-a754e1370388-(1)_optimized' height=\"600\" width=\"800\"  itemprop=\"thumbnailUrl\" srcset=\"https:\/\/radiorevelacionfm.cl\/wp-content\/uploads\/2025\/10\/659b2c3c-4008-44be-9521-a754e1370388-1_optimized.jpg 800w, https:\/\/radiorevelacionfm.cl\/wp-content\/uploads\/2025\/10\/659b2c3c-4008-44be-9521-a754e1370388-1_optimized-300x225.jpg 300w, https:\/\/radiorevelacionfm.cl\/wp-content\/uploads\/2025\/10\/659b2c3c-4008-44be-9521-a754e1370388-1_optimized-768x576.jpg 768w, https:\/\/radiorevelacionfm.cl\/wp-content\/uploads\/2025\/10\/659b2c3c-4008-44be-9521-a754e1370388-1_optimized-705x529.jpg 705w, https:\/\/radiorevelacionfm.cl\/wp-content\/uploads\/2025\/10\/659b2c3c-4008-44be-9521-a754e1370388-1_optimized-450x338.jpg 450w, https:\/\/radiorevelacionfm.cl\/wp-content\/uploads\/2025\/10\/659b2c3c-4008-44be-9521-a754e1370388-1_optimized-600x450.jpg 600w\" sizes=\"(max-width: 800px) 100vw, 800px\" \/><\/div><\/div><\/div><\/div><div class=\"flex_column av_one_full  flex_column_div av-zero-column-padding first  avia-builder-el-2  el_after_av_one_full  el_before_av_one_full  column-top-margin\" style='border-radius:0px; '><section class=\"av_textblock_section \"  itemscope=\"itemscope\" itemtype=\"https:\/\/schema.org\/BlogPosting\" itemprop=\"blogPost\" ><div class='avia_textblock  '   itemprop=\"text\" ><p style=\"text-align: center;\"><strong><span style=\"font-size: 18pt;\">Mesa de Econom\u00eda y G\u00e9nero y Defensor\u00eda del Contribuyente realizan exitoso despliegue territorial en la Regi\u00f3n de Ays\u00e9n<\/span><\/strong><\/p>\n<div id=\"gtx-trans\" style=\"position: absolute; left: -50px; top: 4.31534px;\">\n<div class=\"gtx-trans-icon\"><\/div>\n<\/div>\n<\/div><\/section><\/div><div class=\"flex_column av_one_full  flex_column_div av-zero-column-padding first  avia-builder-el-4  el_after_av_one_full  el_before_av_hr  column-top-margin\" style='border-radius:0px; '><section class=\"av_textblock_section \"  itemscope=\"itemscope\" itemtype=\"https:\/\/schema.org\/BlogPosting\" itemprop=\"blogPost\" ><div class='avia_textblock  '   itemprop=\"text\" ><p style=\"text-align: justify;\">En el marco de la Ley de Cumplimiento Tributario, la Mesa de Econom\u00eda y G\u00e9nero de Ays\u00e9n, liderada por el seremi de Econom\u00eda Felipe Rojas Pizarro y el Servicio Nacional de la Mujer y la Equidad de G\u00e9nero (SernamEG), realiz\u00f3 una serie de charlas y capacitaciones junto a la Defensor\u00eda del Contribuyente (DEDECON) sobre la importancia de la formalizaci\u00f3n y otras tem\u00e1ticas relevantes que se abordan nueva normativa tributaria.<\/p>\n<p style=\"text-align: justify;\">Charlas a emprendedoras y emprendedores, di\u00e1logos y talleres con ferias libres en Coyhaique y Puerto Ays\u00e9n, capacitaciones a funcionarias y funcionarios p\u00fablicos, entre otras actividades, formaron parte de una robusta agenda del despliegue territorial realizado por el equipo de DEDECON en la Regi\u00f3n de Ays\u00e9n esta semana.<\/p>\n<p style=\"text-align: justify;\">La Defensor\u00eda del Contribuyente es un servicio p\u00fablico cuya misi\u00f3n es resguardar, promover y proteger los derechos de las y los contribuyentes, principalmente de aquellos m\u00e1s vulnerables y de las micro, peque\u00f1as y medianas empresas, a trav\u00e9s de servicios gratuitos, especializados y modernos, que permitan un adecuado cumplimiento de sus obligaciones tributarias.<\/p>\n<p style=\"text-align: justify;\">El equipo de profesionales de la DEDECON lleg\u00f3 a la regi\u00f3n liderado por el subdirector del organismo; Emilio Moreno Bravo, quien coment\u00f3 que: \u201cLa Defensor\u00eda del Contribuyente posee un rol de garante en la defensa y protecci\u00f3n de los derechos de los contribuyentes, pero el mismo tiempo entrega herramientas de educaci\u00f3n tributaria y eso, nos tiene muy activos hoy en Ays\u00e9n, donde realizamos charlas de educaci\u00f3n tributaria, principalmente a ferias libres, sobre formalizaci\u00f3n y adem\u00e1s, ponemos a disposici\u00f3n programas de acompa\u00f1amiento para que se haga un seguimiento continuo y as\u00ed entregar m\u00e1s herramientas, m\u00e1s conocimiento y poco a poco lograr un mejor manejo de la hoja de ruta tributaria, que sabemos puede ser compleja. Por lo mismo, creemos que la misi\u00f3n de la Defensor\u00eda es acercar la informaci\u00f3n al contribuyente en un lenguaje simple y claro para guiarlo y para que tenga una mejor experiencia tributaria y lograr mayor confianza en este sistema\u201d.<\/p>\n<p style=\"text-align: justify;\">En este contexto, el pasado lunes 13 de octubre se realiz\u00f3 una charla en el Centro Cultural de Coyhaique, la que cont\u00f3 con la asistencia de m\u00e1s de 150 personas, referida a la importancia de la formalizaci\u00f3n para la actividad de ferias libres. Mientras que el martes 14 se realiz\u00f3 la misma actividad en la Casa de la Cultura de Puerto Ays\u00e9n, donde participaron m\u00e1s de 50 emprendedoras y emprendedores.<\/p>\n<p style=\"text-align: justify;\">Marissa Az\u00f3car, dirigente de AG Arte Patagonia, valor\u00f3 el despliegue territorial y la entrega de informaci\u00f3n por parte de DEDECON, mencionando que: \u201cMe parece maravilloso que hoy d\u00eda est\u00e9n aqu\u00ed para capacitar sobre el nuevo r\u00e9gimen tributario. Tener la oportunidad de que toda la comunidad pueda estar presente en relaci\u00f3n a las ferias libres, me parece maravilloso y adem\u00e1s, que haya llegado tanta gente interesada en el tema. Esperamos que todo esto sea de mucha ayuda para las y los feriantes\u201d.<\/p>\n<p style=\"text-align: justify;\">En este mismo contexto, Marta Soto, dirigenta de la Feria V\u00edctor Domingo Silva, manifest\u00f3 que: \u201cEs muy relevante que vengan a capacitarnos, especialmente porque son la contraparte del Servicio de Impuestos Internos, entonces que vengan a explicarnos e informar a la gente haci\u00e9ndolo extensivo a todos los emprendedores y a toda la comunidad es una muy buena noticia. M\u00e1s a\u00fan si nos vamos a registrar bajo esta normativa tributaria, la idea es que sea en pleno conocimiento\u201d.<\/p>\n<p style=\"text-align: justify;\">Por su parte, el seremi de Econom\u00eda, Fomento y Turismo de la Regi\u00f3n de Ays\u00e9n; Felipe Rojas Pizarro, relev\u00f3 la importancia de esta visita y de acercar la informaci\u00f3n al p\u00fablico objetivo. \u201cTuvimos en la Regi\u00f3n de Ays\u00e9n la visita de la Defensor\u00eda del Contribuyente para explicar los distintos alcances tributarios de formalizaci\u00f3n y resolver dudas para cada uno de los feriantes. Queremos que este proceso de implementaci\u00f3n entregue garant\u00edas y resguardo a cada uno de las y los feriantes de nuestra regi\u00f3n. Evidentemente existen otras ferias en el resto del territorio y con ellos tambi\u00e9n esperamos llegar durante los pr\u00f3ximos meses\u201d, se\u00f1al\u00f3.<\/p>\n<p style=\"text-align: justify;\">Adem\u00e1s de las charlas, durante la semana se realizaron talleres pr\u00e1cticos focalizados en pymes, reuniones de articulaci\u00f3n con Delegaci\u00f3n Presidencial Regional y Gobierno Regional de Ays\u00e9n, m\u00e1s una serie de entrevistas radiales, para difundir los alcances de la Defensor\u00eda del Contribuyente en nuestra regi\u00f3n y nuestro pa\u00eds. En ese sentido, y en relaci\u00f3n a la gran acogida que tuvieron estas jornadas en la comunidad, la directora regional del SernamEG, Patricia Baeza Cabezas, recalc\u00f3 la importancia de estas actividades para quienes participan de los programas del Servicio. \u201cRelevamos el trabajo y el avance que estamos teniendo con las mujeres en materia de autonom\u00eda econ\u00f3mica, y lo importante que es generar estas instancias de participaci\u00f3n e informaci\u00f3n para las emprendedoras de Ays\u00e9n\u201d, destac\u00f3 la directora.<\/p>\n<\/div><\/section><\/div><div  style='height:50px' class='hr hr-invisible   avia-builder-el-6  el_after_av_one_full  el_before_av_social_share '><span class='hr-inner ' ><span class='hr-inner-style'><\/span><\/span><\/div><\/p>\n<div  class='av-social-sharing-box  avia-builder-el-7  el_after_av_hr  el_before_av_hr  '><div class='av-share-box'><h5 class='av-share-link-description av-no-toc '>Compartir esta noticia<\/h5><ul class='av-share-box-list noLightbox'><li class='av-share-link av-social-link-facebook' ><a target=\"_blank\" aria-label=\"Compartir en Facebook\" href='https:\/\/www.facebook.com\/sharer.php?u=https:\/\/radiorevelacionfm.cl\/?p=60355&#038;t=Mesa%20de%20Econom%C3%ADa%20y%20G%C3%A9nero%20y%20Defensor%C3%ADa%20del%20Contribuyente%20realizan%20exitoso%20despliegue%20territorial%20en%20la%20Regi%C3%B3n%20de%20Ays%C3%A9n' aria-hidden='false' data-av_icon='\ue8f3' data-av_iconfont='entypo-fontello' title='' data-avia-related-tooltip='Compartir en Facebook' rel=\"noopener\"><span class='avia_hidden_link_text'>Compartir en Facebook<\/span><\/a><\/li><li class='av-share-link av-social-link-twitter' ><a target=\"_blank\" aria-label=\"Compartir en Twitter\" href='https:\/\/twitter.com\/share?text=Mesa%20de%20Econom%C3%ADa%20y%20G%C3%A9nero%20y%20Defensor%C3%ADa%20del%20Contribuyente%20realizan%20exitoso%20despliegue%20territorial%20en%20la%20Regi%C3%B3n%20de%20Ays%C3%A9n&#038;url=https:\/\/radiorevelacionfm.cl\/?p=60355' aria-hidden='false' data-av_icon='\ue8f1' data-av_iconfont='entypo-fontello' title='' data-avia-related-tooltip='Compartir en Twitter' rel=\"noopener\"><span class='avia_hidden_link_text'>Compartir en Twitter<\/span><\/a><\/li><li class='av-share-link av-social-link-whatsapp' ><a target=\"_blank\" aria-label=\"Compartir en Whatsapp\" href='https:\/\/api.whatsapp.com\/send?text=https:\/\/radiorevelacionfm.cl\/?p=60355' aria-hidden='false' data-av_icon='\uf232' data-av_iconfont='entypo-fontello' title='' data-avia-related-tooltip='Compartir en Whatsapp' rel=\"noopener\"><span class='avia_hidden_link_text'>Compartir en Whatsapp<\/span><\/a><\/li><li class='av-share-link av-social-link-linkedin' ><a target=\"_blank\" aria-label=\"Compartir en LinkedIn\" href='https:\/\/linkedin.com\/shareArticle?mini=true&#038;title=Mesa%20de%20Econom%C3%ADa%20y%20G%C3%A9nero%20y%20Defensor%C3%ADa%20del%20Contribuyente%20realizan%20exitoso%20despliegue%20territorial%20en%20la%20Regi%C3%B3n%20de%20Ays%C3%A9n&#038;url=https:\/\/radiorevelacionfm.cl\/?p=60355' aria-hidden='false' data-av_icon='\ue8fc' data-av_iconfont='entypo-fontello' title='' data-avia-related-tooltip='Compartir en LinkedIn' rel=\"noopener\"><span class='avia_hidden_link_text'>Compartir en LinkedIn<\/span><\/a><\/li><li class='av-share-link av-social-link-mail' ><a  aria-label=\"Compartir por correo\" href='mailto:?subject=Mesa%20de%20Econom%C3%ADa%20y%20G%C3%A9nero%20y%20Defensor%C3%ADa%20del%20Contribuyente%20realizan%20exitoso%20despliegue%20territorial%20en%20la%20Regi%C3%B3n%20de%20Ays%C3%A9n&#038;body=https:\/\/radiorevelacionfm.cl\/?p=60355' aria-hidden='false' data-av_icon='\ue805' data-av_iconfont='entypo-fontello' title='' data-avia-related-tooltip='Compartir por correo'><span class='avia_hidden_link_text'>Compartir por correo<\/span><\/a><\/li><\/ul><\/div><\/div>\n<div  style='height:50px' class='hr hr-invisible   avia-builder-el-8  el_after_av_social_share  el_before_av_comments_list '><span class='hr-inner ' ><span class='hr-inner-style'><\/span><\/span><\/div>\n<div  class='av-buildercomment  av-blog-meta-html-info-disabled av-blog-meta-tag-disabled  '><\/div>\n","protected":false},"excerpt":{"rendered":"","protected":false},"author":1,"featured_media":60356,"comment_status":"closed","ping_status":"closed","sticky":false,"template":"","format":"standard","meta":{"footnotes":""},"categories":[38],"tags":[],"class_list":["post-60355","post","type-post","status-publish","format-standard","has-post-thumbnail","hentry","category-regional"],"jetpack_featured_media_url":"https:\/\/radiorevelacionfm.cl\/wp-content\/uploads\/2025\/10\/659b2c3c-4008-44be-9521-a754e1370388-1_optimized.jpg","_links":{"self":[{"href":"https:\/\/radiorevelacionfm.cl\/index.php?rest_route=\/wp\/v2\/posts\/60355","targetHints":{"allow":["GET"]}}],"collection":[{"href":"https:\/\/radiorevelacionfm.cl\/index.php?rest_route=\/wp\/v2\/posts"}],"about":[{"href":"https:\/\/radiorevelacionfm.cl\/index.php?rest_route=\/wp\/v2\/types\/post"}],"author":[{"embeddable":true,"href":"https:\/\/radiorevelacionfm.cl\/index.php?rest_route=\/wp\/v2\/users\/1"}],"replies":[{"embeddable":true,"href":"https:\/\/radiorevelacionfm.cl\/index.php?rest_route=%2Fwp%2Fv2%2Fcomments&post=60355"}],"version-history":[{"count":2,"href":"https:\/\/radiorevelacionfm.cl\/index.php?rest_route=\/wp\/v2\/posts\/60355\/revisions"}],"predecessor-version":[{"id":60358,"href":"https:\/\/radiorevelacionfm.cl\/index.php?rest_route=\/wp\/v2\/posts\/60355\/revisions\/60358"}],"wp:featuredmedia":[{"embeddable":true,"href":"https:\/\/radiorevelacionfm.cl\/index.php?rest_route=\/wp\/v2\/media\/60356"}],"wp:attachment":[{"href":"https:\/\/radiorevelacionfm.cl\/index.php?rest_route=%2Fwp%2Fv2%2Fmedia&parent=60355"}],"wp:term":[{"taxonomy":"category","embeddable":true,"href":"https:\/\/radiorevelacionfm.cl\/index.php?rest_route=%2Fwp%2Fv2%2Fcategories&post=60355"},{"taxonomy":"post_tag","embeddable":true,"href":"https:\/\/radiorevelacionfm.cl\/index.php?rest_route=%2Fwp%2Fv2%2Ftags&post=60355"}],"curies":[{"name":"wp","href":"https:\/\/api.w.org\/{rel}","templated":true}]}}