{"id":60351,"date":"2025-10-14T21:42:31","date_gmt":"2025-10-15T00:42:31","guid":{"rendered":"https:\/\/radiorevelacionfm.cl\/?p=60351"},"modified":"2025-10-14T21:42:31","modified_gmt":"2025-10-15T00:42:31","slug":"sernac-inicia-fiscalizacion-nacional-por-ley-que-exige-informar-precio-por-unidad-de-medida","status":"publish","type":"post","link":"https:\/\/radiorevelacionfm.cl\/?p=60351","title":{"rendered":"Sernac inicia fiscalizaci\u00f3n nacional por ley que exige informar precio por unidad de medida"},"content":{"rendered":"<div class=\"flex_column av_one_full  flex_column_div av-zero-column-padding first  avia-builder-el-0  el_before_av_one_full  avia-builder-el-first  \" style='border-radius:0px; '><div  class='avia-image-container  av-styling-    avia-builder-el-1  avia-builder-el-no-sibling  avia-align-center '  itemprop=\"image\" itemscope=\"itemscope\" itemtype=\"https:\/\/schema.org\/ImageObject\"  ><div class='avia-image-container-inner'><div class='avia-image-overlay-wrap'><img decoding=\"async\" class='wp-image-60352 avia-img-lazy-loading-not-60352 avia_image' src=\"https:\/\/radiorevelacionfm.cl\/wp-content\/uploads\/2025\/10\/13_10_25-fiscalizacion-ppum-web-1-1_optimized.jpg\" alt='' title='13_10_25-fiscalizaci\u00f3n-ppum-web-(1)-(1)_optimized' height=\"600\" width=\"900\"  itemprop=\"thumbnailUrl\" srcset=\"https:\/\/radiorevelacionfm.cl\/wp-content\/uploads\/2025\/10\/13_10_25-fiscalizacion-ppum-web-1-1_optimized.jpg 900w, https:\/\/radiorevelacionfm.cl\/wp-content\/uploads\/2025\/10\/13_10_25-fiscalizacion-ppum-web-1-1_optimized-300x200.jpg 300w, https:\/\/radiorevelacionfm.cl\/wp-content\/uploads\/2025\/10\/13_10_25-fiscalizacion-ppum-web-1-1_optimized-768x512.jpg 768w, https:\/\/radiorevelacionfm.cl\/wp-content\/uploads\/2025\/10\/13_10_25-fiscalizacion-ppum-web-1-1_optimized-705x470.jpg 705w, https:\/\/radiorevelacionfm.cl\/wp-content\/uploads\/2025\/10\/13_10_25-fiscalizacion-ppum-web-1-1_optimized-450x300.jpg 450w, https:\/\/radiorevelacionfm.cl\/wp-content\/uploads\/2025\/10\/13_10_25-fiscalizacion-ppum-web-1-1_optimized-600x400.jpg 600w\" sizes=\"(max-width: 900px) 100vw, 900px\" \/><\/div><\/div><\/div><\/div><div class=\"flex_column av_one_full  flex_column_div av-zero-column-padding first  avia-builder-el-2  el_after_av_one_full  el_before_av_one_full  column-top-margin\" style='border-radius:0px; '><section class=\"av_textblock_section \"  itemscope=\"itemscope\" itemtype=\"https:\/\/schema.org\/BlogPosting\" itemprop=\"blogPost\" ><div class='avia_textblock  '   itemprop=\"text\" ><p style=\"text-align: center;\"><strong><span style=\"font-size: 18pt;\">Sernac inicia fiscalizaci\u00f3n nacional por ley que exige informar precio por unidad de medida<\/span><\/strong><\/p>\n<div id=\"gtx-trans\" style=\"position: absolute; left: -50px; top: 4.31534px;\">\n<div class=\"gtx-trans-icon\"><\/div>\n<\/div>\n<\/div><\/section><\/div><div class=\"flex_column av_one_full  flex_column_div av-zero-column-padding first  avia-builder-el-4  el_after_av_one_full  el_before_av_hr  column-top-margin\" style='border-radius:0px; '><section class=\"av_textblock_section \"  itemscope=\"itemscope\" itemtype=\"https:\/\/schema.org\/BlogPosting\" itemprop=\"blogPost\" ><div class='avia_textblock  '   itemprop=\"text\" ><ul>\n<li style=\"text-align: justify;\"><em>Las acciones se desarrollar\u00e1n entre el 13 y el 22 de octubre en 52 sucursales de supermercados del pa\u00eds.<\/em><\/li>\n<li style=\"text-align: justify;\"><em>Se fiscalizar\u00e1 aspectos generales como informaci\u00f3n clara sobre precios y servicios pero estar\u00e1 principalmente centrada en el Precio Por Unidad de Medida (PPUM).<\/em><\/li>\n<li style=\"text-align: justify;\"><em>Las empresas que incumplan la normativa se exponen a multas de hasta 300 UTM, equivalentes a cerca de 21 millones de pesos.<\/em><\/li>\n<\/ul>\n<p style=\"text-align: justify;\">El Servicio Nacional del Consumidor (SERNAC) inici\u00f3 esta semana una fiscalizaci\u00f3n a nivel nacional, a ra\u00edz del <strong>Decreto 38\/2024 <\/strong>del Ministerio de Econom\u00eda, Fomento y Turismo que establece un nuevo reglamento sobre la informaci\u00f3n del precio unitario de los productos.<\/p>\n<p style=\"text-align: justify;\">En espec\u00edfico, las fiscalizaciones se desarrollar\u00e1n entre el 13 y el 22 de octubre, en 52 sucursales de supermercados distribuidas a nivel nacional en las 16 regiones del pa\u00eds.<\/p>\n<p style=\"text-align: justify;\">Durante estas acciones, SERNAC fiscalizar\u00e1 aspectos generales como por ejemplo, informaci\u00f3n clara sobre precios, adem\u00e1s de la identificaci\u00f3n del jefe del local, pero estar\u00e1 principalmente centrada en el PPUM, verificando aspectos como que este se informe conjuntamente con el precio de venta <strong>en todos los productos que indiquen una unidad de medida.<\/strong><\/p>\n<p style=\"text-align: justify;\">En este sentido, tambi\u00e9n se constatar\u00e1 que la\u00a0altura de los caracteres del PPUM\u00a0no sea inferior al 50% de la altura de los caracteres del precio de venta, ni menor a 0.5 cm, entre otros aspectos.<\/p>\n<p style=\"text-align: justify;\"><strong>\u00bfQu\u00e9 es el PPUM? <\/strong><\/p>\n<p style=\"text-align: justify;\">Se trata de un indicador que obliga a los vendedores a informar el Precio Por Unidad de Medida (PPUM), conjuntamente con el precio de venta de cada uno de los productos.<\/p>\n<p style=\"text-align: justify;\">Para cada tipo de producto se debe utilizar la misma unidad de medida, de manera que permita la comparaci\u00f3n de precios por unidad de medida de los productos ofrecidos a las y los consumidores.<\/p>\n<p style=\"text-align: justify;\">El reglamento aplica a todos los productos, ya sea, nacionales y extranjeros comercializados en el pa\u00eds, cuyos envases o envoltorios indiquen una unidad de medida determinada, por ejemplo, en kilos, gramos, litro, mililitro, \u00e1rea como metro cuadrado, largo como metro o cent\u00edmetros, entre otras.<\/p>\n<p style=\"text-align: justify;\">En t\u00e9rminos generales, corresponde a productos como abarrotes, hogar, art\u00edculos y alimentos para mascotas, cuidado personal y cuidado personal para beb\u00e9s.<\/p>\n<p style=\"text-align: justify;\">Adem\u00e1s, aplica a los productos formados por unidades o piezas de id\u00e9ntica naturaleza que se comercializan en un mismo envase, por ejemplo, productos higi\u00e9nicos, como pa\u00f1ales o toallas higi\u00e9nicas.<\/p>\n<p style=\"text-align: justify;\">Es decir, les permite a las y los consumidores ejercer adecuadamente su derecho a la libre elecci\u00f3n, por cuanto facilita el acceso a la informaci\u00f3n, respecto de una condici\u00f3n muy relevante y que determina muchas veces la compra, como lo es el precio.<\/p>\n<p style=\"text-align: justify;\">Tras las fiscalizaciones, el SERNAC analizar\u00e1 los hallazgos para proteger los derechos de los consumidores. Las empresas que incumplan la normativa se exponen a multas de hasta 300 UTM, equivalentes a cerca de 21 millones de pesos.<\/p>\n<p style=\"text-align: justify;\"><strong>\u00a0<\/strong><\/p>\n<\/div><\/section><\/div><div  style='height:50px' class='hr hr-invisible   avia-builder-el-6  el_after_av_one_full  el_before_av_social_share '><span class='hr-inner ' ><span class='hr-inner-style'><\/span><\/span><\/div><\/p>\n<div  class='av-social-sharing-box  avia-builder-el-7  el_after_av_hr  el_before_av_hr  '><div class='av-share-box'><h5 class='av-share-link-description av-no-toc '>Compartir esta noticia<\/h5><ul class='av-share-box-list noLightbox'><li class='av-share-link av-social-link-facebook' ><a target=\"_blank\" aria-label=\"Compartir en Facebook\" href='https:\/\/www.facebook.com\/sharer.php?u=https:\/\/radiorevelacionfm.cl\/?p=60351&#038;t=Sernac%20inicia%20fiscalizaci%C3%B3n%20nacional%20por%20ley%20que%20exige%20informar%20precio%20por%20unidad%20de%20medida' aria-hidden='false' data-av_icon='\ue8f3' data-av_iconfont='entypo-fontello' title='' data-avia-related-tooltip='Compartir en Facebook' rel=\"noopener\"><span class='avia_hidden_link_text'>Compartir en Facebook<\/span><\/a><\/li><li class='av-share-link av-social-link-twitter' ><a target=\"_blank\" aria-label=\"Compartir en Twitter\" href='https:\/\/twitter.com\/share?text=Sernac%20inicia%20fiscalizaci%C3%B3n%20nacional%20por%20ley%20que%20exige%20informar%20precio%20por%20unidad%20de%20medida&#038;url=https:\/\/radiorevelacionfm.cl\/?p=60351' aria-hidden='false' data-av_icon='\ue8f1' data-av_iconfont='entypo-fontello' title='' data-avia-related-tooltip='Compartir en Twitter' rel=\"noopener\"><span class='avia_hidden_link_text'>Compartir en Twitter<\/span><\/a><\/li><li class='av-share-link av-social-link-whatsapp' ><a target=\"_blank\" aria-label=\"Compartir en Whatsapp\" href='https:\/\/api.whatsapp.com\/send?text=https:\/\/radiorevelacionfm.cl\/?p=60351' aria-hidden='false' data-av_icon='\uf232' data-av_iconfont='entypo-fontello' title='' data-avia-related-tooltip='Compartir en Whatsapp' rel=\"noopener\"><span class='avia_hidden_link_text'>Compartir en Whatsapp<\/span><\/a><\/li><li class='av-share-link av-social-link-linkedin' ><a target=\"_blank\" aria-label=\"Compartir en LinkedIn\" href='https:\/\/linkedin.com\/shareArticle?mini=true&#038;title=Sernac%20inicia%20fiscalizaci%C3%B3n%20nacional%20por%20ley%20que%20exige%20informar%20precio%20por%20unidad%20de%20medida&#038;url=https:\/\/radiorevelacionfm.cl\/?p=60351' aria-hidden='false' data-av_icon='\ue8fc' data-av_iconfont='entypo-fontello' title='' data-avia-related-tooltip='Compartir en LinkedIn' rel=\"noopener\"><span class='avia_hidden_link_text'>Compartir en LinkedIn<\/span><\/a><\/li><li class='av-share-link av-social-link-mail' ><a  aria-label=\"Compartir por correo\" href='mailto:?subject=Sernac%20inicia%20fiscalizaci%C3%B3n%20nacional%20por%20ley%20que%20exige%20informar%20precio%20por%20unidad%20de%20medida&#038;body=https:\/\/radiorevelacionfm.cl\/?p=60351' aria-hidden='false' data-av_icon='\ue805' data-av_iconfont='entypo-fontello' title='' data-avia-related-tooltip='Compartir por correo'><span class='avia_hidden_link_text'>Compartir por correo<\/span><\/a><\/li><\/ul><\/div><\/div>\n<div  style='height:50px' class='hr hr-invisible   avia-builder-el-8  el_after_av_social_share  el_before_av_comments_list '><span class='hr-inner ' ><span class='hr-inner-style'><\/span><\/span><\/div>\n<div  class='av-buildercomment  av-blog-meta-html-info-disabled av-blog-meta-tag-disabled  '><\/div>\n","protected":false},"excerpt":{"rendered":"","protected":false},"author":1,"featured_media":60352,"comment_status":"closed","ping_status":"closed","sticky":false,"template":"","format":"standard","meta":{"footnotes":""},"categories":[45],"tags":[],"class_list":["post-60351","post","type-post","status-publish","format-standard","has-post-thumbnail","hentry","category-comercio"],"jetpack_featured_media_url":"https:\/\/radiorevelacionfm.cl\/wp-content\/uploads\/2025\/10\/13_10_25-fiscalizacion-ppum-web-1-1_optimized.jpg","_links":{"self":[{"href":"https:\/\/radiorevelacionfm.cl\/index.php?rest_route=\/wp\/v2\/posts\/60351","targetHints":{"allow":["GET"]}}],"collection":[{"href":"https:\/\/radiorevelacionfm.cl\/index.php?rest_route=\/wp\/v2\/posts"}],"about":[{"href":"https:\/\/radiorevelacionfm.cl\/index.php?rest_route=\/wp\/v2\/types\/post"}],"author":[{"embeddable":true,"href":"https:\/\/radiorevelacionfm.cl\/index.php?rest_route=\/wp\/v2\/users\/1"}],"replies":[{"embeddable":true,"href":"https:\/\/radiorevelacionfm.cl\/index.php?rest_route=%2Fwp%2Fv2%2Fcomments&post=60351"}],"version-history":[{"count":2,"href":"https:\/\/radiorevelacionfm.cl\/index.php?rest_route=\/wp\/v2\/posts\/60351\/revisions"}],"predecessor-version":[{"id":60354,"href":"https:\/\/radiorevelacionfm.cl\/index.php?rest_route=\/wp\/v2\/posts\/60351\/revisions\/60354"}],"wp:featuredmedia":[{"embeddable":true,"href":"https:\/\/radiorevelacionfm.cl\/index.php?rest_route=\/wp\/v2\/media\/60352"}],"wp:attachment":[{"href":"https:\/\/radiorevelacionfm.cl\/index.php?rest_route=%2Fwp%2Fv2%2Fmedia&parent=60351"}],"wp:term":[{"taxonomy":"category","embeddable":true,"href":"https:\/\/radiorevelacionfm.cl\/index.php?rest_route=%2Fwp%2Fv2%2Fcategories&post=60351"},{"taxonomy":"post_tag","embeddable":true,"href":"https:\/\/radiorevelacionfm.cl\/index.php?rest_route=%2Fwp%2Fv2%2Ftags&post=60351"}],"curies":[{"name":"wp","href":"https:\/\/api.w.org\/{rel}","templated":true}]}}