{"id":60347,"date":"2025-10-14T21:28:41","date_gmt":"2025-10-15T00:28:41","guid":{"rendered":"https:\/\/radiorevelacionfm.cl\/?p=60347"},"modified":"2025-10-14T21:28:41","modified_gmt":"2025-10-15T00:28:41","slug":"taller-del-barometro-regional-aysen-2025-reunio-a-actores-clave-para-reflexionar-sobre-el-desarrollo-regional","status":"publish","type":"post","link":"https:\/\/radiorevelacionfm.cl\/?p=60347","title":{"rendered":"Taller del Bar\u00f3metro Regional Ays\u00e9n 2025 reuni\u00f3 a actores clave para reflexionar sobre el desarrollo regional"},"content":{"rendered":"<div class=\"flex_column av_one_full  flex_column_div av-zero-column-padding first  avia-builder-el-0  el_before_av_one_full  avia-builder-el-first  \" style='border-radius:0px; '><div  class='avia-image-container  av-styling-    avia-builder-el-1  avia-builder-el-no-sibling  avia-align-center '  itemprop=\"image\" itemscope=\"itemscope\" itemtype=\"https:\/\/schema.org\/ImageObject\"  ><div class='avia-image-container-inner'><div class='avia-image-overlay-wrap'><img decoding=\"async\" class='wp-image-60348 avia-img-lazy-loading-not-60348 avia_image' src=\"https:\/\/radiorevelacionfm.cl\/wp-content\/uploads\/2025\/10\/DSC00013-1-1.jpg\" alt='' title='DSC00013 (1) (1)' height=\"600\" width=\"900\"  itemprop=\"thumbnailUrl\" srcset=\"https:\/\/radiorevelacionfm.cl\/wp-content\/uploads\/2025\/10\/DSC00013-1-1.jpg 900w, https:\/\/radiorevelacionfm.cl\/wp-content\/uploads\/2025\/10\/DSC00013-1-1-300x200.jpg 300w, https:\/\/radiorevelacionfm.cl\/wp-content\/uploads\/2025\/10\/DSC00013-1-1-768x512.jpg 768w, https:\/\/radiorevelacionfm.cl\/wp-content\/uploads\/2025\/10\/DSC00013-1-1-705x470.jpg 705w, https:\/\/radiorevelacionfm.cl\/wp-content\/uploads\/2025\/10\/DSC00013-1-1-450x300.jpg 450w, https:\/\/radiorevelacionfm.cl\/wp-content\/uploads\/2025\/10\/DSC00013-1-1-600x400.jpg 600w\" sizes=\"(max-width: 900px) 100vw, 900px\" \/><\/div><\/div><\/div><\/div><div class=\"flex_column av_one_full  flex_column_div av-zero-column-padding first  avia-builder-el-2  el_after_av_one_full  el_before_av_one_full  column-top-margin\" style='border-radius:0px; '><section class=\"av_textblock_section \"  itemscope=\"itemscope\" itemtype=\"https:\/\/schema.org\/BlogPosting\" itemprop=\"blogPost\" ><div class='avia_textblock  '   itemprop=\"text\" ><p style=\"text-align: center;\"><strong><span style=\"font-size: 18pt;\">Taller del Bar\u00f3metro Regional Ays\u00e9n 2025 reuni\u00f3 a actores clave para reflexionar sobre el desarrollo regional<\/span><\/strong><\/p>\n<div id=\"gtx-trans\" style=\"position: absolute; left: -50px; top: 4.31534px;\">\n<div class=\"gtx-trans-icon\"><\/div>\n<\/div>\n<\/div><\/section><\/div><div class=\"flex_column av_one_full  flex_column_div av-zero-column-padding first  avia-builder-el-4  el_after_av_one_full  el_before_av_hr  column-top-margin\" style='border-radius:0px; '><section class=\"av_textblock_section \"  itemscope=\"itemscope\" itemtype=\"https:\/\/schema.org\/BlogPosting\" itemprop=\"blogPost\" ><div class='avia_textblock  '   itemprop=\"text\" ><p style=\"text-align: justify;\"><i>La instancia permiti\u00f3 compartir visiones desde distintos sectores productivos, sociales y ambientales, en un ejercicio participativo convocado por la Universidad de Ays\u00e9n y el Gobierno Regional.<\/i><\/p>\n<p style=\"text-align: justify;\"><span style=\"font-weight: 400;\">En las dependencias del Gobierno Regional se realiz\u00f3 el primer Taller del Bar\u00f3metro Regional Ays\u00e9n 2025, bajo el t\u00edtulo <\/span><i><span style=\"font-weight: 400;\">\u201cDesarrollo Regional de Ays\u00e9n: Percepciones y Desaf\u00edos\u201d<\/span><\/i><span style=\"font-weight: 400;\">. La instancia convoc\u00f3 a representantes de instituciones p\u00fablicas y privadas, gremios, universidades y organizaciones sociales en un espacio de di\u00e1logo y reflexi\u00f3n sobre las percepciones ciudadanas respecto al desarrollo econ\u00f3mico y social de la regi\u00f3n.<\/span><\/p>\n<p style=\"text-align: justify;\"><span style=\"font-weight: 400;\">Durante la jornada se presentaron los principales resultados de la Encuesta del Bar\u00f3metro Regional Ays\u00e9n 2025, instancia liderada por la Universidad de Ays\u00e9n que recoge las opiniones y valoraciones de las y los habitantes sobre temas como el progreso regional, el acceso a servicios y oportunidades, y los factores que inciden en el desarrollo territorial. Posteriormente, las y los participantes trabajaron en mesas de di\u00e1logo para profundizar en las problem\u00e1ticas y ventajas del territorio, generando conocimiento colectivo que contribuya a la toma de decisiones regionales.<\/span><\/p>\n<p style=\"text-align: justify;\"><span style=\"font-weight: 400;\">Gabriel N\u00fa\u00f1ez, Director General de V\u00ednculos de la Universidad de Ays\u00e9n, coment\u00f3 parte del prop\u00f3sito de este tipo de instancias, asegurando que \u201cla idea de estos encuentros es que podamos generar un informe contextualizado que aborde el dato cuantitativo y el dato cualitativo, que es la percepci\u00f3n y la reflexi\u00f3n. Se trata de c\u00f3mo miramos esos resultados, de qu\u00e9 nos sirven, c\u00f3mo podemos tomar mejores decisiones que nos permitan mejorar aquellos indicadores productivos, pero tambi\u00e9n que estos indicadores, si los mejoramos, lleguen de manera adecuada a las personas y que, por lo tanto, cuando se les pregunte c\u00f3mo est\u00e1n esos indicadores, les haga sentido.\u201d<\/span><\/p>\n<p style=\"text-align: justify;\"><span style=\"font-weight: 400;\">La conducci\u00f3n acad\u00e9mica del Bar\u00f3metro Regional estuvo a cargo del Dr. Sebasti\u00e1n Ibarra, acad\u00e9mico del Departamento de Ciencias Sociales y Humanidades de la Universidad de Ays\u00e9n. En tanto, la actividad fue organizada por la Universidad de Ays\u00e9n, a trav\u00e9s de la Direcci\u00f3n General de V\u00ednculos y el Departamento de Ciencias Sociales y Humanidades, junto al Gobierno Regional de Ays\u00e9n.<\/span><\/p>\n<p style=\"text-align: justify;\"><span style=\"font-weight: 400;\">Por su parte, Valentina Ortiz, profesional de DIPLADE del Gobierno Regional, abord\u00f3 los desaf\u00edos que se presentan para el GORE, enfatizando en que \u201cel primer gran desaf\u00edo es c\u00f3mo tomamos la percepci\u00f3n de la comunidad, c\u00f3mo perciben al Gobierno Regional en su liderazgo hacia el desarrollo regional. Tomamos esa percepci\u00f3n de la comunidad y nos hacemos cargo para poder ir avanzando y realmente dar a entender la importancia que tenemos en trazar esta ruta hacia el desarrollo de la regi\u00f3n de Ays\u00e9n.\u201d<\/span><\/p>\n<p style=\"text-align: justify;\"><span style=\"font-weight: 400;\">Desde la industria acu\u00edcola, Nicol\u00e1s Mihovilovic, subgerente de Asuntos P\u00fablicos de MOWI, destac\u00f3 la relevancia de estos espacios de di\u00e1logo para comprender c\u00f3mo es percibido el aporte de la industria en la regi\u00f3n, comentando que \u201clo que me llama la atenci\u00f3n es la percepci\u00f3n del bajo impacto econ\u00f3mico que genera la industria, lo cual, difiere un poco de los indicadores que nosotros como empresa o como gremio podemos tener. Ah\u00ed tambi\u00e9n tenemos el desaf\u00edo de c\u00f3mo comunicar de mejor manera el quehacer de la industria, c\u00f3mo aportamos al PIB regional, la cantidad de empleos directos y la cantidad de empleos a trav\u00e9s de proveedores que estamos generando.\u201d<\/span><\/p>\n<p style=\"text-align: justify;\"><span style=\"font-weight: 400;\">El encuentro permiti\u00f3 contrastar miradas entre diversos sectores, generando un valioso intercambio que fortalece la construcci\u00f3n de una visi\u00f3n compartida de desarrollo sostenible para Ays\u00e9n. Parte de los resultados del bar\u00f3metro regional est\u00e1n disponibles en <\/span><a href=\"http:\/\/www.bit.ly\/resultados-barometro-regional-uaysen\"><span style=\"font-weight: 400;\">www.bit.ly\/resultados-barometro-regional-uaysen<\/span><\/a><span style=\"font-weight: 400;\"> y los aportes recogidos en esta instancia se integrar\u00e1n a un informe contextualizado que busca fortalecer el v\u00ednculo entre evidencia, participaci\u00f3n y decisiones p\u00fablicas.<\/span><\/p>\n<\/div><\/section><\/div><div  style='height:50px' class='hr hr-invisible   avia-builder-el-6  el_after_av_one_full  el_before_av_social_share '><span class='hr-inner ' ><span class='hr-inner-style'><\/span><\/span><\/div><\/p>\n<div  class='av-social-sharing-box  avia-builder-el-7  el_after_av_hr  el_before_av_hr  '><div class='av-share-box'><h5 class='av-share-link-description av-no-toc '>Compartir esta noticia<\/h5><ul class='av-share-box-list noLightbox'><li class='av-share-link av-social-link-facebook' ><a target=\"_blank\" aria-label=\"Compartir en Facebook\" href='https:\/\/www.facebook.com\/sharer.php?u=https:\/\/radiorevelacionfm.cl\/?p=60347&#038;t=Taller%20del%20Bar%C3%B3metro%20Regional%20Ays%C3%A9n%202025%20reuni%C3%B3%20a%20actores%20clave%20para%20reflexionar%20sobre%20el%20desarrollo%20regional' aria-hidden='false' data-av_icon='\ue8f3' data-av_iconfont='entypo-fontello' title='' data-avia-related-tooltip='Compartir en Facebook' rel=\"noopener\"><span class='avia_hidden_link_text'>Compartir en Facebook<\/span><\/a><\/li><li class='av-share-link av-social-link-twitter' ><a target=\"_blank\" aria-label=\"Compartir en Twitter\" href='https:\/\/twitter.com\/share?text=Taller%20del%20Bar%C3%B3metro%20Regional%20Ays%C3%A9n%202025%20reuni%C3%B3%20a%20actores%20clave%20para%20reflexionar%20sobre%20el%20desarrollo%20regional&#038;url=https:\/\/radiorevelacionfm.cl\/?p=60347' aria-hidden='false' data-av_icon='\ue8f1' data-av_iconfont='entypo-fontello' title='' data-avia-related-tooltip='Compartir en Twitter' rel=\"noopener\"><span class='avia_hidden_link_text'>Compartir en Twitter<\/span><\/a><\/li><li class='av-share-link av-social-link-whatsapp' ><a target=\"_blank\" aria-label=\"Compartir en Whatsapp\" href='https:\/\/api.whatsapp.com\/send?text=https:\/\/radiorevelacionfm.cl\/?p=60347' aria-hidden='false' data-av_icon='\uf232' data-av_iconfont='entypo-fontello' title='' data-avia-related-tooltip='Compartir en Whatsapp' rel=\"noopener\"><span class='avia_hidden_link_text'>Compartir en Whatsapp<\/span><\/a><\/li><li class='av-share-link av-social-link-linkedin' ><a target=\"_blank\" aria-label=\"Compartir en LinkedIn\" href='https:\/\/linkedin.com\/shareArticle?mini=true&#038;title=Taller%20del%20Bar%C3%B3metro%20Regional%20Ays%C3%A9n%202025%20reuni%C3%B3%20a%20actores%20clave%20para%20reflexionar%20sobre%20el%20desarrollo%20regional&#038;url=https:\/\/radiorevelacionfm.cl\/?p=60347' aria-hidden='false' data-av_icon='\ue8fc' data-av_iconfont='entypo-fontello' title='' data-avia-related-tooltip='Compartir en LinkedIn' rel=\"noopener\"><span class='avia_hidden_link_text'>Compartir en LinkedIn<\/span><\/a><\/li><li class='av-share-link av-social-link-mail' ><a  aria-label=\"Compartir por correo\" href='mailto:?subject=Taller%20del%20Bar%C3%B3metro%20Regional%20Ays%C3%A9n%202025%20reuni%C3%B3%20a%20actores%20clave%20para%20reflexionar%20sobre%20el%20desarrollo%20regional&#038;body=https:\/\/radiorevelacionfm.cl\/?p=60347' aria-hidden='false' data-av_icon='\ue805' data-av_iconfont='entypo-fontello' title='' data-avia-related-tooltip='Compartir por correo'><span class='avia_hidden_link_text'>Compartir por correo<\/span><\/a><\/li><\/ul><\/div><\/div>\n<div  style='height:50px' class='hr hr-invisible   avia-builder-el-8  el_after_av_social_share  el_before_av_comments_list '><span class='hr-inner ' ><span class='hr-inner-style'><\/span><\/span><\/div>\n<div  class='av-buildercomment  av-blog-meta-html-info-disabled av-blog-meta-tag-disabled  '><\/div>\n","protected":false},"excerpt":{"rendered":"","protected":false},"author":1,"featured_media":60348,"comment_status":"closed","ping_status":"closed","sticky":false,"template":"","format":"standard","meta":{"footnotes":""},"categories":[49],"tags":[],"class_list":["post-60347","post","type-post","status-publish","format-standard","has-post-thumbnail","hentry","category-educacion"],"jetpack_featured_media_url":"https:\/\/radiorevelacionfm.cl\/wp-content\/uploads\/2025\/10\/DSC00013-1-1.jpg","_links":{"self":[{"href":"https:\/\/radiorevelacionfm.cl\/index.php?rest_route=\/wp\/v2\/posts\/60347","targetHints":{"allow":["GET"]}}],"collection":[{"href":"https:\/\/radiorevelacionfm.cl\/index.php?rest_route=\/wp\/v2\/posts"}],"about":[{"href":"https:\/\/radiorevelacionfm.cl\/index.php?rest_route=\/wp\/v2\/types\/post"}],"author":[{"embeddable":true,"href":"https:\/\/radiorevelacionfm.cl\/index.php?rest_route=\/wp\/v2\/users\/1"}],"replies":[{"embeddable":true,"href":"https:\/\/radiorevelacionfm.cl\/index.php?rest_route=%2Fwp%2Fv2%2Fcomments&post=60347"}],"version-history":[{"count":2,"href":"https:\/\/radiorevelacionfm.cl\/index.php?rest_route=\/wp\/v2\/posts\/60347\/revisions"}],"predecessor-version":[{"id":60350,"href":"https:\/\/radiorevelacionfm.cl\/index.php?rest_route=\/wp\/v2\/posts\/60347\/revisions\/60350"}],"wp:featuredmedia":[{"embeddable":true,"href":"https:\/\/radiorevelacionfm.cl\/index.php?rest_route=\/wp\/v2\/media\/60348"}],"wp:attachment":[{"href":"https:\/\/radiorevelacionfm.cl\/index.php?rest_route=%2Fwp%2Fv2%2Fmedia&parent=60347"}],"wp:term":[{"taxonomy":"category","embeddable":true,"href":"https:\/\/radiorevelacionfm.cl\/index.php?rest_route=%2Fwp%2Fv2%2Fcategories&post=60347"},{"taxonomy":"post_tag","embeddable":true,"href":"https:\/\/radiorevelacionfm.cl\/index.php?rest_route=%2Fwp%2Fv2%2Ftags&post=60347"}],"curies":[{"name":"wp","href":"https:\/\/api.w.org\/{rel}","templated":true}]}}