{"id":60339,"date":"2025-10-14T17:12:18","date_gmt":"2025-10-14T20:12:18","guid":{"rendered":"https:\/\/radiorevelacionfm.cl\/?p=60339"},"modified":"2025-10-14T17:12:18","modified_gmt":"2025-10-14T20:12:18","slug":"presidente-de-la-corte-de-coyhaique-se-reune-con-nuevo-fiscal-regional","status":"publish","type":"post","link":"https:\/\/radiorevelacionfm.cl\/?p=60339","title":{"rendered":"Presidente de la Corte de Coyhaique se re\u00fane con nuevo fiscal regional"},"content":{"rendered":"<div class=\"flex_column av_one_full  flex_column_div av-zero-column-padding first  avia-builder-el-0  el_before_av_one_full  avia-builder-el-first  \" style='border-radius:0px; '><div  class='avia-image-container  av-styling-    avia-builder-el-1  avia-builder-el-no-sibling  avia-align-center '  itemprop=\"image\" itemscope=\"itemscope\" itemtype=\"https:\/\/schema.org\/ImageObject\"  ><div class='avia-image-container-inner'><div class='avia-image-overlay-wrap'><img decoding=\"async\" class='wp-image-60340 avia-img-lazy-loading-not-60340 avia_image' src=\"https:\/\/radiorevelacionfm.cl\/wp-content\/uploads\/2025\/10\/presidente-y-fiscal-regional-3-1_optimized.jpg\" alt='' title='presidente-y-fiscal-regional-3-(1)_optimized' height=\"600\" width=\"1009\"  itemprop=\"thumbnailUrl\" srcset=\"https:\/\/radiorevelacionfm.cl\/wp-content\/uploads\/2025\/10\/presidente-y-fiscal-regional-3-1_optimized.jpg 1009w, https:\/\/radiorevelacionfm.cl\/wp-content\/uploads\/2025\/10\/presidente-y-fiscal-regional-3-1_optimized-300x178.jpg 300w, https:\/\/radiorevelacionfm.cl\/wp-content\/uploads\/2025\/10\/presidente-y-fiscal-regional-3-1_optimized-768x457.jpg 768w, https:\/\/radiorevelacionfm.cl\/wp-content\/uploads\/2025\/10\/presidente-y-fiscal-regional-3-1_optimized-705x419.jpg 705w, https:\/\/radiorevelacionfm.cl\/wp-content\/uploads\/2025\/10\/presidente-y-fiscal-regional-3-1_optimized-450x268.jpg 450w, https:\/\/radiorevelacionfm.cl\/wp-content\/uploads\/2025\/10\/presidente-y-fiscal-regional-3-1_optimized-600x357.jpg 600w\" sizes=\"(max-width: 1009px) 100vw, 1009px\" \/><\/div><\/div><\/div><\/div><div class=\"flex_column av_one_full  flex_column_div av-zero-column-padding first  avia-builder-el-2  el_after_av_one_full  el_before_av_one_full  column-top-margin\" style='border-radius:0px; '><section class=\"av_textblock_section \"  itemscope=\"itemscope\" itemtype=\"https:\/\/schema.org\/BlogPosting\" itemprop=\"blogPost\" ><div class='avia_textblock  '   itemprop=\"text\" ><p style=\"text-align: center;\"><span style=\"font-size: 18pt;\"><b>Presidente de la Corte de Coyhaique se re\u00fane con nuevo fiscal regional<\/b><\/span><\/p>\n<div id=\"gtx-trans\" style=\"position: absolute; left: -50px; top: 4.31534px;\">\n<div class=\"gtx-trans-icon\"><\/div>\n<\/div>\n<\/div><\/section><\/div><div class=\"flex_column av_one_full  flex_column_div av-zero-column-padding first  avia-builder-el-4  el_after_av_one_full  el_before_av_hr  column-top-margin\" style='border-radius:0px; '><section class=\"av_textblock_section \"  itemscope=\"itemscope\" itemtype=\"https:\/\/schema.org\/BlogPosting\" itemprop=\"blogPost\" ><div class='avia_textblock  '   itemprop=\"text\" ><p style=\"font-weight: 400; text-align: justify;\">El presidente de la Corte de Apelaciones de Coyhaique, ministro Pedro Castro Espinoza, recibi\u00f3 hoy \u2013martes 14 de octubre\u2013 al nuevo fiscal regional de Ays\u00e9n, Hern\u00e1n Marcos Libedinsky Moscovich, quien recientemente asumi\u00f3 la direcci\u00f3n del Ministerio P\u00fablico en la zona.<\/p>\n<p style=\"font-weight: 400; text-align: justify;\">Durante la visita protocolar, el fiscal Libedinsky present\u00f3 al nuevo director ejecutivo regional del Ministerio P\u00fablico, Ismael Castillo, y sostuvo una conversaci\u00f3n con el ministro sobre diversos temas vinculados a la persecuci\u00f3n penal, la coordinaci\u00f3n interinstitucional y los desaf\u00edos del trabajo territorial en la regi\u00f3n.<\/p>\n<p style=\"font-weight: 400; text-align: justify;\">Ambas autoridades coincidieron en la importancia de fortalecer el v\u00ednculo entre el Poder Judicial y el Ministerio P\u00fablico para avanzar hacia una justicia m\u00e1s cercana, oportuna y con presencia efectiva en todo el territorio regional.<\/p>\n<p style=\"font-weight: 400; text-align: justify;\">El ministro Pedro Castro Espinoza destac\u00f3 que \u201cestas instancias permiten reforzar la cooperaci\u00f3n entre instituciones que comparten un prop\u00f3sito com\u00fan: garantizar el acceso a la justicia de todos los habitantes de Ays\u00e9n, especialmente en las zonas apartadas\u201d.<\/p>\n<\/div><\/section><\/div><div  style='height:50px' class='hr hr-invisible   avia-builder-el-6  el_after_av_one_full  el_before_av_social_share '><span class='hr-inner ' ><span class='hr-inner-style'><\/span><\/span><\/div><\/p>\n<div  class='av-social-sharing-box  avia-builder-el-7  el_after_av_hr  el_before_av_hr  '><div class='av-share-box'><h5 class='av-share-link-description av-no-toc '>Compartir esta noticia<\/h5><ul class='av-share-box-list noLightbox'><li class='av-share-link av-social-link-facebook' ><a target=\"_blank\" aria-label=\"Compartir en Facebook\" href='https:\/\/www.facebook.com\/sharer.php?u=https:\/\/radiorevelacionfm.cl\/?p=60339&#038;t=Presidente%20de%20la%20Corte%20de%20Coyhaique%20se%20re%C3%BAne%20con%20nuevo%20fiscal%20regional' aria-hidden='false' data-av_icon='\ue8f3' data-av_iconfont='entypo-fontello' title='' data-avia-related-tooltip='Compartir en Facebook' rel=\"noopener\"><span class='avia_hidden_link_text'>Compartir en Facebook<\/span><\/a><\/li><li class='av-share-link av-social-link-twitter' ><a target=\"_blank\" aria-label=\"Compartir en Twitter\" href='https:\/\/twitter.com\/share?text=Presidente%20de%20la%20Corte%20de%20Coyhaique%20se%20re%C3%BAne%20con%20nuevo%20fiscal%20regional&#038;url=https:\/\/radiorevelacionfm.cl\/?p=60339' aria-hidden='false' data-av_icon='\ue8f1' data-av_iconfont='entypo-fontello' title='' data-avia-related-tooltip='Compartir en Twitter' rel=\"noopener\"><span class='avia_hidden_link_text'>Compartir en Twitter<\/span><\/a><\/li><li class='av-share-link av-social-link-whatsapp' ><a target=\"_blank\" aria-label=\"Compartir en Whatsapp\" href='https:\/\/api.whatsapp.com\/send?text=https:\/\/radiorevelacionfm.cl\/?p=60339' aria-hidden='false' data-av_icon='\uf232' data-av_iconfont='entypo-fontello' title='' data-avia-related-tooltip='Compartir en Whatsapp' rel=\"noopener\"><span class='avia_hidden_link_text'>Compartir en Whatsapp<\/span><\/a><\/li><li class='av-share-link av-social-link-linkedin' ><a target=\"_blank\" aria-label=\"Compartir en LinkedIn\" href='https:\/\/linkedin.com\/shareArticle?mini=true&#038;title=Presidente%20de%20la%20Corte%20de%20Coyhaique%20se%20re%C3%BAne%20con%20nuevo%20fiscal%20regional&#038;url=https:\/\/radiorevelacionfm.cl\/?p=60339' aria-hidden='false' data-av_icon='\ue8fc' data-av_iconfont='entypo-fontello' title='' data-avia-related-tooltip='Compartir en LinkedIn' rel=\"noopener\"><span class='avia_hidden_link_text'>Compartir en LinkedIn<\/span><\/a><\/li><li class='av-share-link av-social-link-mail' ><a  aria-label=\"Compartir por correo\" href='mailto:?subject=Presidente%20de%20la%20Corte%20de%20Coyhaique%20se%20re%C3%BAne%20con%20nuevo%20fiscal%20regional&#038;body=https:\/\/radiorevelacionfm.cl\/?p=60339' aria-hidden='false' data-av_icon='\ue805' data-av_iconfont='entypo-fontello' title='' data-avia-related-tooltip='Compartir por correo'><span class='avia_hidden_link_text'>Compartir por correo<\/span><\/a><\/li><\/ul><\/div><\/div>\n<div  style='height:50px' class='hr hr-invisible   avia-builder-el-8  el_after_av_social_share  el_before_av_comments_list '><span class='hr-inner ' ><span class='hr-inner-style'><\/span><\/span><\/div>\n<div  class='av-buildercomment  av-blog-meta-html-info-disabled av-blog-meta-tag-disabled  '><\/div>\n","protected":false},"excerpt":{"rendered":"","protected":false},"author":1,"featured_media":60340,"comment_status":"closed","ping_status":"closed","sticky":false,"template":"","format":"standard","meta":{"footnotes":""},"categories":[55],"tags":[],"class_list":["post-60339","post","type-post","status-publish","format-standard","has-post-thumbnail","hentry","category-justicia"],"jetpack_featured_media_url":"https:\/\/radiorevelacionfm.cl\/wp-content\/uploads\/2025\/10\/presidente-y-fiscal-regional-3-1_optimized.jpg","_links":{"self":[{"href":"https:\/\/radiorevelacionfm.cl\/index.php?rest_route=\/wp\/v2\/posts\/60339","targetHints":{"allow":["GET"]}}],"collection":[{"href":"https:\/\/radiorevelacionfm.cl\/index.php?rest_route=\/wp\/v2\/posts"}],"about":[{"href":"https:\/\/radiorevelacionfm.cl\/index.php?rest_route=\/wp\/v2\/types\/post"}],"author":[{"embeddable":true,"href":"https:\/\/radiorevelacionfm.cl\/index.php?rest_route=\/wp\/v2\/users\/1"}],"replies":[{"embeddable":true,"href":"https:\/\/radiorevelacionfm.cl\/index.php?rest_route=%2Fwp%2Fv2%2Fcomments&post=60339"}],"version-history":[{"count":2,"href":"https:\/\/radiorevelacionfm.cl\/index.php?rest_route=\/wp\/v2\/posts\/60339\/revisions"}],"predecessor-version":[{"id":60346,"href":"https:\/\/radiorevelacionfm.cl\/index.php?rest_route=\/wp\/v2\/posts\/60339\/revisions\/60346"}],"wp:featuredmedia":[{"embeddable":true,"href":"https:\/\/radiorevelacionfm.cl\/index.php?rest_route=\/wp\/v2\/media\/60340"}],"wp:attachment":[{"href":"https:\/\/radiorevelacionfm.cl\/index.php?rest_route=%2Fwp%2Fv2%2Fmedia&parent=60339"}],"wp:term":[{"taxonomy":"category","embeddable":true,"href":"https:\/\/radiorevelacionfm.cl\/index.php?rest_route=%2Fwp%2Fv2%2Fcategories&post=60339"},{"taxonomy":"post_tag","embeddable":true,"href":"https:\/\/radiorevelacionfm.cl\/index.php?rest_route=%2Fwp%2Fv2%2Ftags&post=60339"}],"curies":[{"name":"wp","href":"https:\/\/api.w.org\/{rel}","templated":true}]}}