{"id":60332,"date":"2025-10-14T14:59:58","date_gmt":"2025-10-14T17:59:58","guid":{"rendered":"https:\/\/radiorevelacionfm.cl\/?p=60332"},"modified":"2025-10-14T14:59:58","modified_gmt":"2025-10-14T17:59:58","slug":"corte-de-coyhaique-mesa-tecnica-interinstitucional-conoce-avances-y-desafios-del-programa-familias-de-acogida-especializada","status":"publish","type":"post","link":"https:\/\/radiorevelacionfm.cl\/?p=60332","title":{"rendered":"Corte de Coyhaique: Mesa T\u00e9cnica Interinstitucional conoce avances y desaf\u00edos del Programa Familias de Acogida Especializada"},"content":{"rendered":"<div class=\"flex_column av_one_full  flex_column_div av-zero-column-padding first  avia-builder-el-0  el_before_av_one_full  avia-builder-el-first  \" style='border-radius:0px; '><div  class='avia-image-container  av-styling-    avia-builder-el-1  avia-builder-el-no-sibling  avia-align-center '  itemprop=\"image\" itemscope=\"itemscope\" itemtype=\"https:\/\/schema.org\/ImageObject\"  ><div class='avia-image-container-inner'><div class='avia-image-overlay-wrap'><img decoding=\"async\" class='wp-image-60333 avia-img-lazy-loading-not-60333 avia_image' src=\"https:\/\/radiorevelacionfm.cl\/wp-content\/uploads\/2025\/10\/foto-01-10-1_optimized-1_optimized.jpg\" alt='' title='foto-01-(10)-(1)_optimized-(1)_optimized' height=\"600\" width=\"1336\"  itemprop=\"thumbnailUrl\" srcset=\"https:\/\/radiorevelacionfm.cl\/wp-content\/uploads\/2025\/10\/foto-01-10-1_optimized-1_optimized.jpg 1336w, https:\/\/radiorevelacionfm.cl\/wp-content\/uploads\/2025\/10\/foto-01-10-1_optimized-1_optimized-300x135.jpg 300w, https:\/\/radiorevelacionfm.cl\/wp-content\/uploads\/2025\/10\/foto-01-10-1_optimized-1_optimized-1030x463.jpg 1030w, https:\/\/radiorevelacionfm.cl\/wp-content\/uploads\/2025\/10\/foto-01-10-1_optimized-1_optimized-768x345.jpg 768w, https:\/\/radiorevelacionfm.cl\/wp-content\/uploads\/2025\/10\/foto-01-10-1_optimized-1_optimized-705x317.jpg 705w, https:\/\/radiorevelacionfm.cl\/wp-content\/uploads\/2025\/10\/foto-01-10-1_optimized-1_optimized-450x202.jpg 450w, https:\/\/radiorevelacionfm.cl\/wp-content\/uploads\/2025\/10\/foto-01-10-1_optimized-1_optimized-600x269.jpg 600w\" sizes=\"(max-width: 1336px) 100vw, 1336px\" \/><\/div><\/div><\/div><\/div><div class=\"flex_column av_one_full  flex_column_div av-zero-column-padding first  avia-builder-el-2  el_after_av_one_full  el_before_av_one_full  column-top-margin\" style='border-radius:0px; '><section class=\"av_textblock_section \"  itemscope=\"itemscope\" itemtype=\"https:\/\/schema.org\/BlogPosting\" itemprop=\"blogPost\" ><div class='avia_textblock  '   itemprop=\"text\" ><p style=\"text-align: center;\"><span style=\"font-size: 18pt;\"><b>Corte de Coyhaique: Mesa T\u00e9cnica Interinstitucional conoce avances y desaf\u00edos del Programa Familias de Acogida Especializada<\/b><\/span><\/p>\n<div id=\"gtx-trans\" style=\"position: absolute; left: -50px; top: 4.31534px;\">\n<div class=\"gtx-trans-icon\"><\/div>\n<\/div>\n<\/div><\/section><\/div><div class=\"flex_column av_one_full  flex_column_div av-zero-column-padding first  avia-builder-el-4  el_after_av_one_full  el_before_av_hr  column-top-margin\" style='border-radius:0px; '><section class=\"av_textblock_section \"  itemscope=\"itemscope\" itemtype=\"https:\/\/schema.org\/BlogPosting\" itemprop=\"blogPost\" ><div class='avia_textblock  '   itemprop=\"text\" ><p style=\"font-weight: 400; text-align: justify;\">La Corte de Apelaciones de Coyhaique, a trav\u00e9s del Centro de Seguimiento de Medidas de Protecci\u00f3n, realiz\u00f3 ayer -lunes 13 de octubre- una nueva instancia de coordinaci\u00f3n interinstitucional orientada a fortalecer la red de apoyo a la ni\u00f1ez y adolescencia en situaci\u00f3n de vulneraci\u00f3n de derechos.<\/p>\n<p style=\"font-weight: 400; text-align: justify;\">En este contexto, la ministra encargada de asuntos de familia, Natalia Rencoret Oliva, encabez\u00f3 la tercera mesa t\u00e9cnica interinstitucional del a\u00f1o, destinada a analizar los avances y desaf\u00edos del Programa Familias de Acogida Especializada (FAE PRO Ays\u00e9n) y promover el trabajo colaborativo entre las instituciones que intervienen en la protecci\u00f3n de derechos en la regi\u00f3n.<\/p>\n<p style=\"font-weight: 400; text-align: justify;\">Durante la jornada \u2014realizada de manera virtual\u2014 participaron representantes del Poder Judicial, del Servicio Nacional de Protecci\u00f3n Especializada a la Ni\u00f1ez y Adolescencia, y del FAE Amigo Regi\u00f3n de Ays\u00e9n, a cargo de la Congregaci\u00f3n de Religiosos Terciarios Capuchinos, entidad colaboradora acreditada encargada de la ejecuci\u00f3n del programa en la zona.<\/p>\n<p style=\"font-weight: 400; text-align: justify;\">En la ocasi\u00f3n, la directora del FAE Amigo, Mar\u00eda Cristina S\u00e1nchez Huaitiao, expuso los principales resultados del programa, destacando el trabajo t\u00e9cnico realizado desde 2019, la estabilidad del equipo profesional y la atenci\u00f3n integral que se brinda tanto a los ni\u00f1os, ni\u00f1as y adolescentes acogidos como a las familias guardadoras.<\/p>\n<p style=\"font-weight: 400; text-align: justify;\">Actualmente, el programa mantiene 40 ni\u00f1os, ni\u00f1as y adolescentes y 30 familias activas en la regi\u00f3n, principalmente en Coyhaique. La directora enfatiz\u00f3 la necesidad de incrementar el n\u00famero de familias de acogida, fortalecer la cobertura en comunas m\u00e1s apartadas y asegurar un acompa\u00f1amiento especializado permanente, elementos esenciales para avanzar hacia un sistema de acogimiento familiar sostenible y equitativo.<\/p>\n<p style=\"font-weight: 400; text-align: justify;\">La ministra Rencoret valor\u00f3 la instancia y destac\u00f3 que \u201cel acogimiento familiar es una expresi\u00f3n concreta del derecho de cada ni\u00f1o, ni\u00f1a o adolescente a vivir en un entorno familiar protector y afectivo. Como Poder Judicial, valoramos y acompa\u00f1amos estas iniciativas que refuerzan la restituci\u00f3n de derechos y el trabajo coordinado entre instituciones\u201d.<\/p>\n<p style=\"font-weight: 400; text-align: justify;\">La reuni\u00f3n concluy\u00f3 con un espacio de reflexi\u00f3n y propuestas intersectoriales para reforzar la sensibilizaci\u00f3n comunitaria, las capacitaciones y las campa\u00f1as de difusi\u00f3n orientadas a aumentar el n\u00famero de familias disponibles en el territorio, bajo el marco de la \u201cRuta del Acogimiento\u201d que impulsa el programa.<\/p>\n<\/div><\/section><\/div><div  style='height:50px' class='hr hr-invisible   avia-builder-el-6  el_after_av_one_full  el_before_av_social_share '><span class='hr-inner ' ><span class='hr-inner-style'><\/span><\/span><\/div><\/p>\n<div  class='av-social-sharing-box  avia-builder-el-7  el_after_av_hr  el_before_av_hr  '><div class='av-share-box'><h5 class='av-share-link-description av-no-toc '>Compartir esta noticia<\/h5><ul class='av-share-box-list noLightbox'><li class='av-share-link av-social-link-facebook' ><a target=\"_blank\" aria-label=\"Compartir en Facebook\" href='https:\/\/www.facebook.com\/sharer.php?u=https:\/\/radiorevelacionfm.cl\/?p=60332&#038;t=Corte%20de%20Coyhaique%3A%20Mesa%20T%C3%A9cnica%20Interinstitucional%20conoce%20avances%20y%20desaf%C3%ADos%20del%20Programa%20Familias%20de%20Acogida%20Especializada' aria-hidden='false' data-av_icon='\ue8f3' data-av_iconfont='entypo-fontello' title='' data-avia-related-tooltip='Compartir en Facebook' rel=\"noopener\"><span class='avia_hidden_link_text'>Compartir en Facebook<\/span><\/a><\/li><li class='av-share-link av-social-link-twitter' ><a target=\"_blank\" aria-label=\"Compartir en Twitter\" href='https:\/\/twitter.com\/share?text=Corte%20de%20Coyhaique%3A%20Mesa%20T%C3%A9cnica%20Interinstitucional%20conoce%20avances%20y%20desaf%C3%ADos%20del%20Programa%20Familias%20de%20Acogida%20Especializada&#038;url=https:\/\/radiorevelacionfm.cl\/?p=60332' aria-hidden='false' data-av_icon='\ue8f1' data-av_iconfont='entypo-fontello' title='' data-avia-related-tooltip='Compartir en Twitter' rel=\"noopener\"><span class='avia_hidden_link_text'>Compartir en Twitter<\/span><\/a><\/li><li class='av-share-link av-social-link-whatsapp' ><a target=\"_blank\" aria-label=\"Compartir en Whatsapp\" href='https:\/\/api.whatsapp.com\/send?text=https:\/\/radiorevelacionfm.cl\/?p=60332' aria-hidden='false' data-av_icon='\uf232' data-av_iconfont='entypo-fontello' title='' data-avia-related-tooltip='Compartir en Whatsapp' rel=\"noopener\"><span class='avia_hidden_link_text'>Compartir en Whatsapp<\/span><\/a><\/li><li class='av-share-link av-social-link-linkedin' ><a target=\"_blank\" aria-label=\"Compartir en LinkedIn\" href='https:\/\/linkedin.com\/shareArticle?mini=true&#038;title=Corte%20de%20Coyhaique%3A%20Mesa%20T%C3%A9cnica%20Interinstitucional%20conoce%20avances%20y%20desaf%C3%ADos%20del%20Programa%20Familias%20de%20Acogida%20Especializada&#038;url=https:\/\/radiorevelacionfm.cl\/?p=60332' aria-hidden='false' data-av_icon='\ue8fc' data-av_iconfont='entypo-fontello' title='' data-avia-related-tooltip='Compartir en LinkedIn' rel=\"noopener\"><span class='avia_hidden_link_text'>Compartir en LinkedIn<\/span><\/a><\/li><li class='av-share-link av-social-link-mail' ><a  aria-label=\"Compartir por correo\" href='mailto:?subject=Corte%20de%20Coyhaique%3A%20Mesa%20T%C3%A9cnica%20Interinstitucional%20conoce%20avances%20y%20desaf%C3%ADos%20del%20Programa%20Familias%20de%20Acogida%20Especializada&#038;body=https:\/\/radiorevelacionfm.cl\/?p=60332' aria-hidden='false' data-av_icon='\ue805' data-av_iconfont='entypo-fontello' title='' data-avia-related-tooltip='Compartir por correo'><span class='avia_hidden_link_text'>Compartir por correo<\/span><\/a><\/li><\/ul><\/div><\/div>\n<div  style='height:50px' class='hr hr-invisible   avia-builder-el-8  el_after_av_social_share  el_before_av_comments_list '><span class='hr-inner ' ><span class='hr-inner-style'><\/span><\/span><\/div>\n<div  class='av-buildercomment  av-blog-meta-html-info-disabled av-blog-meta-tag-disabled  '><\/div>\n","protected":false},"excerpt":{"rendered":"","protected":false},"author":1,"featured_media":60333,"comment_status":"closed","ping_status":"closed","sticky":false,"template":"","format":"standard","meta":{"footnotes":""},"categories":[55],"tags":[],"class_list":["post-60332","post","type-post","status-publish","format-standard","has-post-thumbnail","hentry","category-justicia"],"jetpack_featured_media_url":"https:\/\/radiorevelacionfm.cl\/wp-content\/uploads\/2025\/10\/foto-01-10-1_optimized-1_optimized.jpg","_links":{"self":[{"href":"https:\/\/radiorevelacionfm.cl\/index.php?rest_route=\/wp\/v2\/posts\/60332","targetHints":{"allow":["GET"]}}],"collection":[{"href":"https:\/\/radiorevelacionfm.cl\/index.php?rest_route=\/wp\/v2\/posts"}],"about":[{"href":"https:\/\/radiorevelacionfm.cl\/index.php?rest_route=\/wp\/v2\/types\/post"}],"author":[{"embeddable":true,"href":"https:\/\/radiorevelacionfm.cl\/index.php?rest_route=\/wp\/v2\/users\/1"}],"replies":[{"embeddable":true,"href":"https:\/\/radiorevelacionfm.cl\/index.php?rest_route=%2Fwp%2Fv2%2Fcomments&post=60332"}],"version-history":[{"count":2,"href":"https:\/\/radiorevelacionfm.cl\/index.php?rest_route=\/wp\/v2\/posts\/60332\/revisions"}],"predecessor-version":[{"id":60338,"href":"https:\/\/radiorevelacionfm.cl\/index.php?rest_route=\/wp\/v2\/posts\/60332\/revisions\/60338"}],"wp:featuredmedia":[{"embeddable":true,"href":"https:\/\/radiorevelacionfm.cl\/index.php?rest_route=\/wp\/v2\/media\/60333"}],"wp:attachment":[{"href":"https:\/\/radiorevelacionfm.cl\/index.php?rest_route=%2Fwp%2Fv2%2Fmedia&parent=60332"}],"wp:term":[{"taxonomy":"category","embeddable":true,"href":"https:\/\/radiorevelacionfm.cl\/index.php?rest_route=%2Fwp%2Fv2%2Fcategories&post=60332"},{"taxonomy":"post_tag","embeddable":true,"href":"https:\/\/radiorevelacionfm.cl\/index.php?rest_route=%2Fwp%2Fv2%2Ftags&post=60332"}],"curies":[{"name":"wp","href":"https:\/\/api.w.org\/{rel}","templated":true}]}}