{"id":6033,"date":"2021-07-07T18:32:47","date_gmt":"2021-07-07T21:32:47","guid":{"rendered":"https:\/\/radiorevelacionfm.cl\/?p=6033"},"modified":"2021-07-07T18:32:47","modified_gmt":"2021-07-07T21:32:47","slug":"municipio-de-aysen-reitera-llamado-a-vecinos-para-realizar-denuncias-ambientales-en-su-pagina-web","status":"publish","type":"post","link":"https:\/\/radiorevelacionfm.cl\/?p=6033","title":{"rendered":"Municipio de Ays\u00e9n reitera llamado a vecinos para realizar denuncias ambientales en su p\u00e1gina web"},"content":{"rendered":"<div class=\"flex_column av_one_full  flex_column_div av-zero-column-padding first  avia-builder-el-0  el_before_av_one_full  avia-builder-el-first  \" style='border-radius:0px; '><div  class='avia-image-container  av-styling-    avia-builder-el-1  avia-builder-el-no-sibling  avia-align-center '  itemprop=\"image\" itemscope=\"itemscope\" itemtype=\"https:\/\/schema.org\/ImageObject\"  ><div class='avia-image-container-inner'><div class='avia-image-overlay-wrap'><img decoding=\"async\" class='wp-image-6034 avia-img-lazy-loading-not-6034 avia_image' src=\"https:\/\/radiorevelacionfm.cl\/wp-content\/uploads\/2021\/07\/img-damuni2-1-1-1_optimized.png\" alt='' title='img-damuni2-1-(1)-(1)_optimized' height=\"572\" width=\"1080\"  itemprop=\"thumbnailUrl\" srcset=\"https:\/\/radiorevelacionfm.cl\/wp-content\/uploads\/2021\/07\/img-damuni2-1-1-1_optimized.png 1080w, https:\/\/radiorevelacionfm.cl\/wp-content\/uploads\/2021\/07\/img-damuni2-1-1-1_optimized-300x159.png 300w, https:\/\/radiorevelacionfm.cl\/wp-content\/uploads\/2021\/07\/img-damuni2-1-1-1_optimized-1030x546.png 1030w, https:\/\/radiorevelacionfm.cl\/wp-content\/uploads\/2021\/07\/img-damuni2-1-1-1_optimized-768x407.png 768w, https:\/\/radiorevelacionfm.cl\/wp-content\/uploads\/2021\/07\/img-damuni2-1-1-1_optimized-710x375.png 710w, https:\/\/radiorevelacionfm.cl\/wp-content\/uploads\/2021\/07\/img-damuni2-1-1-1_optimized-705x373.png 705w, https:\/\/radiorevelacionfm.cl\/wp-content\/uploads\/2021\/07\/img-damuni2-1-1-1_optimized-600x318.png 600w\" sizes=\"(max-width: 1080px) 100vw, 1080px\" \/><\/div><\/div><\/div><\/div><div class=\"flex_column av_one_full  flex_column_div av-zero-column-padding first  avia-builder-el-2  el_after_av_one_full  el_before_av_one_full  column-top-margin\" style='border-radius:0px; '><section class=\"av_textblock_section \"  itemscope=\"itemscope\" itemtype=\"https:\/\/schema.org\/BlogPosting\" itemprop=\"blogPost\" ><div class='avia_textblock  '   itemprop=\"text\" ><p style=\"text-align: center;\"><strong><span style=\"font-size: 18pt;\">Municipio de Ays\u00e9n reitera llamado a vecinos para realizar denuncias ambientales en su p\u00e1gina web <\/span><\/strong><\/p>\n<div id=\"gtx-trans\" style=\"position: absolute; left: -50px; top: 4.31534px;\">\n<div class=\"gtx-trans-icon\"><\/div>\n<\/div>\n<\/div><\/section><\/div><div class=\"flex_column av_one_full  flex_column_div av-zero-column-padding first  avia-builder-el-4  el_after_av_one_full  el_before_av_hr  column-top-margin\" style='border-radius:0px; '><section class=\"av_textblock_section \"  itemscope=\"itemscope\" itemtype=\"https:\/\/schema.org\/BlogPosting\" itemprop=\"blogPost\" ><div class='avia_textblock  '   itemprop=\"text\" ><p style=\"text-align: justify;\">Con el objetivo de resguardar el patrimonio natural de la comuna puerto, la Ilustre Municipalidad de Ays\u00e9n a trav\u00e9s de su Unidad de Medio Ambiente habilit\u00f3 hace algunas semanas un bot\u00f3n especial en el sitio web <a href=\"http:\/\/www.puertoaysen.cl\">www.puertoaysen.cl<\/a> para que los vecinos y vecinas puedan denunciar diversas situaciones que afecten a los ecosistemas locales. En este sentido, desde la Casa Edilicia destacan que tras la informaci\u00f3n entregada en sus redes sociales para la comunicaci\u00f3n de estos hechos han aumentado las denuncias de este tipo, principalmente en relaci\u00f3n a la tenencia responsable de mascotas.<\/p>\n<p style=\"text-align: justify;\">Al respecto, algunos ejemplos de denuncia posibles de efectuar a trav\u00e9s de este canal son: Contaminaci\u00f3n del agua, extracci\u00f3n ilegal de \u00e1ridos, ruidos molestos, tenencia responsable de mascotas, afectaci\u00f3n de ecosistemas mediante el derrame de hidrocarburos u otros residuos peligrosos. Para lograr que la denuncia efectivamente sea exitosa y se pueda abordar con las instituciones correspondientes es necesario adjuntar todos los medios de pruebas disponibles, as\u00ed como tambi\u00e9n, detallar acabadamente los hechos en cuesti\u00f3n para realizar las gestiones pertinentes.<\/p>\n<p style=\"text-align: justify;\">Juan Antonio Morales, encargado de la Unidad de Medio Ambiente de la municipalidad de Ays\u00e9n destac\u00f3 esta iniciativa para acercar esta materia a los vecinos y vecinas y que tambi\u00e9n se encuentra acorde al impulso que busca establecer la administraci\u00f3n encabezada por alcalde Julio Uribe Alvarado respecto al cuidado del entorno natural. Asimismo, el personero detall\u00f3 que pr\u00f3ximamente se iniciar\u00e1n distintos trabajos para impulsar una educaci\u00f3n ambiental integral y que entre sus ejes pueda resguardar los Humedales Urbanos de la comuna.<\/p>\n<p style=\"text-align: justify;\">Por su parte, el coordinador municipal del Sistema de Certificaci\u00f3n Ambiental (SCAM), Jonathan Araya, reiter\u00f3 la utilidad de la iniciativa abordando que un 54% de las denuncias efectuadas en esta v\u00eda tienen relaci\u00f3n con la tenencia responsable de mascota, lo cual tambi\u00e9n se encuentra acorde a lo abordado por los vecinos en el diagnostico comunal realizado en el marco del SCAM. El coordinador tambi\u00e9n explic\u00f3 que con esto se evita el desplazamiento hasta el municipio por parte de los vecinos que viven en las distintas localidades y que es posible desarrollar un seguimiento del caso con los inspectores municipales.<\/p>\n<p style=\"text-align: justify;\">Adem\u00e1s, Araya complement\u00f3 la informaci\u00f3n agregando que en esta p\u00e1gina junto con denunciar el incumplimiento de las ordenanzas municipales es posible dejar constancia de cualquier hecho que los vecinos crean constitutivo de un da\u00f1o ambiental, ya que en caso de no poseer la jurisprudencia necesaria se derivar\u00e1n los antecedentes a la PDI, si estos revistieran car\u00e1cter de delito. \u201cLa invitaci\u00f3n es a que puedan utilizar esta herramienta, explicarnos bien de qu\u00e9 se trata la materia que est\u00e1n denunciando, adjuntar los medios de verificaci\u00f3n como una fotograf\u00eda o un video para que los Inspectores y nosotros tengamos mayores antecedentes con los cuales ayudar a solucionar este problema ambiental\u201d, sentenci\u00f3 el personero municipal.<\/p>\n<\/div><\/section><\/div><div  style='height:50px' class='hr hr-invisible   avia-builder-el-6  el_after_av_one_full  el_before_av_social_share '><span class='hr-inner ' ><span class='hr-inner-style'><\/span><\/span><\/div><\/p>\n<div  class='av-social-sharing-box  avia-builder-el-7  el_after_av_hr  el_before_av_hr  '><div class='av-share-box'><h5 class='av-share-link-description av-no-toc '>Compartir esta noticia<\/h5><ul class='av-share-box-list noLightbox'><li class='av-share-link av-social-link-facebook' ><a target=\"_blank\" aria-label=\"Compartir en Facebook\" href='https:\/\/www.facebook.com\/sharer.php?u=https:\/\/radiorevelacionfm.cl\/?p=6033&#038;t=Municipio%20de%20Ays%C3%A9n%20reitera%20llamado%20a%20vecinos%20para%20realizar%20denuncias%20ambientales%20en%20su%20p%C3%A1gina%20web' aria-hidden='false' data-av_icon='\ue8f3' data-av_iconfont='entypo-fontello' title='' data-avia-related-tooltip='Compartir en Facebook' rel=\"noopener\"><span class='avia_hidden_link_text'>Compartir en Facebook<\/span><\/a><\/li><li class='av-share-link av-social-link-twitter' ><a target=\"_blank\" aria-label=\"Compartir en Twitter\" href='https:\/\/twitter.com\/share?text=Municipio%20de%20Ays%C3%A9n%20reitera%20llamado%20a%20vecinos%20para%20realizar%20denuncias%20ambientales%20en%20su%20p%C3%A1gina%20web&#038;url=https:\/\/radiorevelacionfm.cl\/?p=6033' aria-hidden='false' data-av_icon='\ue8f1' data-av_iconfont='entypo-fontello' title='' data-avia-related-tooltip='Compartir en Twitter' rel=\"noopener\"><span class='avia_hidden_link_text'>Compartir en Twitter<\/span><\/a><\/li><li class='av-share-link av-social-link-whatsapp' ><a target=\"_blank\" aria-label=\"Compartir en Whatsapp\" href='https:\/\/api.whatsapp.com\/send?text=https:\/\/radiorevelacionfm.cl\/?p=6033' aria-hidden='false' data-av_icon='\uf232' data-av_iconfont='entypo-fontello' title='' data-avia-related-tooltip='Compartir en Whatsapp' rel=\"noopener\"><span class='avia_hidden_link_text'>Compartir en Whatsapp<\/span><\/a><\/li><li class='av-share-link av-social-link-linkedin' ><a target=\"_blank\" aria-label=\"Compartir en LinkedIn\" href='https:\/\/linkedin.com\/shareArticle?mini=true&#038;title=Municipio%20de%20Ays%C3%A9n%20reitera%20llamado%20a%20vecinos%20para%20realizar%20denuncias%20ambientales%20en%20su%20p%C3%A1gina%20web&#038;url=https:\/\/radiorevelacionfm.cl\/?p=6033' aria-hidden='false' data-av_icon='\ue8fc' data-av_iconfont='entypo-fontello' title='' data-avia-related-tooltip='Compartir en LinkedIn' rel=\"noopener\"><span class='avia_hidden_link_text'>Compartir en LinkedIn<\/span><\/a><\/li><li class='av-share-link av-social-link-mail' ><a  aria-label=\"Compartir por correo\" href='mailto:?subject=Municipio%20de%20Ays%C3%A9n%20reitera%20llamado%20a%20vecinos%20para%20realizar%20denuncias%20ambientales%20en%20su%20p%C3%A1gina%20web&#038;body=https:\/\/radiorevelacionfm.cl\/?p=6033' aria-hidden='false' data-av_icon='\ue805' data-av_iconfont='entypo-fontello' title='' data-avia-related-tooltip='Compartir por correo'><span class='avia_hidden_link_text'>Compartir por correo<\/span><\/a><\/li><\/ul><\/div><\/div>\n<div  style='height:50px' class='hr hr-invisible   avia-builder-el-8  el_after_av_social_share  el_before_av_comments_list '><span class='hr-inner ' ><span class='hr-inner-style'><\/span><\/span><\/div>\n<div  class='av-buildercomment  av-blog-meta-html-info-disabled av-blog-meta-tag-disabled  '><\/div>\n","protected":false},"excerpt":{"rendered":"","protected":false},"author":1,"featured_media":6034,"comment_status":"open","ping_status":"open","sticky":false,"template":"","format":"standard","meta":{"footnotes":""},"categories":[39],"tags":[],"class_list":["post-6033","post","type-post","status-publish","format-standard","has-post-thumbnail","hentry","category-medio-ambiente"],"jetpack_featured_media_url":"https:\/\/radiorevelacionfm.cl\/wp-content\/uploads\/2021\/07\/img-damuni2-1-1-1_optimized.png","_links":{"self":[{"href":"https:\/\/radiorevelacionfm.cl\/index.php?rest_route=\/wp\/v2\/posts\/6033","targetHints":{"allow":["GET"]}}],"collection":[{"href":"https:\/\/radiorevelacionfm.cl\/index.php?rest_route=\/wp\/v2\/posts"}],"about":[{"href":"https:\/\/radiorevelacionfm.cl\/index.php?rest_route=\/wp\/v2\/types\/post"}],"author":[{"embeddable":true,"href":"https:\/\/radiorevelacionfm.cl\/index.php?rest_route=\/wp\/v2\/users\/1"}],"replies":[{"embeddable":true,"href":"https:\/\/radiorevelacionfm.cl\/index.php?rest_route=%2Fwp%2Fv2%2Fcomments&post=6033"}],"version-history":[{"count":1,"href":"https:\/\/radiorevelacionfm.cl\/index.php?rest_route=\/wp\/v2\/posts\/6033\/revisions"}],"predecessor-version":[{"id":6035,"href":"https:\/\/radiorevelacionfm.cl\/index.php?rest_route=\/wp\/v2\/posts\/6033\/revisions\/6035"}],"wp:featuredmedia":[{"embeddable":true,"href":"https:\/\/radiorevelacionfm.cl\/index.php?rest_route=\/wp\/v2\/media\/6034"}],"wp:attachment":[{"href":"https:\/\/radiorevelacionfm.cl\/index.php?rest_route=%2Fwp%2Fv2%2Fmedia&parent=6033"}],"wp:term":[{"taxonomy":"category","embeddable":true,"href":"https:\/\/radiorevelacionfm.cl\/index.php?rest_route=%2Fwp%2Fv2%2Fcategories&post=6033"},{"taxonomy":"post_tag","embeddable":true,"href":"https:\/\/radiorevelacionfm.cl\/index.php?rest_route=%2Fwp%2Fv2%2Ftags&post=6033"}],"curies":[{"name":"wp","href":"https:\/\/api.w.org\/{rel}","templated":true}]}}