{"id":60319,"date":"2025-10-14T11:11:55","date_gmt":"2025-10-14T14:11:55","guid":{"rendered":"https:\/\/radiorevelacionfm.cl\/?p=60319"},"modified":"2025-10-14T11:11:55","modified_gmt":"2025-10-14T14:11:55","slug":"senama-expresa-preocupacion-por-situacion-del-eleam-de-coyhaique-y-reafirma-su-compromiso-con-personas-mayores-y-trabajadores","status":"publish","type":"post","link":"https:\/\/radiorevelacionfm.cl\/?p=60319","title":{"rendered":"SENAMA expresa preocupaci\u00f3n por situaci\u00f3n del ELEAM de Coyhaique y reafirma su compromiso con personas mayores y trabajadores"},"content":{"rendered":"<div class=\"flex_column av_one_full  flex_column_div av-zero-column-padding first  avia-builder-el-0  el_before_av_one_full  avia-builder-el-first  \" style='border-radius:0px; '><div  class='avia-image-container  av-styling-    avia-builder-el-1  avia-builder-el-no-sibling  avia-align-center '  itemprop=\"image\" itemscope=\"itemscope\" itemtype=\"https:\/\/schema.org\/ImageObject\"  ><div class='avia-image-container-inner'><div class='avia-image-overlay-wrap'><img decoding=\"async\" class='wp-image-60320 avia-img-lazy-loading-not-60320 avia_image' src=\"https:\/\/radiorevelacionfm.cl\/wp-content\/uploads\/2025\/10\/eleam-coyhaique-1_optimized.jpg\" alt='' title='eleam-coyhaique-(1)_optimized' height=\"600\" width=\"944\"  itemprop=\"thumbnailUrl\" srcset=\"https:\/\/radiorevelacionfm.cl\/wp-content\/uploads\/2025\/10\/eleam-coyhaique-1_optimized.jpg 944w, https:\/\/radiorevelacionfm.cl\/wp-content\/uploads\/2025\/10\/eleam-coyhaique-1_optimized-300x191.jpg 300w, https:\/\/radiorevelacionfm.cl\/wp-content\/uploads\/2025\/10\/eleam-coyhaique-1_optimized-768x488.jpg 768w, https:\/\/radiorevelacionfm.cl\/wp-content\/uploads\/2025\/10\/eleam-coyhaique-1_optimized-705x448.jpg 705w, https:\/\/radiorevelacionfm.cl\/wp-content\/uploads\/2025\/10\/eleam-coyhaique-1_optimized-450x286.jpg 450w, https:\/\/radiorevelacionfm.cl\/wp-content\/uploads\/2025\/10\/eleam-coyhaique-1_optimized-600x381.jpg 600w\" sizes=\"(max-width: 944px) 100vw, 944px\" \/><\/div><\/div><\/div><\/div><div class=\"flex_column av_one_full  flex_column_div av-zero-column-padding first  avia-builder-el-2  el_after_av_one_full  el_before_av_one_full  column-top-margin\" style='border-radius:0px; '><section class=\"av_textblock_section \"  itemscope=\"itemscope\" itemtype=\"https:\/\/schema.org\/BlogPosting\" itemprop=\"blogPost\" ><div class='avia_textblock  '   itemprop=\"text\" ><p style=\"text-align: center;\"><strong><span style=\"font-size: 18pt;\">SENAMA expresa preocupaci\u00f3n por situaci\u00f3n del ELEAM de Coyhaique y reafirma su compromiso con personas mayores y trabajadores<\/span><\/strong><\/p>\n<div id=\"gtx-trans\" style=\"position: absolute; left: -50px; top: 4.31534px;\">\n<div class=\"gtx-trans-icon\"><\/div>\n<\/div>\n<\/div><\/section><\/div><div class=\"flex_column av_one_full  flex_column_div av-zero-column-padding first  avia-builder-el-4  el_after_av_one_full  el_before_av_hr  column-top-margin\" style='border-radius:0px; '><section class=\"av_textblock_section \"  itemscope=\"itemscope\" itemtype=\"https:\/\/schema.org\/BlogPosting\" itemprop=\"blogPost\" ><div class='avia_textblock  '   itemprop=\"text\" ><p style=\"text-align: justify;\"><em>Esta ma\u00f1ana, a trav\u00e9s de un comunicado la Direcci\u00f3n Nacional Servicio Nacional del Adulto Mayor inform\u00f3 respecto de la situaci\u00f3n que afecta al Establecimiento de Larga Estad\u00eda para Personas Mayores (ELEAM) de Coyhaique.<\/em><\/p>\n<p style=\"text-align: justify;\">El Servicio Nacional del Adulto Mayor (SENAMA) informa que est\u00e1 efectuando un permanente seguimiento de la compleja situaci\u00f3n que afecta al Establecimiento de Larga Estad\u00eda para Personas Mayores (ELEAM) de Coyhaique, administrado por la ONG Pather Nostrum, cuyos trabajadores han reportado dificultades en el pago de sus remuneraciones correspondientes al mes de septiembre, situaci\u00f3n que tambi\u00e9n afecta a otros establecimientos operados por dicha ONG en otras regiones.<\/p>\n<p style=\"text-align: justify;\">SENAMA manifiesta su profunda preocupaci\u00f3n por el escenario que enfrentan tanto los residentes como los equipos del establecimiento, subrayando que el bienestar y la protecci\u00f3n de las personas mayores son una prioridad del Estado.<\/p>\n<p style=\"text-align: justify;\">El servicio precisa que la ONG mantiene recursos p\u00fablicos ya transferidos que no han sido debidamente rendidos, situaci\u00f3n que impide efectuar nuevas transferencias conforme a la normativa vigente. Dichos fondos estaban destinados al funcionamiento del ELEAM y al pago de su personal, por lo que el cumplimiento de esas obligaciones es de exclusiva responsabilidad de la entidad operadora. Actualmente, SENAMA se encuentra en conversaciones con la ONG, para que garanticen los montos que a\u00fan estar sin rendir y, de esta manera, se destrabe el conflicto.<\/p>\n<p style=\"text-align: justify;\">El servicio reafirma su compromiso con un sistema de cuidados digno, transparente y sostenible, tanto para las personas mayores, como para sus cuidadores, para ello, se est\u00e1 efectuando una supervisi\u00f3n diaria en el ELEAM para asegurar la disponibilidad de insumos y las condiciones de cuidados de las personas mayores.<\/p>\n<p style=\"text-align: justify;\">El 31 de octubre se acaba el convenio con Pather Nostrum, por lo que se est\u00e1 avanzando en el acuerdo para la gesti\u00f3n del ELEAM de un nuevo operador, quien recibir\u00e1 acompa\u00f1amiento t\u00e9cnico y financiero para que esta transici\u00f3n sea respetuosa con las personas mayores residentes y los trabajadores de la ONG.<\/p>\n<\/div><\/section><\/div><div  style='height:50px' class='hr hr-invisible   avia-builder-el-6  el_after_av_one_full  el_before_av_social_share '><span class='hr-inner ' ><span class='hr-inner-style'><\/span><\/span><\/div><\/p>\n<div  class='av-social-sharing-box  avia-builder-el-7  el_after_av_hr  el_before_av_hr  '><div class='av-share-box'><h5 class='av-share-link-description av-no-toc '>Compartir esta noticia<\/h5><ul class='av-share-box-list noLightbox'><li class='av-share-link av-social-link-facebook' ><a target=\"_blank\" aria-label=\"Compartir en Facebook\" href='https:\/\/www.facebook.com\/sharer.php?u=https:\/\/radiorevelacionfm.cl\/?p=60319&#038;t=SENAMA%20expresa%20preocupaci%C3%B3n%20por%20situaci%C3%B3n%20del%20ELEAM%20de%20Coyhaique%20y%20reafirma%20su%20compromiso%20con%20personas%20mayores%20y%20trabajadores' aria-hidden='false' data-av_icon='\ue8f3' data-av_iconfont='entypo-fontello' title='' data-avia-related-tooltip='Compartir en Facebook' rel=\"noopener\"><span class='avia_hidden_link_text'>Compartir en Facebook<\/span><\/a><\/li><li class='av-share-link av-social-link-twitter' ><a target=\"_blank\" aria-label=\"Compartir en Twitter\" href='https:\/\/twitter.com\/share?text=SENAMA%20expresa%20preocupaci%C3%B3n%20por%20situaci%C3%B3n%20del%20ELEAM%20de%20Coyhaique%20y%20reafirma%20su%20compromiso%20con%20personas%20mayores%20y%20trabajadores&#038;url=https:\/\/radiorevelacionfm.cl\/?p=60319' aria-hidden='false' data-av_icon='\ue8f1' data-av_iconfont='entypo-fontello' title='' data-avia-related-tooltip='Compartir en Twitter' rel=\"noopener\"><span class='avia_hidden_link_text'>Compartir en Twitter<\/span><\/a><\/li><li class='av-share-link av-social-link-whatsapp' ><a target=\"_blank\" aria-label=\"Compartir en Whatsapp\" href='https:\/\/api.whatsapp.com\/send?text=https:\/\/radiorevelacionfm.cl\/?p=60319' aria-hidden='false' data-av_icon='\uf232' data-av_iconfont='entypo-fontello' title='' data-avia-related-tooltip='Compartir en Whatsapp' rel=\"noopener\"><span class='avia_hidden_link_text'>Compartir en Whatsapp<\/span><\/a><\/li><li class='av-share-link av-social-link-linkedin' ><a target=\"_blank\" aria-label=\"Compartir en LinkedIn\" href='https:\/\/linkedin.com\/shareArticle?mini=true&#038;title=SENAMA%20expresa%20preocupaci%C3%B3n%20por%20situaci%C3%B3n%20del%20ELEAM%20de%20Coyhaique%20y%20reafirma%20su%20compromiso%20con%20personas%20mayores%20y%20trabajadores&#038;url=https:\/\/radiorevelacionfm.cl\/?p=60319' aria-hidden='false' data-av_icon='\ue8fc' data-av_iconfont='entypo-fontello' title='' data-avia-related-tooltip='Compartir en LinkedIn' rel=\"noopener\"><span class='avia_hidden_link_text'>Compartir en LinkedIn<\/span><\/a><\/li><li class='av-share-link av-social-link-mail' ><a  aria-label=\"Compartir por correo\" href='mailto:?subject=SENAMA%20expresa%20preocupaci%C3%B3n%20por%20situaci%C3%B3n%20del%20ELEAM%20de%20Coyhaique%20y%20reafirma%20su%20compromiso%20con%20personas%20mayores%20y%20trabajadores&#038;body=https:\/\/radiorevelacionfm.cl\/?p=60319' aria-hidden='false' data-av_icon='\ue805' data-av_iconfont='entypo-fontello' title='' data-avia-related-tooltip='Compartir por correo'><span class='avia_hidden_link_text'>Compartir por correo<\/span><\/a><\/li><\/ul><\/div><\/div>\n<div  style='height:50px' class='hr hr-invisible   avia-builder-el-8  el_after_av_social_share  el_before_av_comments_list '><span class='hr-inner ' ><span class='hr-inner-style'><\/span><\/span><\/div>\n<div  class='av-buildercomment  av-blog-meta-html-info-disabled av-blog-meta-tag-disabled  '><\/div>\n","protected":false},"excerpt":{"rendered":"","protected":false},"author":1,"featured_media":60320,"comment_status":"closed","ping_status":"closed","sticky":false,"template":"","format":"standard","meta":{"footnotes":""},"categories":[38],"tags":[],"class_list":["post-60319","post","type-post","status-publish","format-standard","has-post-thumbnail","hentry","category-regional"],"jetpack_featured_media_url":"https:\/\/radiorevelacionfm.cl\/wp-content\/uploads\/2025\/10\/eleam-coyhaique-1_optimized.jpg","_links":{"self":[{"href":"https:\/\/radiorevelacionfm.cl\/index.php?rest_route=\/wp\/v2\/posts\/60319","targetHints":{"allow":["GET"]}}],"collection":[{"href":"https:\/\/radiorevelacionfm.cl\/index.php?rest_route=\/wp\/v2\/posts"}],"about":[{"href":"https:\/\/radiorevelacionfm.cl\/index.php?rest_route=\/wp\/v2\/types\/post"}],"author":[{"embeddable":true,"href":"https:\/\/radiorevelacionfm.cl\/index.php?rest_route=\/wp\/v2\/users\/1"}],"replies":[{"embeddable":true,"href":"https:\/\/radiorevelacionfm.cl\/index.php?rest_route=%2Fwp%2Fv2%2Fcomments&post=60319"}],"version-history":[{"count":2,"href":"https:\/\/radiorevelacionfm.cl\/index.php?rest_route=\/wp\/v2\/posts\/60319\/revisions"}],"predecessor-version":[{"id":60322,"href":"https:\/\/radiorevelacionfm.cl\/index.php?rest_route=\/wp\/v2\/posts\/60319\/revisions\/60322"}],"wp:featuredmedia":[{"embeddable":true,"href":"https:\/\/radiorevelacionfm.cl\/index.php?rest_route=\/wp\/v2\/media\/60320"}],"wp:attachment":[{"href":"https:\/\/radiorevelacionfm.cl\/index.php?rest_route=%2Fwp%2Fv2%2Fmedia&parent=60319"}],"wp:term":[{"taxonomy":"category","embeddable":true,"href":"https:\/\/radiorevelacionfm.cl\/index.php?rest_route=%2Fwp%2Fv2%2Fcategories&post=60319"},{"taxonomy":"post_tag","embeddable":true,"href":"https:\/\/radiorevelacionfm.cl\/index.php?rest_route=%2Fwp%2Fv2%2Ftags&post=60319"}],"curies":[{"name":"wp","href":"https:\/\/api.w.org\/{rel}","templated":true}]}}