{"id":60315,"date":"2025-10-14T10:48:20","date_gmt":"2025-10-14T13:48:20","guid":{"rendered":"https:\/\/radiorevelacionfm.cl\/?p=60315"},"modified":"2025-10-14T10:48:20","modified_gmt":"2025-10-14T13:48:20","slug":"la-aventura-del-salmon-llevo-los-sabores-de-aysen-a-la-feria-vyva-2025","status":"publish","type":"post","link":"https:\/\/radiorevelacionfm.cl\/?p=60315","title":{"rendered":"\u201cLa Aventura del Salm\u00f3n\u201d llev\u00f3 los sabores de Ays\u00e9n a la Feria VyVA 2025"},"content":{"rendered":"<div class=\"flex_column av_one_full  flex_column_div av-zero-column-padding first  avia-builder-el-0  el_before_av_one_full  avia-builder-el-first  \" style='border-radius:0px; '><div  class='avia-image-container  av-styling-    avia-builder-el-1  avia-builder-el-no-sibling  avia-align-center '  itemprop=\"image\" itemscope=\"itemscope\" itemtype=\"https:\/\/schema.org\/ImageObject\"  ><div class='avia-image-container-inner'><div class='avia-image-overlay-wrap'><img decoding=\"async\" class='wp-image-60316 avia-img-lazy-loading-not-60316 avia_image' src=\"https:\/\/radiorevelacionfm.cl\/wp-content\/uploads\/2025\/10\/salmon-3_optimized-1.jpg\" alt='' title='salmon-(3)_optimized (1)' height=\"600\" width=\"1067\"  itemprop=\"thumbnailUrl\" srcset=\"https:\/\/radiorevelacionfm.cl\/wp-content\/uploads\/2025\/10\/salmon-3_optimized-1.jpg 1067w, https:\/\/radiorevelacionfm.cl\/wp-content\/uploads\/2025\/10\/salmon-3_optimized-1-300x169.jpg 300w, https:\/\/radiorevelacionfm.cl\/wp-content\/uploads\/2025\/10\/salmon-3_optimized-1-1030x579.jpg 1030w, https:\/\/radiorevelacionfm.cl\/wp-content\/uploads\/2025\/10\/salmon-3_optimized-1-768x432.jpg 768w, https:\/\/radiorevelacionfm.cl\/wp-content\/uploads\/2025\/10\/salmon-3_optimized-1-705x396.jpg 705w, https:\/\/radiorevelacionfm.cl\/wp-content\/uploads\/2025\/10\/salmon-3_optimized-1-450x253.jpg 450w, https:\/\/radiorevelacionfm.cl\/wp-content\/uploads\/2025\/10\/salmon-3_optimized-1-600x337.jpg 600w\" sizes=\"(max-width: 1067px) 100vw, 1067px\" \/><\/div><\/div><\/div><\/div><div class=\"flex_column av_one_full  flex_column_div av-zero-column-padding first  avia-builder-el-2  el_after_av_one_full  el_before_av_one_full  column-top-margin\" style='border-radius:0px; '><section class=\"av_textblock_section \"  itemscope=\"itemscope\" itemtype=\"https:\/\/schema.org\/BlogPosting\" itemprop=\"blogPost\" ><div class='avia_textblock  '   itemprop=\"text\" ><p style=\"text-align: center;\"><span style=\"font-size: 18pt;\"><b>\u201cLa Aventura del Salm\u00f3n\u201d llev\u00f3 los sabores de Ays\u00e9n a la Feria VyVA 2025<\/b><\/span><\/p>\n<div id=\"gtx-trans\" style=\"position: absolute; left: -50px; top: 4.31534px;\">\n<div class=\"gtx-trans-icon\"><\/div>\n<\/div>\n<\/div><\/section><\/div><div class=\"flex_column av_one_full  flex_column_div av-zero-column-padding first  avia-builder-el-4  el_after_av_one_full  el_before_av_hr  column-top-margin\" style='border-radius:0px; '><section class=\"av_textblock_section \"  itemscope=\"itemscope\" itemtype=\"https:\/\/schema.org\/BlogPosting\" itemprop=\"blogPost\" ><div class='avia_textblock  '   itemprop=\"text\" ><p style=\"text-align: justify;\"><em>Ocho empresas apoyadas por Corfo Ays\u00e9n participaron en la principal vitrina nacional del turismo, destacando el valor de la gastronom\u00eda sostenible, la identidad territorial y la colaboraci\u00f3n entre emprendedores de la Patagonia.<\/em><\/p>\n<p style=\"text-align: justify;\">Ocho empresas beneficiarias del Programa de Difusi\u00f3n Tecnol\u00f3gica \u201cLa Aventura del Salm\u00f3n\u201d, apoyado por Corfo Ays\u00e9n en el marco del Comit\u00e9 de Desarrollo Productivo Regional, participaron con \u00e9xito en la Feria VyVA 2025, realizada en Santiago. La iniciativa, ejecutada por Guazzini Consultores, cuenta con el apoyo de la C\u00e1mara de Turismo de Puerto Ays\u00e9n, la Municipalidad de Puerto Ays\u00e9n y el Consejo del Salm\u00f3n.<\/p>\n<p style=\"text-align: justify;\">La feria, una de las vitrinas m\u00e1s relevantes del turismo nacional, fue el escenario ideal para mostrar los avances del programa y posicionar la gastronom\u00eda sostenible como producto distintivo de la regi\u00f3n. Las y los emprendedores presentaron sus propuestas, destacando la innovaci\u00f3n, la identidad local y la asociatividad que ha fortalecido al ecosistema gastron\u00f3mico de Ays\u00e9n.<\/p>\n<p style=\"text-align: justify;\">Durante las jornadas, los chefs Rodrigo Bara\u00f1ao y \u00c1lvaro Lois acompa\u00f1aron al grupo en presentaciones culinarias en vivo que deleitaron a un p\u00fablico diverso y especializado. Las preparaciones, elaboradas con ingredientes locales, evidenciaron c\u00f3mo tradici\u00f3n y creatividad se unen para proyectar el potencial tur\u00edstico y cultural del territorio patag\u00f3nico.<\/p>\n<p style=\"text-align: justify;\">\u201cA trav\u00e9s de este programa impulsamos el fortalecimiento de capacidades locales y la valorizaci\u00f3n de la identidad gastron\u00f3mica regional. Nos llena de orgullo ver a estos emprendedores representar a Ays\u00e9n con propuestas innovadoras, sostenibles y con sentido de pertenencia\u201d, se\u00f1al\u00f3 Humberto Mar\u00edn Leiva, director de Corfo Ays\u00e9n.<\/p>\n<p style=\"text-align: justify;\">Por su parte, Jaime Guazzini, consultor a cargo de la ejecuci\u00f3n, destac\u00f3 la alianza entre sectores productivos como ejemplo de colaboraci\u00f3n virtuosa. \u201cEste es un proyecto apoyado por Corfo, el Consejo del Salm\u00f3n y el sector privado. Es una demostraci\u00f3n de que dos sectores productivos, como la salmonicultura y el turismo, pueden complementarse y generar un verdadero win-win. Estamos mostrando Ays\u00e9n a trav\u00e9s de la gastronom\u00eda del salm\u00f3n\u201d, explic\u00f3.<\/p>\n<p style=\"text-align: justify;\">La emprendedora Carmen Guti\u00e9rrez, de Humos de la Patagonia, subray\u00f3 que el evento fue una vitrina perfecta para conectar con el p\u00fablico y poner en valor su trabajo artesanal. Coment\u00f3 que la feria permiti\u00f3 \u201cmostrar sus producto, compartir degustaciones y dar a conocer su calidad y origen patag\u00f3nico. Fue una experiencia maravillosa\u201d, coment\u00f3.<\/p>\n<p style=\"text-align: justify;\">Desde otra mirada, Mar\u00eda Victoria Villegas, representante de Tori Banqueter\u00eda, resalt\u00f3 que el programa ha sido una verdadera escuela para quienes integran la C\u00e1mara de Turismo de Puerto Ays\u00e9n. Gracias a este convenio \u2014explic\u00f3\u2014 se han sumado nuevos socios, compartido aprendizajes y fortalecido lazos entre emprendedores de Ays\u00e9n, Puerto Cisnes y Coyhaique. \u201cLa Aventura del Salm\u00f3n ha sido s\u00faper beneficiosa porque nos ha permitido aprender t\u00e9cnicas culinarias, nivelarnos gastron\u00f3micamente y trabajar unidos. Nos ha ayudado a dar identidad a nuestra gente y a demostrar que s\u00ed tenemos salm\u00f3n, y que podemos construir una excelente gastronom\u00eda en base a \u00e9l\u201d, destac\u00f3.<\/p>\n<p style=\"text-align: justify;\">Para Andr\u00e9s N\u00fa\u00f1ez, chef del restaurante R\u00edo Cisnes del Gran Hotel Ays\u00e9n, la experiencia fue inspiradora. \u201cEsta iniciativa ha permitido conocernos, generar v\u00ednculos entre emprendedores y reconocer el valor de nuestros productos locales. Hoy Ays\u00e9n se est\u00e1 atreviendo a mostrarse, a ocupar espacios y a construir comunidad desde la colaboraci\u00f3n y el orgullo por su territorio\u201d.<\/p>\n<p style=\"text-align: justify;\">El representante del Consejo del Salm\u00f3n, Rolf Traeger, destac\u00f3 el \u00e9xito de la participaci\u00f3n regional en la Feria VyVA, resaltando la alta convocatoria y entusiasmo del p\u00fablico. \u201cCon esta activaci\u00f3n se logr\u00f3 una convocatoria de m\u00e1s de 200 personas en cada actividad, dando a conocer las bondades de Ays\u00e9n Patagonia y las grandes posibilidades del trabajo colaborativo entre el turismo y la salmonicultura\u201d, afirm\u00f3.<\/p>\n<p style=\"text-align: justify;\">La participaci\u00f3n en VyVA 2025 consolida un nuevo paso en el prop\u00f3sito del programa: promover un modelo de desarrollo basado en la sostenibilidad, la identidad y la equidad territorial, con una gastronom\u00eda patag\u00f3nica que ya comienza a conquistar escenarios nacionales.<\/p>\n<\/div><\/section><\/div><div  style='height:50px' class='hr hr-invisible   avia-builder-el-6  el_after_av_one_full  el_before_av_social_share '><span class='hr-inner ' ><span class='hr-inner-style'><\/span><\/span><\/div><\/p>\n<div  class='av-social-sharing-box  avia-builder-el-7  el_after_av_hr  el_before_av_hr  '><div class='av-share-box'><h5 class='av-share-link-description av-no-toc '>Compartir esta noticia<\/h5><ul class='av-share-box-list noLightbox'><li class='av-share-link av-social-link-facebook' ><a target=\"_blank\" aria-label=\"Compartir en Facebook\" href='https:\/\/www.facebook.com\/sharer.php?u=https:\/\/radiorevelacionfm.cl\/?p=60315&#038;t=%E2%80%9CLa%20Aventura%20del%20Salm%C3%B3n%E2%80%9D%20llev%C3%B3%20los%20sabores%20de%20Ays%C3%A9n%20a%20la%20Feria%20VyVA%202025' aria-hidden='false' data-av_icon='\ue8f3' data-av_iconfont='entypo-fontello' title='' data-avia-related-tooltip='Compartir en Facebook' rel=\"noopener\"><span class='avia_hidden_link_text'>Compartir en Facebook<\/span><\/a><\/li><li class='av-share-link av-social-link-twitter' ><a target=\"_blank\" aria-label=\"Compartir en Twitter\" href='https:\/\/twitter.com\/share?text=%E2%80%9CLa%20Aventura%20del%20Salm%C3%B3n%E2%80%9D%20llev%C3%B3%20los%20sabores%20de%20Ays%C3%A9n%20a%20la%20Feria%20VyVA%202025&#038;url=https:\/\/radiorevelacionfm.cl\/?p=60315' aria-hidden='false' data-av_icon='\ue8f1' data-av_iconfont='entypo-fontello' title='' data-avia-related-tooltip='Compartir en Twitter' rel=\"noopener\"><span class='avia_hidden_link_text'>Compartir en Twitter<\/span><\/a><\/li><li class='av-share-link av-social-link-whatsapp' ><a target=\"_blank\" aria-label=\"Compartir en Whatsapp\" href='https:\/\/api.whatsapp.com\/send?text=https:\/\/radiorevelacionfm.cl\/?p=60315' aria-hidden='false' data-av_icon='\uf232' data-av_iconfont='entypo-fontello' title='' data-avia-related-tooltip='Compartir en Whatsapp' rel=\"noopener\"><span class='avia_hidden_link_text'>Compartir en Whatsapp<\/span><\/a><\/li><li class='av-share-link av-social-link-linkedin' ><a target=\"_blank\" aria-label=\"Compartir en LinkedIn\" href='https:\/\/linkedin.com\/shareArticle?mini=true&#038;title=%E2%80%9CLa%20Aventura%20del%20Salm%C3%B3n%E2%80%9D%20llev%C3%B3%20los%20sabores%20de%20Ays%C3%A9n%20a%20la%20Feria%20VyVA%202025&#038;url=https:\/\/radiorevelacionfm.cl\/?p=60315' aria-hidden='false' data-av_icon='\ue8fc' data-av_iconfont='entypo-fontello' title='' data-avia-related-tooltip='Compartir en LinkedIn' rel=\"noopener\"><span class='avia_hidden_link_text'>Compartir en LinkedIn<\/span><\/a><\/li><li class='av-share-link av-social-link-mail' ><a  aria-label=\"Compartir por correo\" href='mailto:?subject=%E2%80%9CLa%20Aventura%20del%20Salm%C3%B3n%E2%80%9D%20llev%C3%B3%20los%20sabores%20de%20Ays%C3%A9n%20a%20la%20Feria%20VyVA%202025&#038;body=https:\/\/radiorevelacionfm.cl\/?p=60315' aria-hidden='false' data-av_icon='\ue805' data-av_iconfont='entypo-fontello' title='' data-avia-related-tooltip='Compartir por correo'><span class='avia_hidden_link_text'>Compartir por correo<\/span><\/a><\/li><\/ul><\/div><\/div>\n<div  style='height:50px' class='hr hr-invisible   avia-builder-el-8  el_after_av_social_share  el_before_av_comments_list '><span class='hr-inner ' ><span class='hr-inner-style'><\/span><\/span><\/div>\n<div  class='av-buildercomment  av-blog-meta-html-info-disabled av-blog-meta-tag-disabled  '><\/div>\n","protected":false},"excerpt":{"rendered":"","protected":false},"author":1,"featured_media":60316,"comment_status":"closed","ping_status":"closed","sticky":false,"template":"","format":"standard","meta":{"footnotes":""},"categories":[38],"tags":[],"class_list":["post-60315","post","type-post","status-publish","format-standard","has-post-thumbnail","hentry","category-regional"],"jetpack_featured_media_url":"https:\/\/radiorevelacionfm.cl\/wp-content\/uploads\/2025\/10\/salmon-3_optimized-1.jpg","_links":{"self":[{"href":"https:\/\/radiorevelacionfm.cl\/index.php?rest_route=\/wp\/v2\/posts\/60315","targetHints":{"allow":["GET"]}}],"collection":[{"href":"https:\/\/radiorevelacionfm.cl\/index.php?rest_route=\/wp\/v2\/posts"}],"about":[{"href":"https:\/\/radiorevelacionfm.cl\/index.php?rest_route=\/wp\/v2\/types\/post"}],"author":[{"embeddable":true,"href":"https:\/\/radiorevelacionfm.cl\/index.php?rest_route=\/wp\/v2\/users\/1"}],"replies":[{"embeddable":true,"href":"https:\/\/radiorevelacionfm.cl\/index.php?rest_route=%2Fwp%2Fv2%2Fcomments&post=60315"}],"version-history":[{"count":2,"href":"https:\/\/radiorevelacionfm.cl\/index.php?rest_route=\/wp\/v2\/posts\/60315\/revisions"}],"predecessor-version":[{"id":60318,"href":"https:\/\/radiorevelacionfm.cl\/index.php?rest_route=\/wp\/v2\/posts\/60315\/revisions\/60318"}],"wp:featuredmedia":[{"embeddable":true,"href":"https:\/\/radiorevelacionfm.cl\/index.php?rest_route=\/wp\/v2\/media\/60316"}],"wp:attachment":[{"href":"https:\/\/radiorevelacionfm.cl\/index.php?rest_route=%2Fwp%2Fv2%2Fmedia&parent=60315"}],"wp:term":[{"taxonomy":"category","embeddable":true,"href":"https:\/\/radiorevelacionfm.cl\/index.php?rest_route=%2Fwp%2Fv2%2Fcategories&post=60315"},{"taxonomy":"post_tag","embeddable":true,"href":"https:\/\/radiorevelacionfm.cl\/index.php?rest_route=%2Fwp%2Fv2%2Ftags&post=60315"}],"curies":[{"name":"wp","href":"https:\/\/api.w.org\/{rel}","templated":true}]}}