{"id":60311,"date":"2025-10-14T17:11:06","date_gmt":"2025-10-14T20:11:06","guid":{"rendered":"https:\/\/radiorevelacionfm.cl\/?p=60311"},"modified":"2025-10-14T17:11:06","modified_gmt":"2025-10-14T20:11:06","slug":"senadora-ordenes-buscara-corregir-rebajas-significativas-a-programas-clave-del-ministerio-de-educacion-en-la-ley-de-presupuestos-2026","status":"publish","type":"post","link":"https:\/\/radiorevelacionfm.cl\/?p=60311","title":{"rendered":"Senadora \u00d3rdenes buscar\u00e1 corregir \u201crebajas significativas\u201d a programas clave del ministerio de educaci\u00f3n en la ley de presupuestos 2026"},"content":{"rendered":"<div class=\"flex_column av_one_full  flex_column_div av-zero-column-padding first  avia-builder-el-0  el_before_av_one_full  avia-builder-el-first  \" style='border-radius:0px; '><div  class='avia-image-container  av-styling-    avia-builder-el-1  avia-builder-el-no-sibling  avia-align-center '  itemprop=\"image\" itemscope=\"itemscope\" itemtype=\"https:\/\/schema.org\/ImageObject\"  ><div class='avia-image-container-inner'><div class='avia-image-overlay-wrap'><img decoding=\"async\" class='wp-image-60312 avia-img-lazy-loading-not-60312 avia_image' src=\"https:\/\/radiorevelacionfm.cl\/wp-content\/uploads\/2025\/10\/WhatsApp-Image-2025-10-08-at-16.28.12-1-1.jpeg\" alt='' title='WhatsApp Image 2025-10-08 at 16.28.12 (1) (1)' height=\"600\" width=\"898\"  itemprop=\"thumbnailUrl\" srcset=\"https:\/\/radiorevelacionfm.cl\/wp-content\/uploads\/2025\/10\/WhatsApp-Image-2025-10-08-at-16.28.12-1-1.jpeg 898w, https:\/\/radiorevelacionfm.cl\/wp-content\/uploads\/2025\/10\/WhatsApp-Image-2025-10-08-at-16.28.12-1-1-300x200.jpeg 300w, https:\/\/radiorevelacionfm.cl\/wp-content\/uploads\/2025\/10\/WhatsApp-Image-2025-10-08-at-16.28.12-1-1-768x513.jpeg 768w, https:\/\/radiorevelacionfm.cl\/wp-content\/uploads\/2025\/10\/WhatsApp-Image-2025-10-08-at-16.28.12-1-1-705x471.jpeg 705w, https:\/\/radiorevelacionfm.cl\/wp-content\/uploads\/2025\/10\/WhatsApp-Image-2025-10-08-at-16.28.12-1-1-450x301.jpeg 450w, https:\/\/radiorevelacionfm.cl\/wp-content\/uploads\/2025\/10\/WhatsApp-Image-2025-10-08-at-16.28.12-1-1-600x401.jpeg 600w\" sizes=\"(max-width: 898px) 100vw, 898px\" \/><\/div><\/div><\/div><\/div><div class=\"flex_column av_one_full  flex_column_div av-zero-column-padding first  avia-builder-el-2  el_after_av_one_full  el_before_av_one_full  column-top-margin\" style='border-radius:0px; '><section class=\"av_textblock_section \"  itemscope=\"itemscope\" itemtype=\"https:\/\/schema.org\/BlogPosting\" itemprop=\"blogPost\" ><div class='avia_textblock  '   itemprop=\"text\" ><p style=\"text-align: center;\"><strong><span style=\"font-size: 18pt;\">Senadora \u00d3rdenes buscar\u00e1 corregir \u201crebajas significativas\u201d a programas clave del ministerio de educaci\u00f3n en la ley de presupuestos 2026<\/span><\/strong><\/p>\n<div id=\"gtx-trans\" style=\"position: absolute; left: -50px; top: 4.31534px;\">\n<div class=\"gtx-trans-icon\"><\/div>\n<\/div>\n<\/div><\/section><\/div><div class=\"flex_column av_one_full  flex_column_div av-zero-column-padding first  avia-builder-el-4  el_after_av_one_full  el_before_av_hr  column-top-margin\" style='border-radius:0px; '><section class=\"av_textblock_section \"  itemscope=\"itemscope\" itemtype=\"https:\/\/schema.org\/BlogPosting\" itemprop=\"blogPost\" ><div class='avia_textblock  '   itemprop=\"text\" ><p style=\"text-align: justify;\">Con la noticia de que el Presupuesto 2026 s\u00f3lo crecer\u00e1 un 1,7%, con el fin de reducir el d\u00e9ficit fiscal, convergiendo entre ingresos y gastos, las y los parlamentarios que participan de la discusi\u00f3n ya han advertido estrechez en el presupuesto de algunos ministerios.<\/p>\n<p style=\"text-align: justify;\">En este contexto, la senadora representante de la regi\u00f3n de Ays\u00e9n, Ximena Ordenes Neira ha se\u00f1alado que le parece preocupante el caso del Mineduc, que solo crece un 1% en 2026, con se\u00f1ales negativas para el sistema escolar, con la ca\u00edda sobre un 2% de la inversi\u00f3n en la educaci\u00f3n primaria y con recortes en Junji y programas clave de la Junaeb.<\/p>\n<p style=\"text-align: justify;\">\u201cSeguimos revisando los presupuestos para este a\u00f1o 2026\u201d, advirti\u00f3 Ordenes, \u201cy en el caso del Ministerio de Educaci\u00f3n, hemos manifestado nuestra preocupaci\u00f3n por la significativa rebaja en programas tan importantes como el programa de Salud Mental, el de entrega de \u00fatiles escolares y tambi\u00e9n para el programa que establece la entrega de computadores a alumnos y alumnas de s\u00e9ptimo b\u00e1sico\u201d.<\/p>\n<p style=\"text-align: justify;\">La legisladora se\u00f1al\u00f3 que por este motivo se dej\u00f3 la discusi\u00f3n m\u00e1s a detalle de estos \u00edtem para despu\u00e9s, asegurando que buscar\u00e1 corregir estos recortes. \u201cM\u00e1s all\u00e1 de que hay que hacer ajustes, en los temas de educaci\u00f3n, particularmente sobre la entrega de beneficios, creo que hay que hacer el esfuerzo necesario para reponer recursos y poner los focos donde tienen que estar. Que est\u00e9n las herramientas para una mejor educaci\u00f3n de nuestros ni\u00f1os, ni\u00f1as y j\u00f3venes en Chile\u201d, sostuvo Ximena Ordenes.<\/p>\n<p style=\"text-align: justify;\"><strong>Reducci\u00f3n en Junaeb para el 2026<\/strong><\/p>\n<p style=\"text-align: justify;\">En el caso espec\u00edfico de Junaeb, la preocupaci\u00f3n est\u00e1 puesta en el Programa Especial de \u00datiles Escolares, que presenta una disminuci\u00f3n de 21%, respecto al presupuesto ley 2025. Esto significa una disminuci\u00f3n de cerca de 300 mil sets menos que los entregados este 2025, lo que representa un importante beneficio para cientos de miles de familias respecto a lo solicitado por los establecimientos escolares.<\/p>\n<p style=\"text-align: justify;\">Del mismo modo, el Programa de Becas Acceso a TICs presenta una disminuci\u00f3n del 31,5% respecto al presupuesto 2025, con una disminuci\u00f3n de m\u00e1s de 35 mil beneficiados. Un beneficio reconocido por reducir las brechas de acceso digital de estudiantes de s\u00e9ptimo b\u00e1sico de establecimientos p\u00fablicos y particulares subvencionados de todo el pa\u00eds.<\/p>\n<p style=\"text-align: justify;\">Finalmente, otro programa que presenta una disminuci\u00f3n de 40%, respecto al 2025 es la Asistencia M\u00e9dica parvularia, b\u00e1sica y media, lo que se traduce en cerca de 150 mil prestaciones menos y un impacto en la salud p\u00fablica, en tanto no existe la posibilidad de que el Sistema de Salud absorba esta carga, al ser un programa que es reconocido por hacerse cargo del proceso completo de atenci\u00f3n, desde la pesquisa al tratamiento.<\/p>\n<\/div><\/section><\/div><div  style='height:50px' class='hr hr-invisible   avia-builder-el-6  el_after_av_one_full  el_before_av_social_share '><span class='hr-inner ' ><span class='hr-inner-style'><\/span><\/span><\/div><\/p>\n<div  class='av-social-sharing-box  avia-builder-el-7  el_after_av_hr  el_before_av_hr  '><div class='av-share-box'><h5 class='av-share-link-description av-no-toc '>Compartir esta noticia<\/h5><ul class='av-share-box-list noLightbox'><li class='av-share-link av-social-link-facebook' ><a target=\"_blank\" aria-label=\"Compartir en Facebook\" href='https:\/\/www.facebook.com\/sharer.php?u=https:\/\/radiorevelacionfm.cl\/?p=60311&#038;t=Senadora%20%C3%93rdenes%20buscar%C3%A1%20corregir%20%E2%80%9Crebajas%20significativas%E2%80%9D%20a%20programas%20clave%20del%20ministerio%20de%20educaci%C3%B3n%20en%20la%20ley%20de%20presupuestos%202026' aria-hidden='false' data-av_icon='\ue8f3' data-av_iconfont='entypo-fontello' title='' data-avia-related-tooltip='Compartir en Facebook' rel=\"noopener\"><span class='avia_hidden_link_text'>Compartir en Facebook<\/span><\/a><\/li><li class='av-share-link av-social-link-twitter' ><a target=\"_blank\" aria-label=\"Compartir en Twitter\" href='https:\/\/twitter.com\/share?text=Senadora%20%C3%93rdenes%20buscar%C3%A1%20corregir%20%E2%80%9Crebajas%20significativas%E2%80%9D%20a%20programas%20clave%20del%20ministerio%20de%20educaci%C3%B3n%20en%20la%20ley%20de%20presupuestos%202026&#038;url=https:\/\/radiorevelacionfm.cl\/?p=60311' aria-hidden='false' data-av_icon='\ue8f1' data-av_iconfont='entypo-fontello' title='' data-avia-related-tooltip='Compartir en Twitter' rel=\"noopener\"><span class='avia_hidden_link_text'>Compartir en Twitter<\/span><\/a><\/li><li class='av-share-link av-social-link-whatsapp' ><a target=\"_blank\" aria-label=\"Compartir en Whatsapp\" href='https:\/\/api.whatsapp.com\/send?text=https:\/\/radiorevelacionfm.cl\/?p=60311' aria-hidden='false' data-av_icon='\uf232' data-av_iconfont='entypo-fontello' title='' data-avia-related-tooltip='Compartir en Whatsapp' rel=\"noopener\"><span class='avia_hidden_link_text'>Compartir en Whatsapp<\/span><\/a><\/li><li class='av-share-link av-social-link-linkedin' ><a target=\"_blank\" aria-label=\"Compartir en LinkedIn\" href='https:\/\/linkedin.com\/shareArticle?mini=true&#038;title=Senadora%20%C3%93rdenes%20buscar%C3%A1%20corregir%20%E2%80%9Crebajas%20significativas%E2%80%9D%20a%20programas%20clave%20del%20ministerio%20de%20educaci%C3%B3n%20en%20la%20ley%20de%20presupuestos%202026&#038;url=https:\/\/radiorevelacionfm.cl\/?p=60311' aria-hidden='false' data-av_icon='\ue8fc' data-av_iconfont='entypo-fontello' title='' data-avia-related-tooltip='Compartir en LinkedIn' rel=\"noopener\"><span class='avia_hidden_link_text'>Compartir en LinkedIn<\/span><\/a><\/li><li class='av-share-link av-social-link-mail' ><a  aria-label=\"Compartir por correo\" href='mailto:?subject=Senadora%20%C3%93rdenes%20buscar%C3%A1%20corregir%20%E2%80%9Crebajas%20significativas%E2%80%9D%20a%20programas%20clave%20del%20ministerio%20de%20educaci%C3%B3n%20en%20la%20ley%20de%20presupuestos%202026&#038;body=https:\/\/radiorevelacionfm.cl\/?p=60311' aria-hidden='false' data-av_icon='\ue805' data-av_iconfont='entypo-fontello' title='' data-avia-related-tooltip='Compartir por correo'><span class='avia_hidden_link_text'>Compartir por correo<\/span><\/a><\/li><\/ul><\/div><\/div>\n<div  style='height:50px' class='hr hr-invisible   avia-builder-el-8  el_after_av_social_share  el_before_av_comments_list '><span class='hr-inner ' ><span class='hr-inner-style'><\/span><\/span><\/div>\n<div  class='av-buildercomment  av-blog-meta-html-info-disabled av-blog-meta-tag-disabled  '><\/div>\n","protected":false},"excerpt":{"rendered":"","protected":false},"author":1,"featured_media":60312,"comment_status":"closed","ping_status":"closed","sticky":false,"template":"","format":"standard","meta":{"footnotes":""},"categories":[35],"tags":[],"class_list":["post-60311","post","type-post","status-publish","format-standard","has-post-thumbnail","hentry","category-politica"],"jetpack_featured_media_url":"https:\/\/radiorevelacionfm.cl\/wp-content\/uploads\/2025\/10\/WhatsApp-Image-2025-10-08-at-16.28.12-1-1.jpeg","_links":{"self":[{"href":"https:\/\/radiorevelacionfm.cl\/index.php?rest_route=\/wp\/v2\/posts\/60311","targetHints":{"allow":["GET"]}}],"collection":[{"href":"https:\/\/radiorevelacionfm.cl\/index.php?rest_route=\/wp\/v2\/posts"}],"about":[{"href":"https:\/\/radiorevelacionfm.cl\/index.php?rest_route=\/wp\/v2\/types\/post"}],"author":[{"embeddable":true,"href":"https:\/\/radiorevelacionfm.cl\/index.php?rest_route=\/wp\/v2\/users\/1"}],"replies":[{"embeddable":true,"href":"https:\/\/radiorevelacionfm.cl\/index.php?rest_route=%2Fwp%2Fv2%2Fcomments&post=60311"}],"version-history":[{"count":2,"href":"https:\/\/radiorevelacionfm.cl\/index.php?rest_route=\/wp\/v2\/posts\/60311\/revisions"}],"predecessor-version":[{"id":60345,"href":"https:\/\/radiorevelacionfm.cl\/index.php?rest_route=\/wp\/v2\/posts\/60311\/revisions\/60345"}],"wp:featuredmedia":[{"embeddable":true,"href":"https:\/\/radiorevelacionfm.cl\/index.php?rest_route=\/wp\/v2\/media\/60312"}],"wp:attachment":[{"href":"https:\/\/radiorevelacionfm.cl\/index.php?rest_route=%2Fwp%2Fv2%2Fmedia&parent=60311"}],"wp:term":[{"taxonomy":"category","embeddable":true,"href":"https:\/\/radiorevelacionfm.cl\/index.php?rest_route=%2Fwp%2Fv2%2Fcategories&post=60311"},{"taxonomy":"post_tag","embeddable":true,"href":"https:\/\/radiorevelacionfm.cl\/index.php?rest_route=%2Fwp%2Fv2%2Ftags&post=60311"}],"curies":[{"name":"wp","href":"https:\/\/api.w.org\/{rel}","templated":true}]}}