{"id":60306,"date":"2025-10-13T22:02:03","date_gmt":"2025-10-14T01:02:03","guid":{"rendered":"https:\/\/radiorevelacionfm.cl\/?p=60306"},"modified":"2025-10-13T22:02:03","modified_gmt":"2025-10-14T01:02:03","slug":"fallece-rene-olivares-el-artista-que-dio-identidad-visual-a-los-jaivas-y-a-la-musica-chilena","status":"publish","type":"post","link":"https:\/\/radiorevelacionfm.cl\/?p=60306","title":{"rendered":"Fallece Ren\u00e9 Olivares, el artista que dio identidad visual a Los Jaivas y a la m\u00fasica chilena"},"content":{"rendered":"<div class=\"flex_column av_one_full  flex_column_div av-zero-column-padding first  avia-builder-el-0  el_before_av_one_full  avia-builder-el-first  \" style='border-radius:0px; '><div  class='avia-image-container  av-styling-    avia-builder-el-1  avia-builder-el-no-sibling  avia-align-center '  itemprop=\"image\" itemscope=\"itemscope\" itemtype=\"https:\/\/schema.org\/ImageObject\"  ><div class='avia-image-container-inner'><div class='avia-image-overlay-wrap'><img decoding=\"async\" class='wp-image-60307 avia-img-lazy-loading-not-60307 avia_image' src=\"https:\/\/radiorevelacionfm.cl\/wp-content\/uploads\/2025\/10\/rene-olivares-los-jaivas-1-1.jpg\" alt='' title='rene-olivares-los-jaivas (1) (1)' height=\"600\" width=\"1067\"  itemprop=\"thumbnailUrl\" srcset=\"https:\/\/radiorevelacionfm.cl\/wp-content\/uploads\/2025\/10\/rene-olivares-los-jaivas-1-1.jpg 1067w, https:\/\/radiorevelacionfm.cl\/wp-content\/uploads\/2025\/10\/rene-olivares-los-jaivas-1-1-300x169.jpg 300w, https:\/\/radiorevelacionfm.cl\/wp-content\/uploads\/2025\/10\/rene-olivares-los-jaivas-1-1-1030x579.jpg 1030w, https:\/\/radiorevelacionfm.cl\/wp-content\/uploads\/2025\/10\/rene-olivares-los-jaivas-1-1-768x432.jpg 768w, https:\/\/radiorevelacionfm.cl\/wp-content\/uploads\/2025\/10\/rene-olivares-los-jaivas-1-1-705x396.jpg 705w, https:\/\/radiorevelacionfm.cl\/wp-content\/uploads\/2025\/10\/rene-olivares-los-jaivas-1-1-450x253.jpg 450w, https:\/\/radiorevelacionfm.cl\/wp-content\/uploads\/2025\/10\/rene-olivares-los-jaivas-1-1-600x337.jpg 600w\" sizes=\"(max-width: 1067px) 100vw, 1067px\" \/><\/div><\/div><\/div><\/div><div class=\"flex_column av_one_full  flex_column_div av-zero-column-padding first  avia-builder-el-2  el_after_av_one_full  el_before_av_one_full  column-top-margin\" style='border-radius:0px; '><section class=\"av_textblock_section \"  itemscope=\"itemscope\" itemtype=\"https:\/\/schema.org\/BlogPosting\" itemprop=\"blogPost\" ><div class='avia_textblock  '   itemprop=\"text\" ><p style=\"text-align: center;\"><strong><span style=\"font-size: 18pt;\">Fallece Ren\u00e9 Olivares, el artista que dio identidad visual a Los Jaivas y a la m\u00fasica chilena<\/span><\/strong><\/p>\n<div id=\"gtx-trans\" style=\"position: absolute; left: -50px; top: 4.31534px;\">\n<div class=\"gtx-trans-icon\"><\/div>\n<\/div>\n<\/div><\/section><\/div><div class=\"flex_column av_one_full  flex_column_div av-zero-column-padding first  avia-builder-el-4  el_after_av_one_full  el_before_av_hr  column-top-margin\" style='border-radius:0px; '><section class=\"av_textblock_section \"  itemscope=\"itemscope\" itemtype=\"https:\/\/schema.org\/BlogPosting\" itemprop=\"blogPost\" ><div class='avia_textblock  '   itemprop=\"text\" ><p style=\"text-align: justify;\">El arte nacional perdi\u00f3 a una de sus figuras m\u00e1s influyentes. Este lunes se confirm\u00f3 el fallecimiento de <strong>Ren\u00e9 Olivares (1946\u20132025)<\/strong>, destacado pintor, ilustrador y dise\u00f1ador gr\u00e1fico, conocido por haber creado la inconfundible iconograf\u00eda visual de <strong>Los Jaivas<\/strong>, una de las bandas m\u00e1s importantes de la m\u00fasica latinoamericana.<\/p>\n<p style=\"text-align: justify;\">Autor de car\u00e1tulas legendarias como <em>Alturas de Machu Picchu<\/em>, <em>Obras de Violeta Parra<\/em> y <em>Canci\u00f3n del Sur<\/em>, Olivares logr\u00f3 algo poco com\u00fan en el \u00e1mbito musical: construir, a trav\u00e9s del dise\u00f1o, un universo simb\u00f3lico inseparable del sonido. Su estilo, caracterizado por la fusi\u00f3n de elementos andinos, surrealismo y colorido psicod\u00e9lico, dio rostro a la est\u00e9tica visual de la agrupaci\u00f3n, transform\u00e1ndose en parte de su identidad cultural.<\/p>\n<p style=\"text-align: justify;\">M\u00e1s que un dise\u00f1ador, Olivares fue considerado \u201cel sexto Jaiva\u201d, y su v\u00ednculo con la banda se extendi\u00f3 por m\u00e1s de cinco d\u00e9cadas. Su obra acompa\u00f1\u00f3 el tr\u00e1nsito del grupo desde los experimentos psicod\u00e9licos de los a\u00f1os 70 hasta su consolidaci\u00f3n como \u00edcono del rock latinoamericano con ra\u00edces andinas.<\/p>\n<p style=\"text-align: justify;\">El <strong>director de Dise\u00f1o del Campus Creativo de la Universidad Andr\u00e9s Bello, Manuel Figueroa<\/strong>, destac\u00f3 el legado del artista:<\/p>\n<p style=\"text-align: justify;\">\u201cLa importancia de las car\u00e1tulas de disco ha sido muy trascendente en la historia de la m\u00fasica, no solo por su valor est\u00e9tico, sino por el dise\u00f1o como lenguaje. Lo que realiz\u00f3 Ren\u00e9 Olivares es pr\u00e1cticamente lo mismo que hizo, por ejemplo, el dise\u00f1ador Ray Miles en el sello Blue Note: crear una identidad visual inconfundible. Una car\u00e1tula no solamente adorna un disco, sino que habla de su m\u00fasica; es un pr\u00f3logo de lo que vas a escuchar\u201d, se\u00f1al\u00f3.<\/p>\n<p style=\"text-align: justify;\">En esa misma l\u00ednea compar\u00f3 su trabajo con lo realizado por Vicente Larrea con aproximadamente 100 caratulas de disco para la nueva canci\u00f3n chilena entre el 67 y 73 y a nivel internacional con Peter Saville en los a\u00f1os 80s para grupos como Joy Division, New Order para Factory Records.<\/p>\n<p style=\"text-align: justify;\">El impacto de Olivares trasciende la historia de Los Jaivas. Sus creaciones marcaron una \u00e9poca en la que las portadas eran un puente entre el arte y la m\u00fasica, antes de la era digital. En ellas se combinaban pintura, tipograf\u00eda y simbolismo, generando obras que se transformaron en \u00edconos culturales y en parte del imaginario colectivo chileno.<\/p>\n<p style=\"text-align: justify;\">En una era dominada por las plataformas digitales y los lanzamientos virtuales, la obra de Ren\u00e9 Olivares recuerda la importancia de lo tangible, de la car\u00e1tula como experiencia visual que anticipa el sonido y prolonga su memoria.<\/p>\n<p style=\"text-align: justify;\">Con su partida, la m\u00fasica chilena pierde a uno de sus creadores m\u00e1s integrales: un artista que, desde la pintura, ayud\u00f3 a definir la forma en que el pa\u00eds imagin\u00f3 \u2014y escuch\u00f3\u2014 su identidad.<\/p>\n<\/div><\/section><\/div><div  style='height:50px' class='hr hr-invisible   avia-builder-el-6  el_after_av_one_full  el_before_av_social_share '><span class='hr-inner ' ><span class='hr-inner-style'><\/span><\/span><\/div><\/p>\n<div  class='av-social-sharing-box  avia-builder-el-7  el_after_av_hr  el_before_av_hr  '><div class='av-share-box'><h5 class='av-share-link-description av-no-toc '>Compartir esta noticia<\/h5><ul class='av-share-box-list noLightbox'><li class='av-share-link av-social-link-facebook' ><a target=\"_blank\" aria-label=\"Compartir en Facebook\" href='https:\/\/www.facebook.com\/sharer.php?u=https:\/\/radiorevelacionfm.cl\/?p=60306&#038;t=Fallece%20Ren%C3%A9%20Olivares%2C%20el%20artista%20que%20dio%20identidad%20visual%20a%20Los%20Jaivas%20y%20a%20la%20m%C3%BAsica%20chilena' aria-hidden='false' data-av_icon='\ue8f3' data-av_iconfont='entypo-fontello' title='' data-avia-related-tooltip='Compartir en Facebook' rel=\"noopener\"><span class='avia_hidden_link_text'>Compartir en Facebook<\/span><\/a><\/li><li class='av-share-link av-social-link-twitter' ><a target=\"_blank\" aria-label=\"Compartir en Twitter\" href='https:\/\/twitter.com\/share?text=Fallece%20Ren%C3%A9%20Olivares%2C%20el%20artista%20que%20dio%20identidad%20visual%20a%20Los%20Jaivas%20y%20a%20la%20m%C3%BAsica%20chilena&#038;url=https:\/\/radiorevelacionfm.cl\/?p=60306' aria-hidden='false' data-av_icon='\ue8f1' data-av_iconfont='entypo-fontello' title='' data-avia-related-tooltip='Compartir en Twitter' rel=\"noopener\"><span class='avia_hidden_link_text'>Compartir en Twitter<\/span><\/a><\/li><li class='av-share-link av-social-link-whatsapp' ><a target=\"_blank\" aria-label=\"Compartir en Whatsapp\" href='https:\/\/api.whatsapp.com\/send?text=https:\/\/radiorevelacionfm.cl\/?p=60306' aria-hidden='false' data-av_icon='\uf232' data-av_iconfont='entypo-fontello' title='' data-avia-related-tooltip='Compartir en Whatsapp' rel=\"noopener\"><span class='avia_hidden_link_text'>Compartir en Whatsapp<\/span><\/a><\/li><li class='av-share-link av-social-link-linkedin' ><a target=\"_blank\" aria-label=\"Compartir en LinkedIn\" href='https:\/\/linkedin.com\/shareArticle?mini=true&#038;title=Fallece%20Ren%C3%A9%20Olivares%2C%20el%20artista%20que%20dio%20identidad%20visual%20a%20Los%20Jaivas%20y%20a%20la%20m%C3%BAsica%20chilena&#038;url=https:\/\/radiorevelacionfm.cl\/?p=60306' aria-hidden='false' data-av_icon='\ue8fc' data-av_iconfont='entypo-fontello' title='' data-avia-related-tooltip='Compartir en LinkedIn' rel=\"noopener\"><span class='avia_hidden_link_text'>Compartir en LinkedIn<\/span><\/a><\/li><li class='av-share-link av-social-link-mail' ><a  aria-label=\"Compartir por correo\" href='mailto:?subject=Fallece%20Ren%C3%A9%20Olivares%2C%20el%20artista%20que%20dio%20identidad%20visual%20a%20Los%20Jaivas%20y%20a%20la%20m%C3%BAsica%20chilena&#038;body=https:\/\/radiorevelacionfm.cl\/?p=60306' aria-hidden='false' data-av_icon='\ue805' data-av_iconfont='entypo-fontello' title='' data-avia-related-tooltip='Compartir por correo'><span class='avia_hidden_link_text'>Compartir por correo<\/span><\/a><\/li><\/ul><\/div><\/div>\n<div  style='height:50px' class='hr hr-invisible   avia-builder-el-8  el_after_av_social_share  el_before_av_comments_list '><span class='hr-inner ' ><span class='hr-inner-style'><\/span><\/span><\/div>\n<div  class='av-buildercomment  av-blog-meta-html-info-disabled av-blog-meta-tag-disabled  '><\/div>\n","protected":false},"excerpt":{"rendered":"","protected":false},"author":1,"featured_media":60307,"comment_status":"closed","ping_status":"closed","sticky":false,"template":"","format":"standard","meta":{"footnotes":""},"categories":[43],"tags":[],"class_list":["post-60306","post","type-post","status-publish","format-standard","has-post-thumbnail","hentry","category-musica"],"jetpack_featured_media_url":"https:\/\/radiorevelacionfm.cl\/wp-content\/uploads\/2025\/10\/rene-olivares-los-jaivas-1-1.jpg","_links":{"self":[{"href":"https:\/\/radiorevelacionfm.cl\/index.php?rest_route=\/wp\/v2\/posts\/60306","targetHints":{"allow":["GET"]}}],"collection":[{"href":"https:\/\/radiorevelacionfm.cl\/index.php?rest_route=\/wp\/v2\/posts"}],"about":[{"href":"https:\/\/radiorevelacionfm.cl\/index.php?rest_route=\/wp\/v2\/types\/post"}],"author":[{"embeddable":true,"href":"https:\/\/radiorevelacionfm.cl\/index.php?rest_route=\/wp\/v2\/users\/1"}],"replies":[{"embeddable":true,"href":"https:\/\/radiorevelacionfm.cl\/index.php?rest_route=%2Fwp%2Fv2%2Fcomments&post=60306"}],"version-history":[{"count":2,"href":"https:\/\/radiorevelacionfm.cl\/index.php?rest_route=\/wp\/v2\/posts\/60306\/revisions"}],"predecessor-version":[{"id":60309,"href":"https:\/\/radiorevelacionfm.cl\/index.php?rest_route=\/wp\/v2\/posts\/60306\/revisions\/60309"}],"wp:featuredmedia":[{"embeddable":true,"href":"https:\/\/radiorevelacionfm.cl\/index.php?rest_route=\/wp\/v2\/media\/60307"}],"wp:attachment":[{"href":"https:\/\/radiorevelacionfm.cl\/index.php?rest_route=%2Fwp%2Fv2%2Fmedia&parent=60306"}],"wp:term":[{"taxonomy":"category","embeddable":true,"href":"https:\/\/radiorevelacionfm.cl\/index.php?rest_route=%2Fwp%2Fv2%2Fcategories&post=60306"},{"taxonomy":"post_tag","embeddable":true,"href":"https:\/\/radiorevelacionfm.cl\/index.php?rest_route=%2Fwp%2Fv2%2Ftags&post=60306"}],"curies":[{"name":"wp","href":"https:\/\/api.w.org\/{rel}","templated":true}]}}