{"id":60302,"date":"2025-10-13T21:55:14","date_gmt":"2025-10-14T00:55:14","guid":{"rendered":"https:\/\/radiorevelacionfm.cl\/?p=60302"},"modified":"2025-10-13T21:55:14","modified_gmt":"2025-10-14T00:55:14","slug":"urge-solucion-definitiva-para-planta-de-tratamiento-de-aguas-servidas-en-valle-simpson-vecinos-manifiestan-preocupacion-por-la-demora","status":"publish","type":"post","link":"https:\/\/radiorevelacionfm.cl\/?p=60302","title":{"rendered":"Urge soluci\u00f3n definitiva para planta de tratamiento de aguas servidas en Valle Simpson: Vecinos manifiestan preocupaci\u00f3n por la demora"},"content":{"rendered":"<div class=\"flex_column av_one_full  flex_column_div av-zero-column-padding first  avia-builder-el-0  el_before_av_one_full  avia-builder-el-first  \" style='border-radius:0px; '><div  class='avia-image-container  av-styling-    avia-builder-el-1  avia-builder-el-no-sibling  avia-align-center '  itemprop=\"image\" itemscope=\"itemscope\" itemtype=\"https:\/\/schema.org\/ImageObject\"  ><div class='avia-image-container-inner'><div class='avia-image-overlay-wrap'><img decoding=\"async\" class='wp-image-60303 avia-img-lazy-loading-not-60303 avia_image' src=\"https:\/\/radiorevelacionfm.cl\/wp-content\/uploads\/2025\/10\/FOTO-MAC-VALLE-SIMPSON-1-1.jpg\" alt='' title='FOTO MAC VALLE SIMPSON (1) (1)' height=\"600\" width=\"1067\"  itemprop=\"thumbnailUrl\" srcset=\"https:\/\/radiorevelacionfm.cl\/wp-content\/uploads\/2025\/10\/FOTO-MAC-VALLE-SIMPSON-1-1.jpg 1067w, https:\/\/radiorevelacionfm.cl\/wp-content\/uploads\/2025\/10\/FOTO-MAC-VALLE-SIMPSON-1-1-300x169.jpg 300w, https:\/\/radiorevelacionfm.cl\/wp-content\/uploads\/2025\/10\/FOTO-MAC-VALLE-SIMPSON-1-1-1030x579.jpg 1030w, https:\/\/radiorevelacionfm.cl\/wp-content\/uploads\/2025\/10\/FOTO-MAC-VALLE-SIMPSON-1-1-768x432.jpg 768w, https:\/\/radiorevelacionfm.cl\/wp-content\/uploads\/2025\/10\/FOTO-MAC-VALLE-SIMPSON-1-1-705x396.jpg 705w, https:\/\/radiorevelacionfm.cl\/wp-content\/uploads\/2025\/10\/FOTO-MAC-VALLE-SIMPSON-1-1-450x253.jpg 450w, https:\/\/radiorevelacionfm.cl\/wp-content\/uploads\/2025\/10\/FOTO-MAC-VALLE-SIMPSON-1-1-600x337.jpg 600w\" sizes=\"(max-width: 1067px) 100vw, 1067px\" \/><\/div><\/div><\/div><\/div><div class=\"flex_column av_one_full  flex_column_div av-zero-column-padding first  avia-builder-el-2  el_after_av_one_full  el_before_av_one_full  column-top-margin\" style='border-radius:0px; '><section class=\"av_textblock_section \"  itemscope=\"itemscope\" itemtype=\"https:\/\/schema.org\/BlogPosting\" itemprop=\"blogPost\" ><div class='avia_textblock  '   itemprop=\"text\" ><p style=\"text-align: center;\"><strong><span style=\"font-size: 18pt;\">Urge soluci\u00f3n definitiva para planta de tratamiento de aguas servidas en Valle Simpson: Vecinos manifiestan preocupaci\u00f3n por la demora<\/span><\/strong><\/p>\n<div id=\"gtx-trans\" style=\"position: absolute; left: -50px; top: 4.31534px;\">\n<div class=\"gtx-trans-icon\"><\/div>\n<\/div>\n<\/div><\/section><\/div><div class=\"flex_column av_one_full  flex_column_div av-zero-column-padding first  avia-builder-el-4  el_after_av_one_full  el_before_av_hr  column-top-margin\" style='border-radius:0px; '><section class=\"av_textblock_section \"  itemscope=\"itemscope\" itemtype=\"https:\/\/schema.org\/BlogPosting\" itemprop=\"blogPost\" ><div class='avia_textblock  '   itemprop=\"text\" ><p style=\"text-align: justify;\">El diputado\u00a0Miguel \u00c1ngel Calisto\u00a0sostuvo una reuni\u00f3n con dirigentes y vecinos de\u00a0Valle Simpson\u00a0para abordar la \u00abhist\u00f3rica\u00bb problem\u00e1tica de la\u00a0Planta de Tratamiento de Aguas Servidas\u00a0de la localidad, cuya demora en la concreci\u00f3n de una soluci\u00f3n definitiva genera creciente preocupaci\u00f3n y \u00abcansancio\u00bb entre los habitantes.<\/p>\n<p style=\"text-align: justify;\">La comunidad, representada por su Junta de Vecinos, expres\u00f3 su frustraci\u00f3n ante la falta de avances concretos. La actual ubicaci\u00f3n de la planta, en medio de la zona urbana, genera problemas de olores y limita el desarrollo del sector, incluyendo la proyectada construcci\u00f3n de un nuevo liceo y de viviendas sociales.<\/p>\n<p style=\"text-align: justify;\">Tras la reuni\u00f3n, el diputado Calisto enfatiz\u00f3 la necesidad de una soluci\u00f3n de largo aliento que resuelva de forma integral el saneamiento sanitario del valle y permita su crecimiento futuro. \u00abSostuvimos una importante reuni\u00f3n con la directiva y los vecinos de Valle Simpson para abordar un problema que es hist\u00f3rico y que tiene cansados a los vecinos: la planta de tratamiento. Se acord\u00f3 solicitar los recursos y la prefactibilidad para reubicar la planta a un lugar definitivo\u00bb, se\u00f1al\u00f3 el diputado Calisto.<\/p>\n<p style=\"text-align: justify;\">\u00abEsto es vital no solo para solucionar el problema del saneamiento y la mantenci\u00f3n, sino tambi\u00e9n para\u00a0permitir que muchos vecinos que hoy no est\u00e1n conectados se integren, y para que los comit\u00e9s de vivienda puedan proyectar sus casas y construir en nuevos terrenos, porque Valle Simpson tiene que seguir creciendo.\u00bb<\/p>\n<p style=\"text-align: justify;\">El parlamentario fue enf\u00e1tico al indicar que la planta actual no puede permanecer donde est\u00e1, ya que \u00abcomplica el crecimiento del futuro liceo de Valle Simpson\u00bb y es \u00abun problema que hay que solucionar de una vez por el tema de los olores y la ubicaci\u00f3n\u00bb.<\/p>\n<p style=\"text-align: justify;\">La comunidad, en tanto, manifest\u00f3 su decepci\u00f3n por la falta de un horizonte claro tras a\u00f1os de gestiones.<\/p>\n<p style=\"text-align: justify;\">Daniela Saavedra, Presidenta de la Junta de Vecinos de Valle Simpson, lament\u00f3 que una soluci\u00f3n de mediano plazo previamente acordada ya no sea viable. \u00abTuvimos esta reuni\u00f3n debido a que no se va a realizar un comodato que era uno de los compromisos a mediano plazo. Tuvimos que ver hoy c\u00f3mo vamos a gestionar el tema del largo plazo para la planta de tratamiento. Es una necesidad que viene hace muchos a\u00f1os. Es un tema triste para todos los vecinos, porque\u00a0no hay ninguna soluci\u00f3n todav\u00eda definitiva. Esperamos que con estas reuniones y la pr\u00f3xima del 20 de octubre, puedan traer algo m\u00e1s concreto,\u00bb indic\u00f3 Saavedra.<\/p>\n<p style=\"text-align: justify;\">Por su parte,\u00a0Ilse Vel\u00e1squez, tesorera de la Junta de Vecinos, manifest\u00f3 que el avance ha sido lento y que se necesita mayor acci\u00f3n de las autoridades. \u00abLa importancia de esta reuni\u00f3n hoy d\u00eda era saber el avance del tema de la planta de tratamiento, pero realmente\u00a0no hemos tenido mucho avance. Con la presencia del diputado, ojal\u00e1 avanzar para que se haga\u00a0a corto o largo plazo una soluci\u00f3n definitiva para Valle Simpson. Creo que\u00a0falta un poquito m\u00e1s de trabajo, un poquito m\u00e1s de presi\u00f3n,\u00bb concluy\u00f3 Vel\u00e1squez.<\/p>\n<p style=\"text-align: justify;\">Tanto los vecinos como el diputado Calisto se comprometieron a seguir coordinando esfuerzos con el municipio y las autoridades competentes, como la SUBDERE, para gestionar a la brevedad los recursos que permitan iniciar los estudios de prefactibilidad y lograr la anhelada reubicaci\u00f3n de la planta de aguas\u00a0servidas, que es vista como la \u00fanica soluci\u00f3n definitiva al problema.<\/p>\n<\/div><\/section><\/div><div  style='height:50px' class='hr hr-invisible   avia-builder-el-6  el_after_av_one_full  el_before_av_social_share '><span class='hr-inner ' ><span class='hr-inner-style'><\/span><\/span><\/div><\/p>\n<div  class='av-social-sharing-box  avia-builder-el-7  el_after_av_hr  el_before_av_hr  '><div class='av-share-box'><h5 class='av-share-link-description av-no-toc '>Compartir esta noticia<\/h5><ul class='av-share-box-list noLightbox'><li class='av-share-link av-social-link-facebook' ><a target=\"_blank\" aria-label=\"Compartir en Facebook\" href='https:\/\/www.facebook.com\/sharer.php?u=https:\/\/radiorevelacionfm.cl\/?p=60302&#038;t=Urge%20soluci%C3%B3n%20definitiva%20para%20planta%20de%20tratamiento%20de%20aguas%20servidas%20en%20Valle%20Simpson%3A%20Vecinos%20manifiestan%20preocupaci%C3%B3n%20por%20la%20demora' aria-hidden='false' data-av_icon='\ue8f3' data-av_iconfont='entypo-fontello' title='' data-avia-related-tooltip='Compartir en Facebook' rel=\"noopener\"><span class='avia_hidden_link_text'>Compartir en Facebook<\/span><\/a><\/li><li class='av-share-link av-social-link-twitter' ><a target=\"_blank\" aria-label=\"Compartir en Twitter\" href='https:\/\/twitter.com\/share?text=Urge%20soluci%C3%B3n%20definitiva%20para%20planta%20de%20tratamiento%20de%20aguas%20servidas%20en%20Valle%20Simpson%3A%20Vecinos%20manifiestan%20preocupaci%C3%B3n%20por%20la%20demora&#038;url=https:\/\/radiorevelacionfm.cl\/?p=60302' aria-hidden='false' data-av_icon='\ue8f1' data-av_iconfont='entypo-fontello' title='' data-avia-related-tooltip='Compartir en Twitter' rel=\"noopener\"><span class='avia_hidden_link_text'>Compartir en Twitter<\/span><\/a><\/li><li class='av-share-link av-social-link-whatsapp' ><a target=\"_blank\" aria-label=\"Compartir en Whatsapp\" href='https:\/\/api.whatsapp.com\/send?text=https:\/\/radiorevelacionfm.cl\/?p=60302' aria-hidden='false' data-av_icon='\uf232' data-av_iconfont='entypo-fontello' title='' data-avia-related-tooltip='Compartir en Whatsapp' rel=\"noopener\"><span class='avia_hidden_link_text'>Compartir en Whatsapp<\/span><\/a><\/li><li class='av-share-link av-social-link-linkedin' ><a target=\"_blank\" aria-label=\"Compartir en LinkedIn\" href='https:\/\/linkedin.com\/shareArticle?mini=true&#038;title=Urge%20soluci%C3%B3n%20definitiva%20para%20planta%20de%20tratamiento%20de%20aguas%20servidas%20en%20Valle%20Simpson%3A%20Vecinos%20manifiestan%20preocupaci%C3%B3n%20por%20la%20demora&#038;url=https:\/\/radiorevelacionfm.cl\/?p=60302' aria-hidden='false' data-av_icon='\ue8fc' data-av_iconfont='entypo-fontello' title='' data-avia-related-tooltip='Compartir en LinkedIn' rel=\"noopener\"><span class='avia_hidden_link_text'>Compartir en LinkedIn<\/span><\/a><\/li><li class='av-share-link av-social-link-mail' ><a  aria-label=\"Compartir por correo\" href='mailto:?subject=Urge%20soluci%C3%B3n%20definitiva%20para%20planta%20de%20tratamiento%20de%20aguas%20servidas%20en%20Valle%20Simpson%3A%20Vecinos%20manifiestan%20preocupaci%C3%B3n%20por%20la%20demora&#038;body=https:\/\/radiorevelacionfm.cl\/?p=60302' aria-hidden='false' data-av_icon='\ue805' data-av_iconfont='entypo-fontello' title='' data-avia-related-tooltip='Compartir por correo'><span class='avia_hidden_link_text'>Compartir por correo<\/span><\/a><\/li><\/ul><\/div><\/div>\n<div  style='height:50px' class='hr hr-invisible   avia-builder-el-8  el_after_av_social_share  el_before_av_comments_list '><span class='hr-inner ' ><span class='hr-inner-style'><\/span><\/span><\/div>\n<div  class='av-buildercomment  av-blog-meta-html-info-disabled av-blog-meta-tag-disabled  '><\/div>\n","protected":false},"excerpt":{"rendered":"","protected":false},"author":1,"featured_media":60303,"comment_status":"closed","ping_status":"closed","sticky":false,"template":"","format":"standard","meta":{"footnotes":""},"categories":[38],"tags":[],"class_list":["post-60302","post","type-post","status-publish","format-standard","has-post-thumbnail","hentry","category-regional"],"jetpack_featured_media_url":"https:\/\/radiorevelacionfm.cl\/wp-content\/uploads\/2025\/10\/FOTO-MAC-VALLE-SIMPSON-1-1.jpg","_links":{"self":[{"href":"https:\/\/radiorevelacionfm.cl\/index.php?rest_route=\/wp\/v2\/posts\/60302","targetHints":{"allow":["GET"]}}],"collection":[{"href":"https:\/\/radiorevelacionfm.cl\/index.php?rest_route=\/wp\/v2\/posts"}],"about":[{"href":"https:\/\/radiorevelacionfm.cl\/index.php?rest_route=\/wp\/v2\/types\/post"}],"author":[{"embeddable":true,"href":"https:\/\/radiorevelacionfm.cl\/index.php?rest_route=\/wp\/v2\/users\/1"}],"replies":[{"embeddable":true,"href":"https:\/\/radiorevelacionfm.cl\/index.php?rest_route=%2Fwp%2Fv2%2Fcomments&post=60302"}],"version-history":[{"count":2,"href":"https:\/\/radiorevelacionfm.cl\/index.php?rest_route=\/wp\/v2\/posts\/60302\/revisions"}],"predecessor-version":[{"id":60305,"href":"https:\/\/radiorevelacionfm.cl\/index.php?rest_route=\/wp\/v2\/posts\/60302\/revisions\/60305"}],"wp:featuredmedia":[{"embeddable":true,"href":"https:\/\/radiorevelacionfm.cl\/index.php?rest_route=\/wp\/v2\/media\/60303"}],"wp:attachment":[{"href":"https:\/\/radiorevelacionfm.cl\/index.php?rest_route=%2Fwp%2Fv2%2Fmedia&parent=60302"}],"wp:term":[{"taxonomy":"category","embeddable":true,"href":"https:\/\/radiorevelacionfm.cl\/index.php?rest_route=%2Fwp%2Fv2%2Fcategories&post=60302"},{"taxonomy":"post_tag","embeddable":true,"href":"https:\/\/radiorevelacionfm.cl\/index.php?rest_route=%2Fwp%2Fv2%2Ftags&post=60302"}],"curies":[{"name":"wp","href":"https:\/\/api.w.org\/{rel}","templated":true}]}}