{"id":6030,"date":"2021-07-07T18:06:20","date_gmt":"2021-07-07T21:06:20","guid":{"rendered":"https:\/\/radiorevelacionfm.cl\/?p=6030"},"modified":"2021-07-07T18:06:20","modified_gmt":"2021-07-07T21:06:20","slug":"inician-educa-sostenible-programa-educativo-en-energia-en-la-region-de-aysen","status":"publish","type":"post","link":"https:\/\/radiorevelacionfm.cl\/?p=6030","title":{"rendered":"Inician Educa Sostenible &#8211; Programa educativo en energ\u00eda en la Regi\u00f3n de Ays\u00e9n"},"content":{"rendered":"<div class=\"flex_column av_one_full  flex_column_div av-zero-column-padding first  avia-builder-el-0  el_before_av_one_full  avia-builder-el-first  \" style='border-radius:0px; '><div  class='avia-image-container  av-styling-    avia-builder-el-1  avia-builder-el-no-sibling  avia-align-center '  itemprop=\"image\" itemscope=\"itemscope\" itemtype=\"https:\/\/schema.org\/ImageObject\"  ><div class='avia-image-container-inner'><div class='avia-image-overlay-wrap'><img decoding=\"async\" class='wp-image-0 avia-img-lazy-loading-not-0 avia_image' src=\"https:\/\/radiorevelacionfm.cl\/wp-content\/uploads\/2021\/07\/Educa-Sostenible-Aysen-1-1.png\" alt='' title=''   itemprop=\"thumbnailUrl\"  \/><\/div><\/div><\/div><\/div><div class=\"flex_column av_one_full  flex_column_div av-zero-column-padding first  avia-builder-el-2  el_after_av_one_full  el_before_av_one_full  column-top-margin\" style='border-radius:0px; '><section class=\"av_textblock_section \"  itemscope=\"itemscope\" itemtype=\"https:\/\/schema.org\/BlogPosting\" itemprop=\"blogPost\" ><div class='avia_textblock  '   itemprop=\"text\" ><p style=\"text-align: center;\"><strong><span style=\"font-size: 18pt;\">Inician Educa Sostenible &#8211; Programa educativo en energ\u00eda en la Regi\u00f3n de Ays\u00e9n<\/span><\/strong><\/p>\n<div id=\"gtx-trans\" style=\"position: absolute; left: -50px; top: 4.31534px;\">\n<div class=\"gtx-trans-icon\"><\/div>\n<\/div>\n<\/div><\/section><\/div><div class=\"flex_column av_one_full  flex_column_div av-zero-column-padding first  avia-builder-el-4  el_after_av_one_full  el_before_av_hr  column-top-margin\" style='border-radius:0px; '><section class=\"av_textblock_section \"  itemscope=\"itemscope\" itemtype=\"https:\/\/schema.org\/BlogPosting\" itemprop=\"blogPost\" ><div class='avia_textblock  '   itemprop=\"text\" ><p style=\"text-align: justify;\">Incorporar la sostenibilidad energ\u00e9tica en todos los niveles educativos, desde una mirada de gesti\u00f3n institucional, pedag\u00f3gica, comunitaria, y reconociendo la diversidad local, mediante la generaci\u00f3n y fortalecimiento de capacidades en toda la comunidad educativa, es el objetivo de \u201cEduca Sostenible &#8211; Programa educativo en energ\u00eda\u201d, iniciativa de la Agencia de Sostenibilidad Energ\u00e9tica y el Ministerio de Energ\u00eda, que ya inici\u00f3 sus actividades en la Regi\u00f3n de Ays\u00e9n.<\/p>\n<p style=\"text-align: justify;\">Al respecto el Seremi de Energ\u00eda, Juan Luis Amen\u00e1bar, destac\u00f3 que \u201cfortalecer la educaci\u00f3n energ\u00e9tica es clave si queremos avanzar de manera certera hacia el desarrollo sostenible de nuestra regi\u00f3n. Para ello es fundamental comenzar a educar a la comunidad desde la primera infancia sobre la importancia de cuidar los recursos. Ese es el objetivo del programa Educa Sostenible, crear una cultura energ\u00e9tica en las comunidades educativas regionales que forman parte de esta iniciativa, para aportar as\u00ed a la formaci\u00f3n de ni\u00f1os, ni\u00f1as y j\u00f3venes conscientes de su entorno y del impacto del uso de la energ\u00eda en sus actividades cotidianas, y se transformen as\u00ed en embajadores de la sostenibilidad energ\u00e9tica regional presente y futura\u201d.<\/p>\n<p style=\"text-align: justify;\">Ays\u00e9n es una de las cuatro regiones de Chile en las que se est\u00e1 implementando de forma piloto esta iniciativa, que es el redise\u00f1o del Programa Educativo Integral en Eficiencia Energ\u00e9tica desarrollado entre los a\u00f1os 2011 y 2020 en m\u00e1s de 600 establecimientos de todo el pa\u00eds.<\/p>\n<p style=\"text-align: justify;\">Actualmente, Educa Sostenible \u2013 Programa educativo en energ\u00eda, abarca 60 establecimientos de las regiones de Atacama, Metropolitana, La Araucan\u00eda y Ays\u00e9n. \u201cHoy estamos viviendo la mayor transici\u00f3n energ\u00e9tica de los \u00faltimos 150 a\u00f1os, pasando de quemar combustibles f\u00f3siles al uso de energ\u00edas renovables y la eficiencia energ\u00e9tica, todo esto enmarcado en la lucha contra el cambio clim\u00e1tico. Hacer frente a este tremendo desaf\u00edo requerir\u00e1 un importante cambio cultural, y por eso es tan importante lo que estamos haciendo hoy d\u00eda, lanzando este programa Educa Sostenible en los establecimientos educacionales de Ays\u00e9n, para poder ir generando gradualmente este cambio cultural que necesitamos para enfrentar estos nuevos desaf\u00edos\u201d se\u00f1al\u00f3 Ignacio Santelices, Director Ejecutivo de la AgenciaSE.<\/p>\n<p style=\"text-align: justify;\">Cabe destacar que el programa ha sido desarrollado en conjunto con el MINEDUC, especialmente con la Subsecretar\u00eda de Educaci\u00f3n General y con la Subsecretar\u00eda de Educaci\u00f3n Parvularia, por lo que integra actividades pedag\u00f3gicas actualizadas con el curr\u00edculum vigente, la transversalidad educativa y metodolog\u00edas activas de aprendizaje.<\/p>\n<p style=\"text-align: justify;\">En Ays\u00e9n, el programa inici\u00f3 sus actividades en diciembre del a\u00f1o 2020, con la realizaci\u00f3n de un autodiagn\u00f3stico por parte de los 12 establecimientos educacionales seleccionados: ocho de Coyhaique, tres de Puerto Ays\u00e9n y uno de Chile Chico.<\/p>\n<p style=\"text-align: justify;\">Al respecto el Seremi de Educaci\u00f3n Sergio Becerra Mera indic\u00f3 que \u201cvaloramos muy positivamente el programa Educa Sostenible- iniciativa formativa en el \u00e1mbito de la energ\u00eda, en el que est\u00e1n participando activamente 12 establecimientos de la regi\u00f3n, jardines infantiles, escuelas y liceos. Esperamos que se sumen otros planteles al programa Educa Sostenible y sus diversas iniciativas. Vemos mucha motivaci\u00f3n en nuestras comunidades educativas frente a estas tem\u00e1ticas, de parte de los profesores y estudiantes, hay propuestas y creatividad. Esto lo queremos potenciar a trav\u00e9s de este programa de gobierno\u201d.<\/p>\n<p style=\"text-align: justify;\">Entre las actividades desarrolladas durante este a\u00f1o se cuentan reuniones con los sostenedores de los establecimientos participantes para coordinar la implementaci\u00f3n del programa, adem\u00e1s de reuniones con directores\/as y las comunidades educativas para planificar las distintas acciones que abordar\u00e1n los cuatro \u00e1mbitos del programa educativo: liderazgo, pedag\u00f3gico, recursos energ\u00e9ticos y comunidad.<\/p>\n<p style=\"text-align: justify;\">Cabe destacar que el profesional a cargo en la regi\u00f3n es el facilitador Jorge Fuentes, Ingeniero Ambiental con experiencia en asesor\u00eda educativa, quien realiza la asesor\u00eda, capacitaci\u00f3n y acompa\u00f1amiento en las comunidades educativas en el marco de Educa Sostenible &#8211; Programa educativo en energ\u00eda.<\/p>\n<p style=\"text-align: justify;\">Para m\u00e1s informaci\u00f3n, visitar la p\u00e1gina<a href=\"https:\/\/urldefense.proofpoint.com\/v2\/url?u=http-3A__www.educasosteniblechile.cl_&amp;d=DwMFaQ&amp;c=Qvu8eBVhfTOjjkZtl-XPrBXLSzvqQdkUOVVzVcPA_04&amp;r=NaWk2I7VpNjSugexMCi_QHyEGjYCZ5lWhYysT4Z0PIE&amp;m=W_fwb4cma_rRD1VVDKpDLqO2EWMIMV1MpnUri6EjOwQ&amp;s=VgY7GIP0zQ0tNft49OedEJYxmJbiRoTKwWqL9j5mKsU&amp;e=\"> www.educasosteniblechile.cl<\/a>. Adem\u00e1s, todo el material educativo en energ\u00eda utilizado en Educa Sostenible, se encuentra disponible en <a href=\"https:\/\/urldefense.proofpoint.com\/v2\/url?u=https-3A__www.mienergia.cl_centro-2Dde-2Drecursos&amp;d=DwMFaQ&amp;c=Qvu8eBVhfTOjjkZtl-XPrBXLSzvqQdkUOVVzVcPA_04&amp;r=NaWk2I7VpNjSugexMCi_QHyEGjYCZ5lWhYysT4Z0PIE&amp;m=W_fwb4cma_rRD1VVDKpDLqO2EWMIMV1MpnUri6EjOwQ&amp;s=sIqP1Sgwarr7EWrnS7tQBxGSSryFtOKcPBcmtPTrVjQ&amp;e=\">https:\/\/www.mienergia.cl\/centro-de-recursos<\/a>.-<\/p>\n<\/div><\/section><\/div><div  style='height:50px' class='hr hr-invisible   avia-builder-el-6  el_after_av_one_full  el_before_av_social_share '><span class='hr-inner ' ><span class='hr-inner-style'><\/span><\/span><\/div><\/p>\n<div  class='av-social-sharing-box  avia-builder-el-7  el_after_av_hr  el_before_av_hr  '><div class='av-share-box'><h5 class='av-share-link-description av-no-toc '>Compartir esta noticia<\/h5><ul class='av-share-box-list noLightbox'><li class='av-share-link av-social-link-facebook' ><a target=\"_blank\" aria-label=\"Compartir en Facebook\" href='https:\/\/www.facebook.com\/sharer.php?u=https:\/\/radiorevelacionfm.cl\/?p=6030&#038;t=Inician%20Educa%20Sostenible%20%E2%80%93%20Programa%20educativo%20en%20energ%C3%ADa%20en%20la%20Regi%C3%B3n%20de%20Ays%C3%A9n' aria-hidden='false' data-av_icon='\ue8f3' data-av_iconfont='entypo-fontello' title='' data-avia-related-tooltip='Compartir en Facebook' rel=\"noopener\"><span class='avia_hidden_link_text'>Compartir en Facebook<\/span><\/a><\/li><li class='av-share-link av-social-link-twitter' ><a target=\"_blank\" aria-label=\"Compartir en Twitter\" href='https:\/\/twitter.com\/share?text=Inician%20Educa%20Sostenible%20%E2%80%93%20Programa%20educativo%20en%20energ%C3%ADa%20en%20la%20Regi%C3%B3n%20de%20Ays%C3%A9n&#038;url=https:\/\/radiorevelacionfm.cl\/?p=6030' aria-hidden='false' data-av_icon='\ue8f1' data-av_iconfont='entypo-fontello' title='' data-avia-related-tooltip='Compartir en Twitter' rel=\"noopener\"><span class='avia_hidden_link_text'>Compartir en Twitter<\/span><\/a><\/li><li class='av-share-link av-social-link-whatsapp' ><a target=\"_blank\" aria-label=\"Compartir en Whatsapp\" href='https:\/\/api.whatsapp.com\/send?text=https:\/\/radiorevelacionfm.cl\/?p=6030' aria-hidden='false' data-av_icon='\uf232' data-av_iconfont='entypo-fontello' title='' data-avia-related-tooltip='Compartir en Whatsapp' rel=\"noopener\"><span class='avia_hidden_link_text'>Compartir en Whatsapp<\/span><\/a><\/li><li class='av-share-link av-social-link-linkedin' ><a target=\"_blank\" aria-label=\"Compartir en LinkedIn\" href='https:\/\/linkedin.com\/shareArticle?mini=true&#038;title=Inician%20Educa%20Sostenible%20%E2%80%93%20Programa%20educativo%20en%20energ%C3%ADa%20en%20la%20Regi%C3%B3n%20de%20Ays%C3%A9n&#038;url=https:\/\/radiorevelacionfm.cl\/?p=6030' aria-hidden='false' data-av_icon='\ue8fc' data-av_iconfont='entypo-fontello' title='' data-avia-related-tooltip='Compartir en LinkedIn' rel=\"noopener\"><span class='avia_hidden_link_text'>Compartir en LinkedIn<\/span><\/a><\/li><li class='av-share-link av-social-link-mail' ><a  aria-label=\"Compartir por correo\" href='mailto:?subject=Inician%20Educa%20Sostenible%20%E2%80%93%20Programa%20educativo%20en%20energ%C3%ADa%20en%20la%20Regi%C3%B3n%20de%20Ays%C3%A9n&#038;body=https:\/\/radiorevelacionfm.cl\/?p=6030' aria-hidden='false' data-av_icon='\ue805' data-av_iconfont='entypo-fontello' title='' data-avia-related-tooltip='Compartir por correo'><span class='avia_hidden_link_text'>Compartir por correo<\/span><\/a><\/li><\/ul><\/div><\/div>\n<div  style='height:50px' class='hr hr-invisible   avia-builder-el-8  el_after_av_social_share  el_before_av_comments_list '><span class='hr-inner ' ><span class='hr-inner-style'><\/span><\/span><\/div>\n<div  class='av-buildercomment  av-blog-meta-html-info-disabled av-blog-meta-tag-disabled  '><\/div>\n","protected":false},"excerpt":{"rendered":"","protected":false},"author":1,"featured_media":0,"comment_status":"open","ping_status":"open","sticky":false,"template":"","format":"standard","meta":{"footnotes":""},"categories":[38],"tags":[],"class_list":["post-6030","post","type-post","status-publish","format-standard","hentry","category-regional"],"jetpack_featured_media_url":"","_links":{"self":[{"href":"https:\/\/radiorevelacionfm.cl\/index.php?rest_route=\/wp\/v2\/posts\/6030","targetHints":{"allow":["GET"]}}],"collection":[{"href":"https:\/\/radiorevelacionfm.cl\/index.php?rest_route=\/wp\/v2\/posts"}],"about":[{"href":"https:\/\/radiorevelacionfm.cl\/index.php?rest_route=\/wp\/v2\/types\/post"}],"author":[{"embeddable":true,"href":"https:\/\/radiorevelacionfm.cl\/index.php?rest_route=\/wp\/v2\/users\/1"}],"replies":[{"embeddable":true,"href":"https:\/\/radiorevelacionfm.cl\/index.php?rest_route=%2Fwp%2Fv2%2Fcomments&post=6030"}],"version-history":[{"count":1,"href":"https:\/\/radiorevelacionfm.cl\/index.php?rest_route=\/wp\/v2\/posts\/6030\/revisions"}],"predecessor-version":[{"id":6032,"href":"https:\/\/radiorevelacionfm.cl\/index.php?rest_route=\/wp\/v2\/posts\/6030\/revisions\/6032"}],"wp:attachment":[{"href":"https:\/\/radiorevelacionfm.cl\/index.php?rest_route=%2Fwp%2Fv2%2Fmedia&parent=6030"}],"wp:term":[{"taxonomy":"category","embeddable":true,"href":"https:\/\/radiorevelacionfm.cl\/index.php?rest_route=%2Fwp%2Fv2%2Fcategories&post=6030"},{"taxonomy":"post_tag","embeddable":true,"href":"https:\/\/radiorevelacionfm.cl\/index.php?rest_route=%2Fwp%2Fv2%2Ftags&post=6030"}],"curies":[{"name":"wp","href":"https:\/\/api.w.org\/{rel}","templated":true}]}}