{"id":60298,"date":"2025-10-13T21:14:11","date_gmt":"2025-10-14T00:14:11","guid":{"rendered":"https:\/\/radiorevelacionfm.cl\/?p=60298"},"modified":"2025-10-13T21:14:11","modified_gmt":"2025-10-14T00:14:11","slug":"realizan-la-primera-feria-de-seguridad-en-coyhaique-junto-a-entidades-publicas-y-privadas","status":"publish","type":"post","link":"https:\/\/radiorevelacionfm.cl\/?p=60298","title":{"rendered":"Realizan la Primera Feria de Seguridad en Coyhaique junto a entidades p\u00fablicas y privadas"},"content":{"rendered":"<div class=\"flex_column av_one_full  flex_column_div av-zero-column-padding first  avia-builder-el-0  el_before_av_one_full  avia-builder-el-first  \" style='border-radius:0px; '><div  class='avia-image-container  av-styling-    avia-builder-el-1  avia-builder-el-no-sibling  avia-align-center '  itemprop=\"image\" itemscope=\"itemscope\" itemtype=\"https:\/\/schema.org\/ImageObject\"  ><div class='avia-image-container-inner'><div class='avia-image-overlay-wrap'><img decoding=\"async\" class='wp-image-60299 avia-img-lazy-loading-not-60299 avia_image' src=\"https:\/\/radiorevelacionfm.cl\/wp-content\/uploads\/2025\/10\/feria-de-seguridad3-1_optimized.jpeg\" alt='' title='feria-de-seguridad3-(1)_optimized' height=\"600\" width=\"800\"  itemprop=\"thumbnailUrl\" srcset=\"https:\/\/radiorevelacionfm.cl\/wp-content\/uploads\/2025\/10\/feria-de-seguridad3-1_optimized.jpeg 800w, https:\/\/radiorevelacionfm.cl\/wp-content\/uploads\/2025\/10\/feria-de-seguridad3-1_optimized-300x225.jpeg 300w, https:\/\/radiorevelacionfm.cl\/wp-content\/uploads\/2025\/10\/feria-de-seguridad3-1_optimized-768x576.jpeg 768w, https:\/\/radiorevelacionfm.cl\/wp-content\/uploads\/2025\/10\/feria-de-seguridad3-1_optimized-705x529.jpeg 705w, https:\/\/radiorevelacionfm.cl\/wp-content\/uploads\/2025\/10\/feria-de-seguridad3-1_optimized-450x338.jpeg 450w, https:\/\/radiorevelacionfm.cl\/wp-content\/uploads\/2025\/10\/feria-de-seguridad3-1_optimized-600x450.jpeg 600w\" sizes=\"(max-width: 800px) 100vw, 800px\" \/><\/div><\/div><\/div><\/div><div class=\"flex_column av_one_full  flex_column_div av-zero-column-padding first  avia-builder-el-2  el_after_av_one_full  el_before_av_one_full  column-top-margin\" style='border-radius:0px; '><section class=\"av_textblock_section \"  itemscope=\"itemscope\" itemtype=\"https:\/\/schema.org\/BlogPosting\" itemprop=\"blogPost\" ><div class='avia_textblock  '   itemprop=\"text\" ><p style=\"text-align: center;\"><strong><span style=\"font-size: 18pt;\">Realizan la Primera Feria de Seguridad en Coyhaique junto a entidades p\u00fablicas y privadas<\/span><\/strong><\/p>\n<div id=\"gtx-trans\" style=\"position: absolute; left: -50px; top: 4.31534px;\">\n<div class=\"gtx-trans-icon\"><\/div>\n<\/div>\n<\/div><\/section><\/div><div class=\"flex_column av_one_full  flex_column_div av-zero-column-padding first  avia-builder-el-4  el_after_av_one_full  el_before_av_hr  column-top-margin\" style='border-radius:0px; '><section class=\"av_textblock_section \"  itemscope=\"itemscope\" itemtype=\"https:\/\/schema.org\/BlogPosting\" itemprop=\"blogPost\" ><div class='avia_textblock  '   itemprop=\"text\" ><ul>\n<li style=\"text-align: justify;\"><em>La iniciativa organizada junto a empresas contratistas y con la participaci\u00f3n de Mutual de Seguridad e Inacap, reuni\u00f3 a la comunidad y autoridades en torno a la prevenci\u00f3n y la cultura del autocuidado.<\/em><\/li>\n<\/ul>\n<p style=\"text-align: justify;\"><em>\u00a0<\/em>Con una alta participaci\u00f3n de la comunidad, Edelaysen llev\u00f3 a cabo la primera versi\u00f3n de la <strong>Feria de Seguridad<\/strong>\u00a0junto a sus empresas contratistas, Mutual de Seguridad, Inacap, entre otros, en un espacio abierto con el objetivo de acercar la cultura preventiva y destacar la importancia del trabajo seguro en cada una de las labores que se desarrollan en la regi\u00f3n. Adem\u00e1s, estuvieron presentes autoridades regionales como Seremi de Energ\u00eda, Medio Ambiente, director SEC, quienes valoraron el trabajo conjunto entre el sector p\u00fablico y privado para fortalecer una cultura de seguridad y sostenibilidad en la regi\u00f3n.<\/p>\n<p style=\"text-align: justify;\">Durante la jornada los expositores compartieron con los visitantes diversas experiencias, demostraciones pr\u00e1cticas y recomendaciones para la prevenci\u00f3n de accidentes y la gesti\u00f3n ante emergencias. A trav\u00e9s de stand interactivos y din\u00e1micas educativas, los asistentes pudieron conocer m\u00e1s sobre el uso correcto de los elementos de protecci\u00f3n personal, la conducci\u00f3n segura, la electricidad domiciliaria y los protocolos de primeros auxilios.<\/p>\n<p style=\"text-align: justify;\">Rodrigo Escare, gerente zonal de Edelaysen destac\u00f3: \u201cEstamos contentos de generar esta primera\u00a0<strong>Feria de Seguridad de Edelaysen<\/strong>, estamos asociados tambi\u00e9n con nuestras empresas contratistas y la comunidad. El primer objetivo que queremos lograr con esto es presentar a la comunidad el trabajo que hacemos con las medidas de seguridad que tenemos, que es parte de nuestra cultura como empresa el\u00e9ctrica. Agradecemos la participaci\u00f3n de autoridades, como el seremi de Energ\u00eda y director de SEC quienes nos demostraron su apoyo ante esta iniciativa\u201d.<\/p>\n<p style=\"text-align: justify;\">Por su parte el director de la Superintendencia de Electricidad y Combustibles Hugo Ardiles se\u00f1al\u00f3: \u201cEstoy gratamente impresionado con el esfuerzo que ha hecho la empresa el\u00e9ctrica en la organizaci\u00f3n de esta feria que tiene que ver con la seguridad en el mundo el\u00e9ctrico. Hay bastantes expositores, mucho inter\u00e9s tambi\u00e9n de las personas. Nosotros como SEC, consideramos que la seguridad es un valor intransable. La normativa, los cuerpos reglamentarios, todos tienen como trasfondo la seguridad en las personas y en ese contexto me parece que Edelaysen est\u00e1 apuntando en el camino correcto\u201d.<\/p>\n<p style=\"text-align: justify;\">La actividad cont\u00f3 con la participaci\u00f3n de la Mutual de Seguridad junto a otras empresas del rubro que se sumaron con talleres y material informativo orientado a estudiantes y p\u00fablico en general, adem\u00e1s de concursos y actividades pr\u00e1cticas que permitieron fomentar el aprendizaje activo y la participaci\u00f3n de la comunidad en torno a la prevenci\u00f3n.<\/p>\n<p style=\"text-align: justify;\">En tal sentido, gerente de agencia Coyhaique de la Mutual de Seguridad, Daniel Ib\u00e1\u00f1ez destac\u00f3: \u201cAgradecer a la empresa por la invitaci\u00f3n a esta Expo, para nosotros como Mutual de Seguridad de la CChC, es muy importante estar presentes hoy y mostrarles tambi\u00e9n lo que nosotros como empresa hacemos y aportamos con la Ley 16.744 de accidentes laborales. La buena instancia es acercar a la comunidad este tema, poder acercar a las empresas contratistas de Edelaysen a este tema, quienes adem\u00e1s tienen muy buenos est\u00e1ndares de seguridad a nivel regional y nacional por lo tanto es importante que ellos conozcan de esta ley\u201d.<\/p>\n<p style=\"text-align: justify;\">De esta manera, la\u00a0<strong>Primera Feria de Seguridad de Edelaysen<\/strong>\u00a0se consolid\u00f3 como un espacio de encuentro y colaboraci\u00f3n entre trabajadores, instituciones y comunidad, contribuyendo al fortalecimiento de una cultura preventiva en la regi\u00f3n.<\/p>\n<p style=\"text-align: justify;\"><strong>\u00a0<\/strong><\/p>\n<p style=\"text-align: justify;\"><strong>\u00a0<\/strong><\/p>\n<\/div><\/section><\/div><div  style='height:50px' class='hr hr-invisible   avia-builder-el-6  el_after_av_one_full  el_before_av_social_share '><span class='hr-inner ' ><span class='hr-inner-style'><\/span><\/span><\/div><\/p>\n<div  class='av-social-sharing-box  avia-builder-el-7  el_after_av_hr  el_before_av_hr  '><div class='av-share-box'><h5 class='av-share-link-description av-no-toc '>Compartir esta noticia<\/h5><ul class='av-share-box-list noLightbox'><li class='av-share-link av-social-link-facebook' ><a target=\"_blank\" aria-label=\"Compartir en Facebook\" href='https:\/\/www.facebook.com\/sharer.php?u=https:\/\/radiorevelacionfm.cl\/?p=60298&#038;t=Realizan%20la%20Primera%20Feria%20de%20Seguridad%20en%20Coyhaique%20junto%20a%20entidades%20p%C3%BAblicas%20y%20privadas' aria-hidden='false' data-av_icon='\ue8f3' data-av_iconfont='entypo-fontello' title='' data-avia-related-tooltip='Compartir en Facebook' rel=\"noopener\"><span class='avia_hidden_link_text'>Compartir en Facebook<\/span><\/a><\/li><li class='av-share-link av-social-link-twitter' ><a target=\"_blank\" aria-label=\"Compartir en Twitter\" href='https:\/\/twitter.com\/share?text=Realizan%20la%20Primera%20Feria%20de%20Seguridad%20en%20Coyhaique%20junto%20a%20entidades%20p%C3%BAblicas%20y%20privadas&#038;url=https:\/\/radiorevelacionfm.cl\/?p=60298' aria-hidden='false' data-av_icon='\ue8f1' data-av_iconfont='entypo-fontello' title='' data-avia-related-tooltip='Compartir en Twitter' rel=\"noopener\"><span class='avia_hidden_link_text'>Compartir en Twitter<\/span><\/a><\/li><li class='av-share-link av-social-link-whatsapp' ><a target=\"_blank\" aria-label=\"Compartir en Whatsapp\" href='https:\/\/api.whatsapp.com\/send?text=https:\/\/radiorevelacionfm.cl\/?p=60298' aria-hidden='false' data-av_icon='\uf232' data-av_iconfont='entypo-fontello' title='' data-avia-related-tooltip='Compartir en Whatsapp' rel=\"noopener\"><span class='avia_hidden_link_text'>Compartir en Whatsapp<\/span><\/a><\/li><li class='av-share-link av-social-link-linkedin' ><a target=\"_blank\" aria-label=\"Compartir en LinkedIn\" href='https:\/\/linkedin.com\/shareArticle?mini=true&#038;title=Realizan%20la%20Primera%20Feria%20de%20Seguridad%20en%20Coyhaique%20junto%20a%20entidades%20p%C3%BAblicas%20y%20privadas&#038;url=https:\/\/radiorevelacionfm.cl\/?p=60298' aria-hidden='false' data-av_icon='\ue8fc' data-av_iconfont='entypo-fontello' title='' data-avia-related-tooltip='Compartir en LinkedIn' rel=\"noopener\"><span class='avia_hidden_link_text'>Compartir en LinkedIn<\/span><\/a><\/li><li class='av-share-link av-social-link-mail' ><a  aria-label=\"Compartir por correo\" href='mailto:?subject=Realizan%20la%20Primera%20Feria%20de%20Seguridad%20en%20Coyhaique%20junto%20a%20entidades%20p%C3%BAblicas%20y%20privadas&#038;body=https:\/\/radiorevelacionfm.cl\/?p=60298' aria-hidden='false' data-av_icon='\ue805' data-av_iconfont='entypo-fontello' title='' data-avia-related-tooltip='Compartir por correo'><span class='avia_hidden_link_text'>Compartir por correo<\/span><\/a><\/li><\/ul><\/div><\/div>\n<div  style='height:50px' class='hr hr-invisible   avia-builder-el-8  el_after_av_social_share  el_before_av_comments_list '><span class='hr-inner ' ><span class='hr-inner-style'><\/span><\/span><\/div>\n<div  class='av-buildercomment  av-blog-meta-html-info-disabled av-blog-meta-tag-disabled  '><\/div>\n","protected":false},"excerpt":{"rendered":"","protected":false},"author":1,"featured_media":60299,"comment_status":"closed","ping_status":"closed","sticky":false,"template":"","format":"standard","meta":{"footnotes":""},"categories":[38],"tags":[],"class_list":["post-60298","post","type-post","status-publish","format-standard","has-post-thumbnail","hentry","category-regional"],"jetpack_featured_media_url":"https:\/\/radiorevelacionfm.cl\/wp-content\/uploads\/2025\/10\/feria-de-seguridad3-1_optimized.jpeg","_links":{"self":[{"href":"https:\/\/radiorevelacionfm.cl\/index.php?rest_route=\/wp\/v2\/posts\/60298","targetHints":{"allow":["GET"]}}],"collection":[{"href":"https:\/\/radiorevelacionfm.cl\/index.php?rest_route=\/wp\/v2\/posts"}],"about":[{"href":"https:\/\/radiorevelacionfm.cl\/index.php?rest_route=\/wp\/v2\/types\/post"}],"author":[{"embeddable":true,"href":"https:\/\/radiorevelacionfm.cl\/index.php?rest_route=\/wp\/v2\/users\/1"}],"replies":[{"embeddable":true,"href":"https:\/\/radiorevelacionfm.cl\/index.php?rest_route=%2Fwp%2Fv2%2Fcomments&post=60298"}],"version-history":[{"count":2,"href":"https:\/\/radiorevelacionfm.cl\/index.php?rest_route=\/wp\/v2\/posts\/60298\/revisions"}],"predecessor-version":[{"id":60301,"href":"https:\/\/radiorevelacionfm.cl\/index.php?rest_route=\/wp\/v2\/posts\/60298\/revisions\/60301"}],"wp:featuredmedia":[{"embeddable":true,"href":"https:\/\/radiorevelacionfm.cl\/index.php?rest_route=\/wp\/v2\/media\/60299"}],"wp:attachment":[{"href":"https:\/\/radiorevelacionfm.cl\/index.php?rest_route=%2Fwp%2Fv2%2Fmedia&parent=60298"}],"wp:term":[{"taxonomy":"category","embeddable":true,"href":"https:\/\/radiorevelacionfm.cl\/index.php?rest_route=%2Fwp%2Fv2%2Fcategories&post=60298"},{"taxonomy":"post_tag","embeddable":true,"href":"https:\/\/radiorevelacionfm.cl\/index.php?rest_route=%2Fwp%2Fv2%2Ftags&post=60298"}],"curies":[{"name":"wp","href":"https:\/\/api.w.org\/{rel}","templated":true}]}}