{"id":60294,"date":"2025-10-13T17:18:25","date_gmt":"2025-10-13T20:18:25","guid":{"rendered":"https:\/\/radiorevelacionfm.cl\/?p=60294"},"modified":"2025-10-13T17:18:25","modified_gmt":"2025-10-13T20:18:25","slug":"realizan-plaza-de-justicia-y-ddhh-en-carcel-de-coyhaique-2","status":"publish","type":"post","link":"https:\/\/radiorevelacionfm.cl\/?p=60294","title":{"rendered":"Realizan Plaza de Justicia y DDHH en c\u00e1rcel de Coyhaique"},"content":{"rendered":"<div class=\"flex_column av_one_full  flex_column_div av-zero-column-padding first  avia-builder-el-0  el_before_av_one_full  avia-builder-el-first  \" style='border-radius:0px; '><div  class='avia-image-container  av-styling-    avia-builder-el-1  avia-builder-el-no-sibling  avia-align-center '  itemprop=\"image\" itemscope=\"itemscope\" itemtype=\"https:\/\/schema.org\/ImageObject\"  ><div class='avia-image-container-inner'><div class='avia-image-overlay-wrap'><img decoding=\"async\" class='wp-image-60295 avia-img-lazy-loading-not-60295 avia_image' src=\"https:\/\/radiorevelacionfm.cl\/wp-content\/uploads\/2025\/10\/plaza-1-7-1-1.jpg\" alt='' title='plaza 1 (7) (1) (1)' height=\"600\" width=\"900\"  itemprop=\"thumbnailUrl\" srcset=\"https:\/\/radiorevelacionfm.cl\/wp-content\/uploads\/2025\/10\/plaza-1-7-1-1.jpg 900w, https:\/\/radiorevelacionfm.cl\/wp-content\/uploads\/2025\/10\/plaza-1-7-1-1-300x200.jpg 300w, https:\/\/radiorevelacionfm.cl\/wp-content\/uploads\/2025\/10\/plaza-1-7-1-1-768x512.jpg 768w, https:\/\/radiorevelacionfm.cl\/wp-content\/uploads\/2025\/10\/plaza-1-7-1-1-705x470.jpg 705w, https:\/\/radiorevelacionfm.cl\/wp-content\/uploads\/2025\/10\/plaza-1-7-1-1-450x300.jpg 450w, https:\/\/radiorevelacionfm.cl\/wp-content\/uploads\/2025\/10\/plaza-1-7-1-1-600x400.jpg 600w\" sizes=\"(max-width: 900px) 100vw, 900px\" \/><\/div><\/div><\/div><\/div><div class=\"flex_column av_one_full  flex_column_div av-zero-column-padding first  avia-builder-el-2  el_after_av_one_full  el_before_av_one_full  column-top-margin\" style='border-radius:0px; '><section class=\"av_textblock_section \"  itemscope=\"itemscope\" itemtype=\"https:\/\/schema.org\/BlogPosting\" itemprop=\"blogPost\" ><div class='avia_textblock  '   itemprop=\"text\" ><p style=\"text-align: center;\"><strong><span style=\"font-size: 18pt;\">Realizan Plaza de Justicia y DDHH en c\u00e1rcel de Coyhaique<\/span><\/strong><\/p>\n<div id=\"gtx-trans\" style=\"position: absolute; left: -50px; top: 4.31534px;\">\n<div class=\"gtx-trans-icon\"><\/div>\n<\/div>\n<\/div><\/section><\/div><div class=\"flex_column av_one_full  flex_column_div av-zero-column-padding first  avia-builder-el-4  el_after_av_one_full  el_before_av_hr  column-top-margin\" style='border-radius:0px; '><section class=\"av_textblock_section \"  itemscope=\"itemscope\" itemtype=\"https:\/\/schema.org\/BlogPosting\" itemprop=\"blogPost\" ><div class='avia_textblock  '   itemprop=\"text\" ><p style=\"text-align: justify;\"><em>La instancia buscaba acercar parte de la oferta y prestaciones estatales a las personas privadas de libertad.<\/em><\/p>\n<p style=\"text-align: justify;\">Recientemente en dependencias del Centro de Cumplimiento Penitenciario de Coyhaique se llev\u00f3 a cabo una nueva Plaza de Justicia y Derechos Humanos, ocasi\u00f3n en que los diversos servicios del Ministerio de Justicia y DDHH atendieron las consultas y tr\u00e1mites de los usuarios del principal recinto penal de la regi\u00f3n de Ays\u00e9n.<\/p>\n<p style=\"text-align: justify;\">En la oportunidad, participaron el Servicio de Registro Civil e Identificaci\u00f3n, Servicio M\u00e9dico Legal, Corporaci\u00f3n de Asistencia Judicial, Defensor\u00eda Penal P\u00fablica, el Servicio de Reinserci\u00f3n Social Juvenil y Gendarmer\u00eda de Chile.<\/p>\n<p style=\"text-align: justify;\">El \u00a0Seremi de Justicia y DDHH Samuel Navarro Castro se refiri\u00f3 a esta instancia, se\u00f1alando que \u201c fue una actividad que cont\u00f3 con la participaci\u00f3n de los servicios p\u00fablicos dependientes y relacionados hubo una alta participaci\u00f3n de la poblaci\u00f3n penal que pudo utilizar todos los procedimientos, mecanismos, servicios que cuenta la cartera de Justicia y Derechos Humanos, en esta oportunidad tambi\u00e9n pudimos asistir a la obtenci\u00f3n de una c\u00e9dula de identidad de un reci\u00e9n nacido y adem\u00e1s resolver algunas situaciones que ten\u00edan algunas de las personas que est\u00e1n recluidas en el Centro de Cumplimiento Penitenciario de Coyhaique, esperamos prontamente poder realizar una nueva edici\u00f3n de la Plaza de Justicia y Derechos Humanos antes de fin de a\u00f1o para poder acercar los servicios de Justicia a la gente, tal como lo ha planteado el Gobierno durante esta administraci\u00f3n\u201d.<\/p>\n<p style=\"text-align: justify;\">Por su parte, el alcaide (s) del CCP Coyhaique Mayor Alexi Lozano Garc\u00eda indic\u00f3 \u201cestamos muy contentos de haber podido brindar un espacio para la totalidad de la poblaci\u00f3n penal en el CCP Coyhaique para la realizaci\u00f3n de esta Plaza de Justicia, la que permiti\u00f3 acercar diferentes servicios p\u00fablicos para que los propios internos pudiesen efectuar consultas y dudas respecto de algunos de sus procesos, como tambi\u00e9n facilitar el acceso para renovaci\u00f3n de c\u00e9dulas de identidad, como otros tr\u00e1mites\u201d.<\/p>\n<p style=\"text-align: justify;\">Finalmente, hay que se\u00f1alar que en la ocasi\u00f3n las personas asistentes, adem\u00e1s de lo ya mencionado, pudieron recibir asesor\u00eda jur\u00eddica en materia civil y penal por medio de los abogados de la Corporaci\u00f3n de Asistencia Judicial y la Defensor\u00eda Penal P\u00fablica.<\/p>\n<\/div><\/section><\/div><div  style='height:50px' class='hr hr-invisible   avia-builder-el-6  el_after_av_one_full  el_before_av_social_share '><span class='hr-inner ' ><span class='hr-inner-style'><\/span><\/span><\/div><\/p>\n<div  class='av-social-sharing-box  avia-builder-el-7  el_after_av_hr  el_before_av_hr  '><div class='av-share-box'><h5 class='av-share-link-description av-no-toc '>Compartir esta noticia<\/h5><ul class='av-share-box-list noLightbox'><li class='av-share-link av-social-link-facebook' ><a target=\"_blank\" aria-label=\"Compartir en Facebook\" href='https:\/\/www.facebook.com\/sharer.php?u=https:\/\/radiorevelacionfm.cl\/?p=60294&#038;t=Realizan%20Plaza%20de%20Justicia%20y%20DDHH%20en%20c%C3%A1rcel%20de%20Coyhaique' aria-hidden='false' data-av_icon='\ue8f3' data-av_iconfont='entypo-fontello' title='' data-avia-related-tooltip='Compartir en Facebook' rel=\"noopener\"><span class='avia_hidden_link_text'>Compartir en Facebook<\/span><\/a><\/li><li class='av-share-link av-social-link-twitter' ><a target=\"_blank\" aria-label=\"Compartir en Twitter\" href='https:\/\/twitter.com\/share?text=Realizan%20Plaza%20de%20Justicia%20y%20DDHH%20en%20c%C3%A1rcel%20de%20Coyhaique&#038;url=https:\/\/radiorevelacionfm.cl\/?p=60294' aria-hidden='false' data-av_icon='\ue8f1' data-av_iconfont='entypo-fontello' title='' data-avia-related-tooltip='Compartir en Twitter' rel=\"noopener\"><span class='avia_hidden_link_text'>Compartir en Twitter<\/span><\/a><\/li><li class='av-share-link av-social-link-whatsapp' ><a target=\"_blank\" aria-label=\"Compartir en Whatsapp\" href='https:\/\/api.whatsapp.com\/send?text=https:\/\/radiorevelacionfm.cl\/?p=60294' aria-hidden='false' data-av_icon='\uf232' data-av_iconfont='entypo-fontello' title='' data-avia-related-tooltip='Compartir en Whatsapp' rel=\"noopener\"><span class='avia_hidden_link_text'>Compartir en Whatsapp<\/span><\/a><\/li><li class='av-share-link av-social-link-linkedin' ><a target=\"_blank\" aria-label=\"Compartir en LinkedIn\" href='https:\/\/linkedin.com\/shareArticle?mini=true&#038;title=Realizan%20Plaza%20de%20Justicia%20y%20DDHH%20en%20c%C3%A1rcel%20de%20Coyhaique&#038;url=https:\/\/radiorevelacionfm.cl\/?p=60294' aria-hidden='false' data-av_icon='\ue8fc' data-av_iconfont='entypo-fontello' title='' data-avia-related-tooltip='Compartir en LinkedIn' rel=\"noopener\"><span class='avia_hidden_link_text'>Compartir en LinkedIn<\/span><\/a><\/li><li class='av-share-link av-social-link-mail' ><a  aria-label=\"Compartir por correo\" href='mailto:?subject=Realizan%20Plaza%20de%20Justicia%20y%20DDHH%20en%20c%C3%A1rcel%20de%20Coyhaique&#038;body=https:\/\/radiorevelacionfm.cl\/?p=60294' aria-hidden='false' data-av_icon='\ue805' data-av_iconfont='entypo-fontello' title='' data-avia-related-tooltip='Compartir por correo'><span class='avia_hidden_link_text'>Compartir por correo<\/span><\/a><\/li><\/ul><\/div><\/div>\n<div  style='height:50px' class='hr hr-invisible   avia-builder-el-8  el_after_av_social_share  el_before_av_comments_list '><span class='hr-inner ' ><span class='hr-inner-style'><\/span><\/span><\/div>\n<div  class='av-buildercomment  av-blog-meta-html-info-disabled av-blog-meta-tag-disabled  '><\/div>\n","protected":false},"excerpt":{"rendered":"","protected":false},"author":1,"featured_media":60295,"comment_status":"closed","ping_status":"closed","sticky":false,"template":"","format":"standard","meta":{"footnotes":""},"categories":[55],"tags":[],"class_list":["post-60294","post","type-post","status-publish","format-standard","has-post-thumbnail","hentry","category-justicia"],"jetpack_featured_media_url":"https:\/\/radiorevelacionfm.cl\/wp-content\/uploads\/2025\/10\/plaza-1-7-1-1.jpg","_links":{"self":[{"href":"https:\/\/radiorevelacionfm.cl\/index.php?rest_route=\/wp\/v2\/posts\/60294","targetHints":{"allow":["GET"]}}],"collection":[{"href":"https:\/\/radiorevelacionfm.cl\/index.php?rest_route=\/wp\/v2\/posts"}],"about":[{"href":"https:\/\/radiorevelacionfm.cl\/index.php?rest_route=\/wp\/v2\/types\/post"}],"author":[{"embeddable":true,"href":"https:\/\/radiorevelacionfm.cl\/index.php?rest_route=\/wp\/v2\/users\/1"}],"replies":[{"embeddable":true,"href":"https:\/\/radiorevelacionfm.cl\/index.php?rest_route=%2Fwp%2Fv2%2Fcomments&post=60294"}],"version-history":[{"count":2,"href":"https:\/\/radiorevelacionfm.cl\/index.php?rest_route=\/wp\/v2\/posts\/60294\/revisions"}],"predecessor-version":[{"id":60297,"href":"https:\/\/radiorevelacionfm.cl\/index.php?rest_route=\/wp\/v2\/posts\/60294\/revisions\/60297"}],"wp:featuredmedia":[{"embeddable":true,"href":"https:\/\/radiorevelacionfm.cl\/index.php?rest_route=\/wp\/v2\/media\/60295"}],"wp:attachment":[{"href":"https:\/\/radiorevelacionfm.cl\/index.php?rest_route=%2Fwp%2Fv2%2Fmedia&parent=60294"}],"wp:term":[{"taxonomy":"category","embeddable":true,"href":"https:\/\/radiorevelacionfm.cl\/index.php?rest_route=%2Fwp%2Fv2%2Fcategories&post=60294"},{"taxonomy":"post_tag","embeddable":true,"href":"https:\/\/radiorevelacionfm.cl\/index.php?rest_route=%2Fwp%2Fv2%2Ftags&post=60294"}],"curies":[{"name":"wp","href":"https:\/\/api.w.org\/{rel}","templated":true}]}}