{"id":60286,"date":"2025-10-13T15:53:42","date_gmt":"2025-10-13T18:53:42","guid":{"rendered":"https:\/\/radiorevelacionfm.cl\/?p=60286"},"modified":"2025-10-13T15:53:42","modified_gmt":"2025-10-13T18:53:42","slug":"plan-de-emergencia-habitacional-hay-999-viviendas-en-construccion-a-nivel-regional","status":"publish","type":"post","link":"https:\/\/radiorevelacionfm.cl\/?p=60286","title":{"rendered":"Plan de Emergencia Habitacional: Hay 999 viviendas en construcci\u00f3n a nivel regional"},"content":{"rendered":"<div class=\"flex_column av_one_full  flex_column_div av-zero-column-padding first  avia-builder-el-0  el_before_av_one_full  avia-builder-el-first  \" style='border-radius:0px; '><div  class='avia-image-container  av-styling-    avia-builder-el-1  avia-builder-el-no-sibling  avia-align-center '  itemprop=\"image\" itemscope=\"itemscope\" itemtype=\"https:\/\/schema.org\/ImageObject\"  ><div class='avia-image-container-inner'><div class='avia-image-overlay-wrap'><img decoding=\"async\" class='wp-image-60287 avia-img-lazy-loading-not-60287 avia_image' src=\"https:\/\/radiorevelacionfm.cl\/wp-content\/uploads\/2025\/10\/construccion-de-vivienda-en-modalidad-sitio-propio-puerto-cisnes-1_optimized.jpeg\" alt='' title='construcci\u00f3n-de-vivienda-en-modalidad-sitio-propio-puerto-cisnes-(1)_optimized' height=\"600\" width=\"800\"  itemprop=\"thumbnailUrl\" srcset=\"https:\/\/radiorevelacionfm.cl\/wp-content\/uploads\/2025\/10\/construccion-de-vivienda-en-modalidad-sitio-propio-puerto-cisnes-1_optimized.jpeg 800w, https:\/\/radiorevelacionfm.cl\/wp-content\/uploads\/2025\/10\/construccion-de-vivienda-en-modalidad-sitio-propio-puerto-cisnes-1_optimized-300x225.jpeg 300w, https:\/\/radiorevelacionfm.cl\/wp-content\/uploads\/2025\/10\/construccion-de-vivienda-en-modalidad-sitio-propio-puerto-cisnes-1_optimized-768x576.jpeg 768w, https:\/\/radiorevelacionfm.cl\/wp-content\/uploads\/2025\/10\/construccion-de-vivienda-en-modalidad-sitio-propio-puerto-cisnes-1_optimized-705x529.jpeg 705w, https:\/\/radiorevelacionfm.cl\/wp-content\/uploads\/2025\/10\/construccion-de-vivienda-en-modalidad-sitio-propio-puerto-cisnes-1_optimized-450x338.jpeg 450w, https:\/\/radiorevelacionfm.cl\/wp-content\/uploads\/2025\/10\/construccion-de-vivienda-en-modalidad-sitio-propio-puerto-cisnes-1_optimized-600x450.jpeg 600w\" sizes=\"(max-width: 800px) 100vw, 800px\" \/><\/div><\/div><\/div><\/div><div class=\"flex_column av_one_full  flex_column_div av-zero-column-padding first  avia-builder-el-2  el_after_av_one_full  el_before_av_one_full  column-top-margin\" style='border-radius:0px; '><section class=\"av_textblock_section \"  itemscope=\"itemscope\" itemtype=\"https:\/\/schema.org\/BlogPosting\" itemprop=\"blogPost\" ><div class='avia_textblock  '   itemprop=\"text\" ><p style=\"text-align: center;\"><strong><span style=\"font-size: 18pt;\">Plan de Emergencia Habitacional: Hay 999 viviendas en construcci\u00f3n a nivel regional<\/span><\/strong><\/p>\n<div id=\"gtx-trans\" style=\"position: absolute; left: -50px; top: 4.31534px;\">\n<div class=\"gtx-trans-icon\"><\/div>\n<\/div>\n<\/div><\/section><\/div><div class=\"flex_column av_one_full  flex_column_div av-zero-column-padding first  avia-builder-el-4  el_after_av_one_full  el_before_av_hr  column-top-margin\" style='border-radius:0px; '><section class=\"av_textblock_section \"  itemscope=\"itemscope\" itemtype=\"https:\/\/schema.org\/BlogPosting\" itemprop=\"blogPost\" ><div class='avia_textblock  '   itemprop=\"text\" ><p style=\"text-align: justify;\">Casi mil viviendas en plena ejecuci\u00f3n, mil 369 que ya fueron entregadas y otras 461 soluciones que podr\u00edan empezar en los pr\u00f3ximos meses, son las principales cifras que arroj\u00f3 el \u00faltimo informe de avance del Plan de Emergencia Habitacional del Gobierno para la regi\u00f3n de Ays\u00e9n.<\/p>\n<p style=\"text-align: justify;\">Los datos que corresponden al cierre del mes de septiembre de este a\u00f1o fueron destacados por la Seremi de Vivienda y Urbanismo, Paulina Ruz Delf\u00edn, quien afirm\u00f3 una vez m\u00e1s que si bien como regi\u00f3n ya sobrepasamos la meta trazada en el Plan de Emergencia, se sigue avanzando con la misma fuerza y responsabilidad del primer d\u00eda, ya que m\u00e1s all\u00e1 de las mil 370 las casas que ya se han entregado en estos tres a\u00f1os y medio de gesti\u00f3n , hay cientos de familias que siguen trabajando y esperando para cumplir el sue\u00f1o de su vivienda definitiva. \u201cSi bien hoy somos una de las siete regiones que ya cumplieron con su meta y alcanzamos un 105 por ciento de avance, hemos dicho siempre que las mil 293 viviendas a entregar eran s\u00f3lo un piso, una base, y que nuestros esfuerzos est\u00e1n dirigidos a superar con creces esa cifra y dejar una importante cantidad de proyectos en ejecuci\u00f3n, como legado. Es as\u00ed como en el \u00faltimo informe de septiembre se indica que tenemos casi mil viviendas y departamentos en plena ejecuci\u00f3n, algunos de los cuales entregaremos antes de dejar el Gobierno y otros cientos que seguir\u00e1n construy\u00e9ndose para ser entregados por las autoridades de la pr\u00f3xima administraci\u00f3n\u201d, indic\u00f3.<\/p>\n<p style=\"text-align: justify;\">Agreg\u00f3 la autoridad que otro punto relevante de esta gran tarea es que las soluciones que se est\u00e1n entregando en la regi\u00f3n alcanzan niveles de dise\u00f1o, materialidad, seguridad y calidad que est\u00e1n entre los m\u00e1s altos del pa\u00eds, considerando por ejemplo las normas de revestimiento t\u00e9rmico e incorporando una serie de adelantos que sin duda significar\u00e1n un cambio radical para estas miles de familias que hoy est\u00e1n arrendando, de allegados o viven en asentamientos precarios y que requieren con urgencia vivir junto a sus grupos familiares en una vivienda digna y adecuada.<\/p>\n<p style=\"text-align: justify;\">En ese sentido Paulina Ruz record\u00f3 que el Plan de Emergencia Habitacional adem\u00e1s ha centrado esfuerzos en aplicar nuevas modalidades y presentar nuevas alternativas para llegar a la casa propia en los menores tiempos posibles. \u201cEntonces ac\u00e1 volvemos a indicar lo mismo, lo que ac\u00e1 tenemos como real trascendencia no son solamente los n\u00fameros sino que es el impacto positivo que estas soluciones habitacionales traen para las familias de la regi\u00f3n de Ays\u00e9n, porque hemos llegado con soluciones individuales y colectivas a la mayor parte de nuestras comunas, donde adem\u00e1s hemos diversificado los programas de acceso a la vivienda y donde hemos concretado proyectos que son hist\u00f3ricos, entre los cuales destacamos por ejemplo la construcci\u00f3n de 43 viviendas en Puerto Puyuhuapi, de 16 viviendas en Villa Ma\u00f1ihuales, pr\u00f3ximamente tambi\u00e9n un conjunto habitacional en Puerto Cisnes y otro en La Junta. Todo eso es la base de nuestra gesti\u00f3n, la que est\u00e1 orientada a descentralizar los beneficios y tambi\u00e9n a garantizar el acceso a la vivienda a las familias que lo necesiten en la regi\u00f3n de Ays\u00e9n\u201d, afirm\u00f3.<\/p>\n<p style=\"text-align: justify;\">En ese contexto precis\u00f3 la Seremi de Vivienda que para alcanzar las metas y obtener los resultados expuestos no solo han trabajado con las autoridades regionales y nacionales, sino tambi\u00e9n con los dirigentes, las entidades patrocinantes y las mismas empresas constructoras, permitiendo mejorar los programas y abrir alternativas que han resultado \u00fatiles y efectivas tanto para los sectores de menos ingresos como para las miles de familias de sectores emergentes y medios, que tambi\u00e9n requieren atenci\u00f3n y apoyo para acceder a su soluci\u00f3n habitacional.<\/p>\n<p style=\"text-align: justify;\">Las regiones que ya cumplieron con sus metas del Plan de Emergencia Habitacional son El Maule, \u00d1uble, Biob\u00edo, La Araucan\u00eda, Los Lagos, Ays\u00e9n y Magallanes. A nivel nacional se han entregado 220 mil viviendas, las que representan un 84,7% de avance. A nivel regional, aparte de las 999 viviendas en ejecuci\u00f3n, se cuentan 461 soluciones que se podr\u00edan iniciar en los pr\u00f3ximos meses.<\/p>\n<\/div><\/section><\/div><div  style='height:50px' class='hr hr-invisible   avia-builder-el-6  el_after_av_one_full  el_before_av_social_share '><span class='hr-inner ' ><span class='hr-inner-style'><\/span><\/span><\/div><\/p>\n<div  class='av-social-sharing-box  avia-builder-el-7  el_after_av_hr  el_before_av_hr  '><div class='av-share-box'><h5 class='av-share-link-description av-no-toc '>Compartir esta noticia<\/h5><ul class='av-share-box-list noLightbox'><li class='av-share-link av-social-link-facebook' ><a target=\"_blank\" aria-label=\"Compartir en Facebook\" href='https:\/\/www.facebook.com\/sharer.php?u=https:\/\/radiorevelacionfm.cl\/?p=60286&#038;t=Plan%20de%20Emergencia%20Habitacional%3A%20Hay%20999%20viviendas%20en%20construcci%C3%B3n%20a%20nivel%20regional' aria-hidden='false' data-av_icon='\ue8f3' data-av_iconfont='entypo-fontello' title='' data-avia-related-tooltip='Compartir en Facebook' rel=\"noopener\"><span class='avia_hidden_link_text'>Compartir en Facebook<\/span><\/a><\/li><li class='av-share-link av-social-link-twitter' ><a target=\"_blank\" aria-label=\"Compartir en Twitter\" href='https:\/\/twitter.com\/share?text=Plan%20de%20Emergencia%20Habitacional%3A%20Hay%20999%20viviendas%20en%20construcci%C3%B3n%20a%20nivel%20regional&#038;url=https:\/\/radiorevelacionfm.cl\/?p=60286' aria-hidden='false' data-av_icon='\ue8f1' data-av_iconfont='entypo-fontello' title='' data-avia-related-tooltip='Compartir en Twitter' rel=\"noopener\"><span class='avia_hidden_link_text'>Compartir en Twitter<\/span><\/a><\/li><li class='av-share-link av-social-link-whatsapp' ><a target=\"_blank\" aria-label=\"Compartir en Whatsapp\" href='https:\/\/api.whatsapp.com\/send?text=https:\/\/radiorevelacionfm.cl\/?p=60286' aria-hidden='false' data-av_icon='\uf232' data-av_iconfont='entypo-fontello' title='' data-avia-related-tooltip='Compartir en Whatsapp' rel=\"noopener\"><span class='avia_hidden_link_text'>Compartir en Whatsapp<\/span><\/a><\/li><li class='av-share-link av-social-link-linkedin' ><a target=\"_blank\" aria-label=\"Compartir en LinkedIn\" href='https:\/\/linkedin.com\/shareArticle?mini=true&#038;title=Plan%20de%20Emergencia%20Habitacional%3A%20Hay%20999%20viviendas%20en%20construcci%C3%B3n%20a%20nivel%20regional&#038;url=https:\/\/radiorevelacionfm.cl\/?p=60286' aria-hidden='false' data-av_icon='\ue8fc' data-av_iconfont='entypo-fontello' title='' data-avia-related-tooltip='Compartir en LinkedIn' rel=\"noopener\"><span class='avia_hidden_link_text'>Compartir en LinkedIn<\/span><\/a><\/li><li class='av-share-link av-social-link-mail' ><a  aria-label=\"Compartir por correo\" href='mailto:?subject=Plan%20de%20Emergencia%20Habitacional%3A%20Hay%20999%20viviendas%20en%20construcci%C3%B3n%20a%20nivel%20regional&#038;body=https:\/\/radiorevelacionfm.cl\/?p=60286' aria-hidden='false' data-av_icon='\ue805' data-av_iconfont='entypo-fontello' title='' data-avia-related-tooltip='Compartir por correo'><span class='avia_hidden_link_text'>Compartir por correo<\/span><\/a><\/li><\/ul><\/div><\/div>\n<div  style='height:50px' class='hr hr-invisible   avia-builder-el-8  el_after_av_social_share  el_before_av_comments_list '><span class='hr-inner ' ><span class='hr-inner-style'><\/span><\/span><\/div>\n<div  class='av-buildercomment  av-blog-meta-html-info-disabled av-blog-meta-tag-disabled  '><\/div>\n","protected":false},"excerpt":{"rendered":"","protected":false},"author":1,"featured_media":60287,"comment_status":"closed","ping_status":"closed","sticky":false,"template":"","format":"standard","meta":{"footnotes":""},"categories":[57],"tags":[],"class_list":["post-60286","post","type-post","status-publish","format-standard","has-post-thumbnail","hentry","category-vivienda"],"jetpack_featured_media_url":"https:\/\/radiorevelacionfm.cl\/wp-content\/uploads\/2025\/10\/construccion-de-vivienda-en-modalidad-sitio-propio-puerto-cisnes-1_optimized.jpeg","_links":{"self":[{"href":"https:\/\/radiorevelacionfm.cl\/index.php?rest_route=\/wp\/v2\/posts\/60286","targetHints":{"allow":["GET"]}}],"collection":[{"href":"https:\/\/radiorevelacionfm.cl\/index.php?rest_route=\/wp\/v2\/posts"}],"about":[{"href":"https:\/\/radiorevelacionfm.cl\/index.php?rest_route=\/wp\/v2\/types\/post"}],"author":[{"embeddable":true,"href":"https:\/\/radiorevelacionfm.cl\/index.php?rest_route=\/wp\/v2\/users\/1"}],"replies":[{"embeddable":true,"href":"https:\/\/radiorevelacionfm.cl\/index.php?rest_route=%2Fwp%2Fv2%2Fcomments&post=60286"}],"version-history":[{"count":2,"href":"https:\/\/radiorevelacionfm.cl\/index.php?rest_route=\/wp\/v2\/posts\/60286\/revisions"}],"predecessor-version":[{"id":60289,"href":"https:\/\/radiorevelacionfm.cl\/index.php?rest_route=\/wp\/v2\/posts\/60286\/revisions\/60289"}],"wp:featuredmedia":[{"embeddable":true,"href":"https:\/\/radiorevelacionfm.cl\/index.php?rest_route=\/wp\/v2\/media\/60287"}],"wp:attachment":[{"href":"https:\/\/radiorevelacionfm.cl\/index.php?rest_route=%2Fwp%2Fv2%2Fmedia&parent=60286"}],"wp:term":[{"taxonomy":"category","embeddable":true,"href":"https:\/\/radiorevelacionfm.cl\/index.php?rest_route=%2Fwp%2Fv2%2Fcategories&post=60286"},{"taxonomy":"post_tag","embeddable":true,"href":"https:\/\/radiorevelacionfm.cl\/index.php?rest_route=%2Fwp%2Fv2%2Ftags&post=60286"}],"curies":[{"name":"wp","href":"https:\/\/api.w.org\/{rel}","templated":true}]}}