{"id":60282,"date":"2025-10-13T15:01:29","date_gmt":"2025-10-13T18:01:29","guid":{"rendered":"https:\/\/radiorevelacionfm.cl\/?p=60282"},"modified":"2025-10-13T15:01:29","modified_gmt":"2025-10-13T18:01:29","slug":"implementan-talleres-de-bienestar-socioemocional-para-profesores-de-la-region-de-los-lagos-aysen-y-magallanes","status":"publish","type":"post","link":"https:\/\/radiorevelacionfm.cl\/?p=60282","title":{"rendered":"Implementan talleres de bienestar socioemocional para profesores de la regi\u00f3n de Los Lagos, Ays\u00e9n y Magallanes"},"content":{"rendered":"<div class=\"flex_column av_one_full  flex_column_div av-zero-column-padding first  avia-builder-el-0  el_before_av_one_full  avia-builder-el-first  \" style='border-radius:0px; '><div  class='avia-image-container  av-styling-    avia-builder-el-1  avia-builder-el-no-sibling  avia-align-center '  itemprop=\"image\" itemscope=\"itemscope\" itemtype=\"https:\/\/schema.org\/ImageObject\"  ><div class='avia-image-container-inner'><div class='avia-image-overlay-wrap'><img decoding=\"async\" class='wp-image-60283 avia-img-lazy-loading-not-60283 avia_image' src=\"https:\/\/radiorevelacionfm.cl\/wp-content\/uploads\/2025\/10\/unnamed-29-1-1_optimized-1.jpg\" alt='' title='unnamed-(29)-(1)-(1)_optimized (1)' height=\"600\" width=\"931\"  itemprop=\"thumbnailUrl\" srcset=\"https:\/\/radiorevelacionfm.cl\/wp-content\/uploads\/2025\/10\/unnamed-29-1-1_optimized-1.jpg 931w, https:\/\/radiorevelacionfm.cl\/wp-content\/uploads\/2025\/10\/unnamed-29-1-1_optimized-1-300x193.jpg 300w, https:\/\/radiorevelacionfm.cl\/wp-content\/uploads\/2025\/10\/unnamed-29-1-1_optimized-1-768x495.jpg 768w, https:\/\/radiorevelacionfm.cl\/wp-content\/uploads\/2025\/10\/unnamed-29-1-1_optimized-1-705x454.jpg 705w, https:\/\/radiorevelacionfm.cl\/wp-content\/uploads\/2025\/10\/unnamed-29-1-1_optimized-1-450x290.jpg 450w, https:\/\/radiorevelacionfm.cl\/wp-content\/uploads\/2025\/10\/unnamed-29-1-1_optimized-1-600x387.jpg 600w\" sizes=\"(max-width: 931px) 100vw, 931px\" \/><\/div><\/div><\/div><\/div><div class=\"flex_column av_one_full  flex_column_div av-zero-column-padding first  avia-builder-el-2  el_after_av_one_full  el_before_av_one_full  column-top-margin\" style='border-radius:0px; '><section class=\"av_textblock_section \"  itemscope=\"itemscope\" itemtype=\"https:\/\/schema.org\/BlogPosting\" itemprop=\"blogPost\" ><div class='avia_textblock  '   itemprop=\"text\" ><p style=\"text-align: center;\"><span style=\"font-size: 18pt;\"><strong>Implementan talleres de bienestar socioemocional para profesores de la regi\u00f3n de Los Lagos, Ays\u00e9n y Magallanes<\/strong><\/span><\/p>\n<div id=\"gtx-trans\" style=\"position: absolute; left: -50px; top: 4.31534px;\">\n<div class=\"gtx-trans-icon\"><\/div>\n<\/div>\n<\/div><\/section><\/div><div class=\"flex_column av_one_full  flex_column_div av-zero-column-padding first  avia-builder-el-4  el_after_av_one_full  el_before_av_hr  column-top-margin\" style='border-radius:0px; '><section class=\"av_textblock_section \"  itemscope=\"itemscope\" itemtype=\"https:\/\/schema.org\/BlogPosting\" itemprop=\"blogPost\" ><div class='avia_textblock  '   itemprop=\"text\" ><p style=\"text-align: justify;\"><em>Durante las primeras semanas de octubre, Elige Educar realiz\u00f3 diversas actividades para promover el bienestar docente en la zona sur del pa\u00eds. Las jornadas contemplaron talleres formativos y encuentros junto a profesores, funcionarios y estudiantes, abarcando las comunas de Llanquihue, Puerto Montt, Los Muermos, Castro, Coyhaique, Puerto Natales y Punta Arenas.<\/em><\/p>\n<p style=\"text-align: justify;\">Entre el 1 y el 10 de octubre, el equipo de Somos Profes \u2013 Somos Educadores, iniciativa de Elige Educar, llev\u00f3 a cabo una serie de actividades en distintas comunas de la Regi\u00f3n de Los Lagos, Ays\u00e9n y Magallanes y la Ant\u00e1rtica Chilena en el marco de su despliegue territorial. Esta visita contempl\u00f3 distintos talleres formativos, encuentros de cierre e instancias de acompa\u00f1amiento dirigidas a docentes, estudiantes de pedagog\u00eda y funcionarios del Servicio Local de Educaci\u00f3n P\u00fablica (SLEP) de Llanquihue, con el objetivo de fortalecer capacidades en torno al bienestar docente, la formaci\u00f3n profesional y el desarrollo de comunidades educativas colaborativas.<\/p>\n<p style=\"text-align: justify;\">\u201cGracias a estos talleres, como Elige Educar nos vinculamos en el territorio y seguimos aprendiendo sobre cu\u00e1les son las necesidades de los profesores. El recibimiento que hemos tenido por parte de los docentes de las distintas localidades ha estado marcado por la apertura y por un inter\u00e9s en participar y formarse en bienestar docente\u201d, asegur\u00f3 \u00d3scar Medina, Coordinador del programa Somos Profes \u2013 Somos Educadores.<\/p>\n<p style=\"text-align: justify;\">Estas instancias buscan potenciar el bienestar docente, incluyendo tem\u00e1ticas como las relaciones nutritivas, el desarrollo profesional y el Acompa\u00f1amiento Compasivo \u2013metodolog\u00eda que promueve la contenci\u00f3n, la valoraci\u00f3n y la elaboraci\u00f3n de planes de trabajo como una forma de abordar tem\u00e1ticas de bienestar\u2013 . Adem\u00e1s, en estos talleres se ha reforzado el rol de la ense\u00f1anza t\u00e9cnico-profesional, a trav\u00e9s de una colaboraci\u00f3n entre el programa Somos Profes\u00a0 \u2013 Somos Educadores con ONG Canales a trav\u00e9s de la Red Futuro T\u00e9cnico.<\/p>\n<p style=\"text-align: justify;\">\u201cEsta alianza ha sido muy provechosa ya que ha permitido vincular a distintos docentes de los establecimientos de la Red Futuro T\u00e9cnico y generar espacios para que puedan compartir sus experiencias y c\u00f3mo abordar ciertas problem\u00e1ticas dentro de las aulas. El trabajo en conjunto ha sido un aporte para fortalecer estos lazos\u201d, afirm\u00f3 Claudia Bunster Directora Regional en Ays\u00e9n de ONG Canales.<\/p>\n<p style=\"text-align: justify;\">\u201cSaber qui\u00e9n soy, luego d\u00f3nde voy\u201d en Puerto Montt y Los Muermos, fue uno de los talleres realizados dirigidos a docentes del SLEP Llanquihue con el objetivo de acompa\u00f1arlos en la reflexi\u00f3n sobre su identidad profesional y la definici\u00f3n de metas personales para su desarrollo docente. En paralelo, se ejecut\u00f3 el taller \u201cContexto Movilizador de la Ense\u00f1anza Media T\u00e9cnico-Profesional\u201d en Puerto Montt, Chilo\u00e9, Coyhaique y Punta Arenas, como parte de un curso de bienestar organizado junto a ONG Canales, enfocado en reconocer los desaf\u00edos y oportunidades del contexto profesional, as\u00ed como las fortalezas y \u00e1reas de mejora de cada docente para poder hacer de ellos agentes de cambio dentro de la Ense\u00f1anza Media T\u00e9cnico-Profesional. Adem\u00e1s, se realiz\u00f3 el segundo encuentro de Transferencia de Capacidades al SLEP Llanquihue, enfocado en entregar herramientas y pr\u00e1cticas concretas a los equipos t\u00e9cnicos del servicio local, con el fin de fortalecer su rol en el acompa\u00f1amiento del bienestar docente de manera aut\u00f3noma y sostenida.<\/p>\n<p style=\"text-align: justify;\">\u201cEstos talleres nos proponen el bienestar como parte del desarrollo profesional docente, lo que es muy importante para adquirir distintos tipos de habilidades, sobre todo habilidades blandas, que nos ayuden a mejorar nuestro desempe\u00f1o. Creo que es importante que estos contenidos se integren m\u00e1s al d\u00eda a d\u00eda y que haya un monitoreo constante de lo que vamos aprendiendo\u201d, coment\u00f3 Ren\u00e9 Canales, profesor de la Escuela Rural Ca\u00f1itas quien fue parte de uno de los talleres de bienestar socioemocional.<\/p>\n<p style=\"text-align: justify;\">Dentro de esta visita al sur del pa\u00eds, el equipo de Somos Profes \u2013 Somos Educadores particip\u00f3 de la firma de un convenio de colaboraci\u00f3n 2025-2026 con el SLEP Ays\u00e9n. Esta alianza tiene por objetivo promover espacios de apoyo y bienestar emocional a las y los docentes de los establecimientos p\u00fablicos de la zona.<\/p>\n<p style=\"text-align: justify;\">\u201cEstablecer alianzas con distintos Servicios Locales nos ayuda a llevar espacios de formaci\u00f3n y acompa\u00f1amiento de una forma que considera el contexto y realmente les hace sentido a los docentes. Agradecemos al SLEP Ays\u00e9n, SLEP Magallanes y SLEP Llanquihue por su inter\u00e9s en seguir colaborando por mejorar la educaci\u00f3n p\u00fablica de nuestro pa\u00eds\u201d coment\u00f3 Rosario Rousseau, Coordinadora del Programa Somos Profes Somos Educadores.<\/p>\n<p style=\"text-align: justify;\"><strong>Somos Profes \u2013 Somos Educadores: \u201cProfe, tu bienestar importa\u201d<\/strong><\/p>\n<p style=\"text-align: justify;\">Bajo el lema \u201cProfe, tu bienestar importa\u201d, el programa \u201cSomos Profes \u2013 Somos Educadores\u201d ofrece acompa\u00f1amiento gratuito, permanente y personalizado a trav\u00e9s de WhatsApp, brindado por un equipo de Consejer\u00eda Psicoeducativa. Adem\u00e1s, lleva a cabo encuentros para profundizar en temas relacionados con el bienestar y fomentar la colaboraci\u00f3n profesional entre docentes y educadores de todo el pa\u00eds. Tambi\u00e9n se ponen a disposici\u00f3n recursos y canales digitales que permiten interactuar y conectar con todos los participantes del programa.<\/p>\n<p style=\"text-align: justify;\">El a\u00f1o 2024\u00a0 \u201cSomos Profes \u2013 Somos Educadores\u201d desarroll\u00f3 125 encuentros presenciales a nivel nacional, efectu\u00f3 1.800 acompa\u00f1amientos efectivos y gener\u00f3 alianzas con m\u00e1s de 30 instituciones del pa\u00eds. Un positivo balance que releva la necesidad de continuar realizando estas acciones y fortalecer la formaci\u00f3n de los futuros educadores en Chile.<\/p>\n<\/div><\/section><\/div><div  style='height:50px' class='hr hr-invisible   avia-builder-el-6  el_after_av_one_full  el_before_av_social_share '><span class='hr-inner ' ><span class='hr-inner-style'><\/span><\/span><\/div><\/p>\n<div  class='av-social-sharing-box  avia-builder-el-7  el_after_av_hr  el_before_av_hr  '><div class='av-share-box'><h5 class='av-share-link-description av-no-toc '>Compartir esta noticia<\/h5><ul class='av-share-box-list noLightbox'><li class='av-share-link av-social-link-facebook' ><a target=\"_blank\" aria-label=\"Compartir en Facebook\" href='https:\/\/www.facebook.com\/sharer.php?u=https:\/\/radiorevelacionfm.cl\/?p=60282&#038;t=Implementan%20talleres%20de%20bienestar%20socioemocional%20para%20profesores%20de%20la%20regi%C3%B3n%20de%20Los%20Lagos%2C%20Ays%C3%A9n%20y%20Magallanes' aria-hidden='false' data-av_icon='\ue8f3' data-av_iconfont='entypo-fontello' title='' data-avia-related-tooltip='Compartir en Facebook' rel=\"noopener\"><span class='avia_hidden_link_text'>Compartir en Facebook<\/span><\/a><\/li><li class='av-share-link av-social-link-twitter' ><a target=\"_blank\" aria-label=\"Compartir en Twitter\" href='https:\/\/twitter.com\/share?text=Implementan%20talleres%20de%20bienestar%20socioemocional%20para%20profesores%20de%20la%20regi%C3%B3n%20de%20Los%20Lagos%2C%20Ays%C3%A9n%20y%20Magallanes&#038;url=https:\/\/radiorevelacionfm.cl\/?p=60282' aria-hidden='false' data-av_icon='\ue8f1' data-av_iconfont='entypo-fontello' title='' data-avia-related-tooltip='Compartir en Twitter' rel=\"noopener\"><span class='avia_hidden_link_text'>Compartir en Twitter<\/span><\/a><\/li><li class='av-share-link av-social-link-whatsapp' ><a target=\"_blank\" aria-label=\"Compartir en Whatsapp\" href='https:\/\/api.whatsapp.com\/send?text=https:\/\/radiorevelacionfm.cl\/?p=60282' aria-hidden='false' data-av_icon='\uf232' data-av_iconfont='entypo-fontello' title='' data-avia-related-tooltip='Compartir en Whatsapp' rel=\"noopener\"><span class='avia_hidden_link_text'>Compartir en Whatsapp<\/span><\/a><\/li><li class='av-share-link av-social-link-linkedin' ><a target=\"_blank\" aria-label=\"Compartir en LinkedIn\" href='https:\/\/linkedin.com\/shareArticle?mini=true&#038;title=Implementan%20talleres%20de%20bienestar%20socioemocional%20para%20profesores%20de%20la%20regi%C3%B3n%20de%20Los%20Lagos%2C%20Ays%C3%A9n%20y%20Magallanes&#038;url=https:\/\/radiorevelacionfm.cl\/?p=60282' aria-hidden='false' data-av_icon='\ue8fc' data-av_iconfont='entypo-fontello' title='' data-avia-related-tooltip='Compartir en LinkedIn' rel=\"noopener\"><span class='avia_hidden_link_text'>Compartir en LinkedIn<\/span><\/a><\/li><li class='av-share-link av-social-link-mail' ><a  aria-label=\"Compartir por correo\" href='mailto:?subject=Implementan%20talleres%20de%20bienestar%20socioemocional%20para%20profesores%20de%20la%20regi%C3%B3n%20de%20Los%20Lagos%2C%20Ays%C3%A9n%20y%20Magallanes&#038;body=https:\/\/radiorevelacionfm.cl\/?p=60282' aria-hidden='false' data-av_icon='\ue805' data-av_iconfont='entypo-fontello' title='' data-avia-related-tooltip='Compartir por correo'><span class='avia_hidden_link_text'>Compartir por correo<\/span><\/a><\/li><\/ul><\/div><\/div>\n<div  style='height:50px' class='hr hr-invisible   avia-builder-el-8  el_after_av_social_share  el_before_av_comments_list '><span class='hr-inner ' ><span class='hr-inner-style'><\/span><\/span><\/div>\n<div  class='av-buildercomment  av-blog-meta-html-info-disabled av-blog-meta-tag-disabled  '><\/div>\n","protected":false},"excerpt":{"rendered":"","protected":false},"author":1,"featured_media":60283,"comment_status":"closed","ping_status":"closed","sticky":false,"template":"","format":"standard","meta":{"footnotes":""},"categories":[49],"tags":[],"class_list":["post-60282","post","type-post","status-publish","format-standard","has-post-thumbnail","hentry","category-educacion"],"jetpack_featured_media_url":"https:\/\/radiorevelacionfm.cl\/wp-content\/uploads\/2025\/10\/unnamed-29-1-1_optimized-1.jpg","_links":{"self":[{"href":"https:\/\/radiorevelacionfm.cl\/index.php?rest_route=\/wp\/v2\/posts\/60282","targetHints":{"allow":["GET"]}}],"collection":[{"href":"https:\/\/radiorevelacionfm.cl\/index.php?rest_route=\/wp\/v2\/posts"}],"about":[{"href":"https:\/\/radiorevelacionfm.cl\/index.php?rest_route=\/wp\/v2\/types\/post"}],"author":[{"embeddable":true,"href":"https:\/\/radiorevelacionfm.cl\/index.php?rest_route=\/wp\/v2\/users\/1"}],"replies":[{"embeddable":true,"href":"https:\/\/radiorevelacionfm.cl\/index.php?rest_route=%2Fwp%2Fv2%2Fcomments&post=60282"}],"version-history":[{"count":2,"href":"https:\/\/radiorevelacionfm.cl\/index.php?rest_route=\/wp\/v2\/posts\/60282\/revisions"}],"predecessor-version":[{"id":60285,"href":"https:\/\/radiorevelacionfm.cl\/index.php?rest_route=\/wp\/v2\/posts\/60282\/revisions\/60285"}],"wp:featuredmedia":[{"embeddable":true,"href":"https:\/\/radiorevelacionfm.cl\/index.php?rest_route=\/wp\/v2\/media\/60283"}],"wp:attachment":[{"href":"https:\/\/radiorevelacionfm.cl\/index.php?rest_route=%2Fwp%2Fv2%2Fmedia&parent=60282"}],"wp:term":[{"taxonomy":"category","embeddable":true,"href":"https:\/\/radiorevelacionfm.cl\/index.php?rest_route=%2Fwp%2Fv2%2Fcategories&post=60282"},{"taxonomy":"post_tag","embeddable":true,"href":"https:\/\/radiorevelacionfm.cl\/index.php?rest_route=%2Fwp%2Fv2%2Ftags&post=60282"}],"curies":[{"name":"wp","href":"https:\/\/api.w.org\/{rel}","templated":true}]}}