{"id":60276,"date":"2025-10-13T12:20:22","date_gmt":"2025-10-13T15:20:22","guid":{"rendered":"https:\/\/radiorevelacionfm.cl\/?p=60276"},"modified":"2025-10-13T12:20:22","modified_gmt":"2025-10-13T15:20:22","slug":"ya-es-una-realidad-congreso-aprueba-ley-de-fomento-y-proteccion-a-la-artesania","status":"publish","type":"post","link":"https:\/\/radiorevelacionfm.cl\/?p=60276","title":{"rendered":"Ya es una realidad: Congreso aprueba Ley de Fomento y Protecci\u00f3n a la Artesan\u00eda"},"content":{"rendered":"<div class=\"flex_column av_one_full  flex_column_div av-zero-column-padding first  avia-builder-el-0  el_before_av_one_full  avia-builder-el-first  \" style='border-radius:0px; '><div  class='avia-image-container  av-styling-    avia-builder-el-1  avia-builder-el-no-sibling  avia-align-center '  itemprop=\"image\" itemscope=\"itemscope\" itemtype=\"https:\/\/schema.org\/ImageObject\"  ><div class='avia-image-container-inner'><div class='avia-image-overlay-wrap'><img decoding=\"async\" class='wp-image-60277 avia-img-lazy-loading-not-60277 avia_image' src=\"https:\/\/radiorevelacionfm.cl\/wp-content\/uploads\/2025\/10\/INAUGURACION-V-FERIA-CULTURAS-AYSEN28-1-1.jpg\" alt='' title='INAUGURACION V FERIA CULTURAS AYSEN28 (1) (1)' height=\"600\" width=\"900\"  itemprop=\"thumbnailUrl\" srcset=\"https:\/\/radiorevelacionfm.cl\/wp-content\/uploads\/2025\/10\/INAUGURACION-V-FERIA-CULTURAS-AYSEN28-1-1.jpg 900w, https:\/\/radiorevelacionfm.cl\/wp-content\/uploads\/2025\/10\/INAUGURACION-V-FERIA-CULTURAS-AYSEN28-1-1-300x200.jpg 300w, https:\/\/radiorevelacionfm.cl\/wp-content\/uploads\/2025\/10\/INAUGURACION-V-FERIA-CULTURAS-AYSEN28-1-1-768x512.jpg 768w, https:\/\/radiorevelacionfm.cl\/wp-content\/uploads\/2025\/10\/INAUGURACION-V-FERIA-CULTURAS-AYSEN28-1-1-705x470.jpg 705w, https:\/\/radiorevelacionfm.cl\/wp-content\/uploads\/2025\/10\/INAUGURACION-V-FERIA-CULTURAS-AYSEN28-1-1-450x300.jpg 450w, https:\/\/radiorevelacionfm.cl\/wp-content\/uploads\/2025\/10\/INAUGURACION-V-FERIA-CULTURAS-AYSEN28-1-1-600x400.jpg 600w\" sizes=\"(max-width: 900px) 100vw, 900px\" \/><\/div><\/div><\/div><\/div><div class=\"flex_column av_one_full  flex_column_div av-zero-column-padding first  avia-builder-el-2  el_after_av_one_full  el_before_av_one_full  column-top-margin\" style='border-radius:0px; '><section class=\"av_textblock_section \"  itemscope=\"itemscope\" itemtype=\"https:\/\/schema.org\/BlogPosting\" itemprop=\"blogPost\" ><div class='avia_textblock  '   itemprop=\"text\" ><p style=\"text-align: center;\"><strong><span style=\"font-size: 18pt;\">Ya es una realidad: Congreso aprueba Ley de Fomento y Protecci\u00f3n a la Artesan\u00eda<\/span><\/strong><\/p>\n<div id=\"gtx-trans\" style=\"position: absolute; left: -50px; top: 4.31534px;\">\n<div class=\"gtx-trans-icon\"><\/div>\n<\/div>\n<\/div><\/section><\/div><div class=\"flex_column av_one_full  flex_column_div av-zero-column-padding first  avia-builder-el-4  el_after_av_one_full  el_before_av_hr  column-top-margin\" style='border-radius:0px; '><section class=\"av_textblock_section \"  itemscope=\"itemscope\" itemtype=\"https:\/\/schema.org\/BlogPosting\" itemprop=\"blogPost\" ><div class='avia_textblock  '   itemprop=\"text\" ><p style=\"text-align: justify;\">Desde el d\u00eda martes 7 de octubre, el sector de la Artesan\u00eda cuenta con su propia Ley de Fomento y Protecci\u00f3n a la Artesan\u00eda. Este hito, alcanzado este martes en el Congreso Nacional, entrega una respuesta a una demanda hist\u00f3rica del sector, que por m\u00e1s de tres d\u00e9cadas esper\u00f3 un marco legal que respalde y promueva la labor de este sector en el pa\u00eds.<\/p>\n<p style=\"text-align: justify;\">Esta votaci\u00f3n fue celebrada en la Sala del Congreso Nacional por la ministra de las Culturas, las Artes y el Patrimonio, Carolina Arredondo Marz\u00e1n, quien lleg\u00f3 hasta Valpara\u00edso acompa\u00f1ada de creadoras y creadores de las regiones de Arica, Antofagasta, Atacama, Coquimbo, Valpara\u00edso, O\u00b4Higgins, Maule, Biob\u00edo y Ays\u00e9n.<\/p>\n<p style=\"text-align: justify;\">\u201cLa promulgaci\u00f3n de la Ley de Fomento y Protecci\u00f3n de la Artesan\u00eda marca un antes y un despu\u00e9s en la historia cultural de nuestro pa\u00eds. No se trata solo de una norma largamente esperada, sino de un reconocimiento profundo a quienes, desde sus territorios, han sostenido los oficios que nos identifican y nos dan sentido como comunidad. En una regi\u00f3n como Ays\u00e9n, donde la artesan\u00eda dialoga con la naturaleza, la memoria y la vida cotidiana, esta ley viene a fortalecer un sector que ha sido motor de identidad y de desarrollo local. Su implementaci\u00f3n permitir\u00e1 que el Estado, en conjunto con las y los creadores, trace caminos m\u00e1s s\u00f3lidos para la transmisi\u00f3n de saberes, la circulaci\u00f3n de las obras y la protecci\u00f3n de nuestras tradiciones vivas.\u201d, dijo Felipe Quiroz, Seremi de las Culturas.<\/p>\n<p style=\"text-align: justify;\">Una de las personas presentes en el hemiciclo fue el artesano de Ays\u00e9n Luis Fuentes, \u201cAyer fue un d\u00eda hist\u00f3rico para la artesan\u00eda chilena. Despu\u00e9s de tantos a\u00f1os de lucha, logramos la aprobaci\u00f3n de la primera ley que reconoce a las y los artesanos de nuestro pa\u00eds. Estuvimos en el Congreso, acompa\u00f1ando este momento que quedar\u00e1 grabado en la memoria colectiva de nuestro oficio. Este logro es fruto del trabajo de muchas personas, incluidas aquellas que ya no est\u00e1n con nosotros, pero que entregaron su fuerza y convicci\u00f3n para llegar hasta aqu\u00ed. Hoy cerramos una etapa y abrimos otra: la de hacer realidad la protecci\u00f3n y el fomento de la artesan\u00eda en Chile. Este es solo el comienzo.\u201d se\u00f1al\u00f3 el artesano.<\/p>\n<p style=\"text-align: justify;\">El proyecto se estructura en tres ejes centrales: el reconocimiento de la pr\u00e1ctica artesanal y de sus cultores; la creaci\u00f3n de instancias de participaci\u00f3n como el Consejo Nacional y las Mesas Regionales; y el fortalecimiento del apoyo estatal mediante una Pol\u00edtica Nacional, un Plan, un Comit\u00e9 Interinstitucional y un fondo especial de $2.900 millones para el fomento del sector. Asimismo, establece por ley el Registro Nacional de Artesan\u00eda como principal v\u00eda de acceso a apoyos y reconocimientos.<\/p>\n<p style=\"text-align: justify;\">Surgido del proceso participativo de 2022, en el que participaron cerca de mil artesanas y artesanos, el proyecto recoge las principales demandas del sector: mayor visibilidad, reconocimiento legal, fortalecimiento de la asociatividad y mejores mecanismos de circulaci\u00f3n de las obras.<\/p>\n<p style=\"text-align: justify;\">La promulgaci\u00f3n de esta ley representa un avance hist\u00f3rico, al situar a la artesan\u00eda como un eje del desarrollo cultural, social y econ\u00f3mico del pa\u00eds, promoviendo el comercio justo, el turismo sostenible y la preservaci\u00f3n de las identidades y territorios.<\/p>\n<p style=\"text-align: justify;\">Toda la informaci\u00f3n sobre la Ley de Artesan\u00eda <a href=\"https:\/\/www.cultura.gob.cl\/videos\/proyecto-de-ley-de-artesania\/\">en este link<\/a>.<\/p>\n<p style=\"text-align: justify;\"><u>\u00a0<\/u><\/p>\n<\/div><\/section><\/div><div  style='height:50px' class='hr hr-invisible   avia-builder-el-6  el_after_av_one_full  el_before_av_social_share '><span class='hr-inner ' ><span class='hr-inner-style'><\/span><\/span><\/div><\/p>\n<div  class='av-social-sharing-box  avia-builder-el-7  el_after_av_hr  el_before_av_hr  '><div class='av-share-box'><h5 class='av-share-link-description av-no-toc '>Compartir esta noticia<\/h5><ul class='av-share-box-list noLightbox'><li class='av-share-link av-social-link-facebook' ><a target=\"_blank\" aria-label=\"Compartir en Facebook\" href='https:\/\/www.facebook.com\/sharer.php?u=https:\/\/radiorevelacionfm.cl\/?p=60276&#038;t=Ya%20es%20una%20realidad%3A%20Congreso%20aprueba%20Ley%20de%20Fomento%20y%20Protecci%C3%B3n%20a%20la%20Artesan%C3%ADa' aria-hidden='false' data-av_icon='\ue8f3' data-av_iconfont='entypo-fontello' title='' data-avia-related-tooltip='Compartir en Facebook' rel=\"noopener\"><span class='avia_hidden_link_text'>Compartir en Facebook<\/span><\/a><\/li><li class='av-share-link av-social-link-twitter' ><a target=\"_blank\" aria-label=\"Compartir en Twitter\" href='https:\/\/twitter.com\/share?text=Ya%20es%20una%20realidad%3A%20Congreso%20aprueba%20Ley%20de%20Fomento%20y%20Protecci%C3%B3n%20a%20la%20Artesan%C3%ADa&#038;url=https:\/\/radiorevelacionfm.cl\/?p=60276' aria-hidden='false' data-av_icon='\ue8f1' data-av_iconfont='entypo-fontello' title='' data-avia-related-tooltip='Compartir en Twitter' rel=\"noopener\"><span class='avia_hidden_link_text'>Compartir en Twitter<\/span><\/a><\/li><li class='av-share-link av-social-link-whatsapp' ><a target=\"_blank\" aria-label=\"Compartir en Whatsapp\" href='https:\/\/api.whatsapp.com\/send?text=https:\/\/radiorevelacionfm.cl\/?p=60276' aria-hidden='false' data-av_icon='\uf232' data-av_iconfont='entypo-fontello' title='' data-avia-related-tooltip='Compartir en Whatsapp' rel=\"noopener\"><span class='avia_hidden_link_text'>Compartir en Whatsapp<\/span><\/a><\/li><li class='av-share-link av-social-link-linkedin' ><a target=\"_blank\" aria-label=\"Compartir en LinkedIn\" href='https:\/\/linkedin.com\/shareArticle?mini=true&#038;title=Ya%20es%20una%20realidad%3A%20Congreso%20aprueba%20Ley%20de%20Fomento%20y%20Protecci%C3%B3n%20a%20la%20Artesan%C3%ADa&#038;url=https:\/\/radiorevelacionfm.cl\/?p=60276' aria-hidden='false' data-av_icon='\ue8fc' data-av_iconfont='entypo-fontello' title='' data-avia-related-tooltip='Compartir en LinkedIn' rel=\"noopener\"><span class='avia_hidden_link_text'>Compartir en LinkedIn<\/span><\/a><\/li><li class='av-share-link av-social-link-mail' ><a  aria-label=\"Compartir por correo\" href='mailto:?subject=Ya%20es%20una%20realidad%3A%20Congreso%20aprueba%20Ley%20de%20Fomento%20y%20Protecci%C3%B3n%20a%20la%20Artesan%C3%ADa&#038;body=https:\/\/radiorevelacionfm.cl\/?p=60276' aria-hidden='false' data-av_icon='\ue805' data-av_iconfont='entypo-fontello' title='' data-avia-related-tooltip='Compartir por correo'><span class='avia_hidden_link_text'>Compartir por correo<\/span><\/a><\/li><\/ul><\/div><\/div>\n<div  style='height:50px' class='hr hr-invisible   avia-builder-el-8  el_after_av_social_share  el_before_av_comments_list '><span class='hr-inner ' ><span class='hr-inner-style'><\/span><\/span><\/div>\n<div  class='av-buildercomment  av-blog-meta-html-info-disabled av-blog-meta-tag-disabled  '><\/div>\n","protected":false},"excerpt":{"rendered":"","protected":false},"author":1,"featured_media":60277,"comment_status":"closed","ping_status":"closed","sticky":false,"template":"","format":"standard","meta":{"footnotes":""},"categories":[61],"tags":[],"class_list":["post-60276","post","type-post","status-publish","format-standard","has-post-thumbnail","hentry","category-nacional"],"jetpack_featured_media_url":"https:\/\/radiorevelacionfm.cl\/wp-content\/uploads\/2025\/10\/INAUGURACION-V-FERIA-CULTURAS-AYSEN28-1-1.jpg","_links":{"self":[{"href":"https:\/\/radiorevelacionfm.cl\/index.php?rest_route=\/wp\/v2\/posts\/60276","targetHints":{"allow":["GET"]}}],"collection":[{"href":"https:\/\/radiorevelacionfm.cl\/index.php?rest_route=\/wp\/v2\/posts"}],"about":[{"href":"https:\/\/radiorevelacionfm.cl\/index.php?rest_route=\/wp\/v2\/types\/post"}],"author":[{"embeddable":true,"href":"https:\/\/radiorevelacionfm.cl\/index.php?rest_route=\/wp\/v2\/users\/1"}],"replies":[{"embeddable":true,"href":"https:\/\/radiorevelacionfm.cl\/index.php?rest_route=%2Fwp%2Fv2%2Fcomments&post=60276"}],"version-history":[{"count":2,"href":"https:\/\/radiorevelacionfm.cl\/index.php?rest_route=\/wp\/v2\/posts\/60276\/revisions"}],"predecessor-version":[{"id":60279,"href":"https:\/\/radiorevelacionfm.cl\/index.php?rest_route=\/wp\/v2\/posts\/60276\/revisions\/60279"}],"wp:featuredmedia":[{"embeddable":true,"href":"https:\/\/radiorevelacionfm.cl\/index.php?rest_route=\/wp\/v2\/media\/60277"}],"wp:attachment":[{"href":"https:\/\/radiorevelacionfm.cl\/index.php?rest_route=%2Fwp%2Fv2%2Fmedia&parent=60276"}],"wp:term":[{"taxonomy":"category","embeddable":true,"href":"https:\/\/radiorevelacionfm.cl\/index.php?rest_route=%2Fwp%2Fv2%2Fcategories&post=60276"},{"taxonomy":"post_tag","embeddable":true,"href":"https:\/\/radiorevelacionfm.cl\/index.php?rest_route=%2Fwp%2Fv2%2Ftags&post=60276"}],"curies":[{"name":"wp","href":"https:\/\/api.w.org\/{rel}","templated":true}]}}