{"id":6027,"date":"2021-07-07T17:06:18","date_gmt":"2021-07-07T20:06:18","guid":{"rendered":"https:\/\/radiorevelacionfm.cl\/?p=6027"},"modified":"2021-07-07T17:06:18","modified_gmt":"2021-07-07T20:06:18","slug":"trabajador-desvinculado-en-municipio-de-chile-chico-aseguro-que-llegaran-hasta-los-tribunales","status":"publish","type":"post","link":"https:\/\/radiorevelacionfm.cl\/?p=6027","title":{"rendered":"Trabajador desvinculado en municipio de Chile Chico asegur\u00f3 que llegar\u00e1n hasta los Tribunales"},"content":{"rendered":"<div class=\"flex_column av_one_full  flex_column_div av-zero-column-padding first  avia-builder-el-0  el_before_av_one_full  avia-builder-el-first  \" style='border-radius:0px; '><div  class='avia-image-container  av-styling-    avia-builder-el-1  avia-builder-el-no-sibling  avia-align-center '  itemprop=\"image\" itemscope=\"itemscope\" itemtype=\"https:\/\/schema.org\/ImageObject\"  ><div class='avia-image-container-inner'><div class='avia-image-overlay-wrap'><img decoding=\"async\" class='wp-image-5924 avia-img-lazy-loading-not-5924 avia_image' src=\"https:\/\/radiorevelacionfm.cl\/wp-content\/uploads\/2021\/07\/municipalidad-chile-chico_optimized.jpg\" alt='' title='municipalidad-chile-chico_optimized' height=\"602\" width=\"1079\"  itemprop=\"thumbnailUrl\" srcset=\"https:\/\/radiorevelacionfm.cl\/wp-content\/uploads\/2021\/07\/municipalidad-chile-chico_optimized.jpg 1079w, https:\/\/radiorevelacionfm.cl\/wp-content\/uploads\/2021\/07\/municipalidad-chile-chico_optimized-300x167.jpg 300w, https:\/\/radiorevelacionfm.cl\/wp-content\/uploads\/2021\/07\/municipalidad-chile-chico_optimized-1030x575.jpg 1030w, https:\/\/radiorevelacionfm.cl\/wp-content\/uploads\/2021\/07\/municipalidad-chile-chico_optimized-768x428.jpg 768w, https:\/\/radiorevelacionfm.cl\/wp-content\/uploads\/2021\/07\/municipalidad-chile-chico_optimized-705x393.jpg 705w, https:\/\/radiorevelacionfm.cl\/wp-content\/uploads\/2021\/07\/municipalidad-chile-chico_optimized-600x335.jpg 600w\" sizes=\"(max-width: 1079px) 100vw, 1079px\" \/><\/div><\/div><\/div><\/div><div class=\"flex_column av_one_full  flex_column_div av-zero-column-padding first  avia-builder-el-2  el_after_av_one_full  el_before_av_one_full  column-top-margin\" style='border-radius:0px; '><section class=\"av_textblock_section \"  itemscope=\"itemscope\" itemtype=\"https:\/\/schema.org\/BlogPosting\" itemprop=\"blogPost\" ><div class='avia_textblock  '   itemprop=\"text\" ><p style=\"text-align: center;\"><strong><span style=\"font-size: 18pt;\">Trabajador desvinculado en municipio de Chile Chico asegur\u00f3 que llegar\u00e1n hasta los Tribunales<\/span><\/strong><\/p>\n<div id=\"gtx-trans\" style=\"position: absolute; left: -50px; top: 4.31534px;\">\n<div class=\"gtx-trans-icon\"><\/div>\n<\/div>\n<\/div><\/section><\/div><div class=\"flex_column av_one_full  flex_column_div av-zero-column-padding first  avia-builder-el-4  el_after_av_one_full  el_before_av_hr  column-top-margin\" style='border-radius:0px; '><section class=\"av_textblock_section \"  itemscope=\"itemscope\" itemtype=\"https:\/\/schema.org\/BlogPosting\" itemprop=\"blogPost\" ><div class='avia_textblock  '   itemprop=\"text\" ><p style=\"text-align: justify;\">Los primeros d\u00edas del mes de julio han sido muy tristes para alrededor de 150 familias de Chile Chico que perdieron su fuente de ingreso, luego de que el Alcalde Luperciano Mu\u00f1oz, decidiera despedir ese n\u00famero de personas con la justificaci\u00f3n de \u201cahorrar\u201d, algo que ha sido fuertemente criticado desde distintos sectores.<\/p>\n<p style=\"text-align: justify;\">Es importante recordar que, el 2016 cuando Luperciano Mu\u00f1oz deja su tercer periodo al mando del Municipio, las empresas y la econom\u00eda en la zona no presentaban inconvenientes. Fue el 2017, cuando ingresa Ricardo Ibarra y a solo meses de su gesti\u00f3n, ocurre el lamentable accidente minero que les cost\u00f3 la vida a dos trabajadores y que luego signific\u00f3 el cierre de la minera dejando a cerca de 700 personas sin empleo.<\/p>\n<p style=\"text-align: justify;\">Posteriormente en el 2019 el estallido social, signific\u00f3 tambi\u00e9n baja en la econom\u00eda a nivel nacional, p\u00e9rdida de puestos de empleo y esto tambi\u00e9n afect\u00f3 a la comuna de Chile Chico. Seguido de ello, el 2020 vino la pandemia, que ha dejado en evidencia la crisis sanitaria y de la mano la crisis laboral y econ\u00f3mica. Solo basta ver, la rebeld\u00eda que han adoptado varios gremios de la regi\u00f3n, ya que, seguir cerrados se hace insostenible.<\/p>\n<p style=\"text-align: justify;\">Ante todo lo anterior y en una labor absolutamente social y pensando en apoyar a la comunidad, el ex Alcalde Ricardo Ibarra, contrat\u00f3 a m\u00e1s personas en la municipalidad, adem\u00e1s se levantaron proyectos de empleo con apoyo del Gobierno Regional, se crearon nuevos departamentos que nunca existieron como la oficina del adulto mayor, la oficina de la mujer, organizaciones comunitarias, la entidad patrocinante municipal con gran resultado y apoyo a muchas familias, la estrategia de desarrollo local inclusivo y muchas m\u00e1s, algunas con convenios y fondos provenientes de otros servicios. Hoy muchas de estas oficinas desaparecieron.<\/p>\n<p style=\"text-align: justify;\">Lo mismo ha sucedido con el apoyo social en el \u00e1mbito de la salud, la cl\u00ednica de salud municipal, el centro kin\u00e9sico, sus profesionales fueron desvinculados por la actual administraci\u00f3n. Por lo tanto, al hablar de econom\u00eda, solo la econom\u00eda es en el \u00e1mbito social, de ayuda a las personas, a los adultos mayores, a la gente del interior de la comuna, que se estaba viendo beneficiada, por ejemplo, con el programa de cuidadores para adultos mayores de toda la comuna, como as\u00ed tambi\u00e9n, el apoyo en limpieza de ductos de humo, trozar y cortar le\u00f1a, principalmente a aquellas ancianas y ancianos que viven solos y no tienen red de apoyo. En eso es lo que ha ahorrado la nueva administraci\u00f3n municipal de Chile Chico.<\/p>\n<p style=\"text-align: justify;\"><strong>Luperciano Mu\u00f1oz \u201cha tenido que recurrir una y otra vez a la mentira para justificar lo injustificable\u201d.<\/strong><\/p>\n<p style=\"text-align: justify;\">Sobre ello, otro de los trabajadores despedido en la Municipalidad de Chile Chico, Luis Vel\u00e1squez, fue claro en se\u00f1alar que \u201cnuevamente Luperciano Mu\u00f1oz ha tenido que recurrir a las mentiras para justificar lo injustificable\u201d. Adem\u00e1s, asegur\u00f3 Vel\u00e1squez, que el Alcalde Chile Chico busca \u201cahorrar\u201d para construir el segundo piso del Municipio.<\/p>\n<p style=\"text-align: justify;\">\u201cPrimero agradecer la solidaridad que hemos recibido de todas partes de la regi\u00f3n, tanto de organizaciones sociales, sindicales, como de personas que est\u00e1n al tanto de lo que est\u00e1 sucediendo en la Municipalidad de Chile Chico. Ahora, el responsable de todos estos despidos es el actual Alcalde Luperciano Mu\u00f1oz, quien ha tenido que recurrir una y otra vez a la mentira para justificar lo injustificable\u201d.<\/p>\n<p style=\"text-align: justify;\"><strong>\u201cUna persona sin ning\u00fan compromiso social, sin ninguna sensibilidad social con su gente\u201d<\/strong><\/p>\n<p style=\"text-align: justify;\">Luis Vel\u00e1squez, asegur\u00f3 tambi\u00e9n que a Luperciano Mu\u00f1oz \u201cya nadie le est\u00e1 creyendo todo lo que sale a decir en los medios. Ahora, llegar a decir que estos despidos eran necesarios, por la necesidad ahorrar, para construir un segundo piso en el Municipio de Chile Chico, no tan solo raya en lo rid\u00edculo, sino que tambi\u00e9n lo expone en toda su dimensi\u00f3n como una persona sin ning\u00fan compromiso social, sin ninguna sensibilidad social con su gente\u201d.<\/p>\n<p style=\"text-align: justify;\"><strong>\u201cLlevaremos esta situaci\u00f3n a tribunales\u201d<\/strong><\/p>\n<p style=\"text-align: justify;\">El trabajador desvinculado desde la Municipalidad de Chile Chico, asegur\u00f3 que esta vulneraci\u00f3n de derechos a los trabajadores y trabajadoras, ser\u00e1 llevada a tribunales.<\/p>\n<p style=\"text-align: justify;\">\u201cNosotros como trabajadores, tenemos el deber de seguir en lo que estamos hasta ahora, aqu\u00ed hay que restituir el derecho de los trabajadores vulnerados y en ese sentido lo que nos corresponde hoy en d\u00eda es llevar esta situaci\u00f3n a los tribunales, para que sean los que se pronuncien respecto a esta vulneraci\u00f3n de derechos que hemos sufrido\u201d.<\/p>\n<\/div><\/section><\/div><div  style='height:50px' class='hr hr-invisible   avia-builder-el-6  el_after_av_one_full  el_before_av_social_share '><span class='hr-inner ' ><span class='hr-inner-style'><\/span><\/span><\/div><\/p>\n<div  class='av-social-sharing-box  avia-builder-el-7  el_after_av_hr  el_before_av_hr  '><div class='av-share-box'><h5 class='av-share-link-description av-no-toc '>Compartir esta noticia<\/h5><ul class='av-share-box-list noLightbox'><li class='av-share-link av-social-link-facebook' ><a target=\"_blank\" aria-label=\"Compartir en Facebook\" href='https:\/\/www.facebook.com\/sharer.php?u=https:\/\/radiorevelacionfm.cl\/?p=6027&#038;t=Trabajador%20desvinculado%20en%20municipio%20de%20Chile%20Chico%20asegur%C3%B3%20que%20llegar%C3%A1n%20hasta%20los%20Tribunales' aria-hidden='false' data-av_icon='\ue8f3' data-av_iconfont='entypo-fontello' title='' data-avia-related-tooltip='Compartir en Facebook' rel=\"noopener\"><span class='avia_hidden_link_text'>Compartir en Facebook<\/span><\/a><\/li><li class='av-share-link av-social-link-twitter' ><a target=\"_blank\" aria-label=\"Compartir en Twitter\" href='https:\/\/twitter.com\/share?text=Trabajador%20desvinculado%20en%20municipio%20de%20Chile%20Chico%20asegur%C3%B3%20que%20llegar%C3%A1n%20hasta%20los%20Tribunales&#038;url=https:\/\/radiorevelacionfm.cl\/?p=6027' aria-hidden='false' data-av_icon='\ue8f1' data-av_iconfont='entypo-fontello' title='' data-avia-related-tooltip='Compartir en Twitter' rel=\"noopener\"><span class='avia_hidden_link_text'>Compartir en Twitter<\/span><\/a><\/li><li class='av-share-link av-social-link-whatsapp' ><a target=\"_blank\" aria-label=\"Compartir en Whatsapp\" href='https:\/\/api.whatsapp.com\/send?text=https:\/\/radiorevelacionfm.cl\/?p=6027' aria-hidden='false' data-av_icon='\uf232' data-av_iconfont='entypo-fontello' title='' data-avia-related-tooltip='Compartir en Whatsapp' rel=\"noopener\"><span class='avia_hidden_link_text'>Compartir en Whatsapp<\/span><\/a><\/li><li class='av-share-link av-social-link-linkedin' ><a target=\"_blank\" aria-label=\"Compartir en LinkedIn\" href='https:\/\/linkedin.com\/shareArticle?mini=true&#038;title=Trabajador%20desvinculado%20en%20municipio%20de%20Chile%20Chico%20asegur%C3%B3%20que%20llegar%C3%A1n%20hasta%20los%20Tribunales&#038;url=https:\/\/radiorevelacionfm.cl\/?p=6027' aria-hidden='false' data-av_icon='\ue8fc' data-av_iconfont='entypo-fontello' title='' data-avia-related-tooltip='Compartir en LinkedIn' rel=\"noopener\"><span class='avia_hidden_link_text'>Compartir en LinkedIn<\/span><\/a><\/li><li class='av-share-link av-social-link-mail' ><a  aria-label=\"Compartir por correo\" href='mailto:?subject=Trabajador%20desvinculado%20en%20municipio%20de%20Chile%20Chico%20asegur%C3%B3%20que%20llegar%C3%A1n%20hasta%20los%20Tribunales&#038;body=https:\/\/radiorevelacionfm.cl\/?p=6027' aria-hidden='false' data-av_icon='\ue805' data-av_iconfont='entypo-fontello' title='' data-avia-related-tooltip='Compartir por correo'><span class='avia_hidden_link_text'>Compartir por correo<\/span><\/a><\/li><\/ul><\/div><\/div>\n<div  style='height:50px' class='hr hr-invisible   avia-builder-el-8  el_after_av_social_share  el_before_av_comments_list '><span class='hr-inner ' ><span class='hr-inner-style'><\/span><\/span><\/div>\n<div  class='av-buildercomment  av-blog-meta-html-info-disabled av-blog-meta-tag-disabled  '><\/div>\n","protected":false},"excerpt":{"rendered":"","protected":false},"author":1,"featured_media":5924,"comment_status":"open","ping_status":"open","sticky":false,"template":"","format":"standard","meta":{"footnotes":""},"categories":[38],"tags":[],"class_list":["post-6027","post","type-post","status-publish","format-standard","has-post-thumbnail","hentry","category-regional"],"jetpack_featured_media_url":"https:\/\/radiorevelacionfm.cl\/wp-content\/uploads\/2021\/07\/municipalidad-chile-chico_optimized.jpg","_links":{"self":[{"href":"https:\/\/radiorevelacionfm.cl\/index.php?rest_route=\/wp\/v2\/posts\/6027","targetHints":{"allow":["GET"]}}],"collection":[{"href":"https:\/\/radiorevelacionfm.cl\/index.php?rest_route=\/wp\/v2\/posts"}],"about":[{"href":"https:\/\/radiorevelacionfm.cl\/index.php?rest_route=\/wp\/v2\/types\/post"}],"author":[{"embeddable":true,"href":"https:\/\/radiorevelacionfm.cl\/index.php?rest_route=\/wp\/v2\/users\/1"}],"replies":[{"embeddable":true,"href":"https:\/\/radiorevelacionfm.cl\/index.php?rest_route=%2Fwp%2Fv2%2Fcomments&post=6027"}],"version-history":[{"count":1,"href":"https:\/\/radiorevelacionfm.cl\/index.php?rest_route=\/wp\/v2\/posts\/6027\/revisions"}],"predecessor-version":[{"id":6028,"href":"https:\/\/radiorevelacionfm.cl\/index.php?rest_route=\/wp\/v2\/posts\/6027\/revisions\/6028"}],"wp:featuredmedia":[{"embeddable":true,"href":"https:\/\/radiorevelacionfm.cl\/index.php?rest_route=\/wp\/v2\/media\/5924"}],"wp:attachment":[{"href":"https:\/\/radiorevelacionfm.cl\/index.php?rest_route=%2Fwp%2Fv2%2Fmedia&parent=6027"}],"wp:term":[{"taxonomy":"category","embeddable":true,"href":"https:\/\/radiorevelacionfm.cl\/index.php?rest_route=%2Fwp%2Fv2%2Fcategories&post=6027"},{"taxonomy":"post_tag","embeddable":true,"href":"https:\/\/radiorevelacionfm.cl\/index.php?rest_route=%2Fwp%2Fv2%2Ftags&post=6027"}],"curies":[{"name":"wp","href":"https:\/\/api.w.org\/{rel}","templated":true}]}}