{"id":60267,"date":"2025-10-13T11:04:57","date_gmt":"2025-10-13T14:04:57","guid":{"rendered":"https:\/\/radiorevelacionfm.cl\/?p=60267"},"modified":"2025-10-13T11:04:57","modified_gmt":"2025-10-13T14:04:57","slug":"rally-mobil-comparte-jornada-motivacional-con-jovenes-del-centro-de-cumplimiento-penal-juvenil-de-coyhaique","status":"publish","type":"post","link":"https:\/\/radiorevelacionfm.cl\/?p=60267","title":{"rendered":"Rally Mobil comparte jornada motivacional con j\u00f3venes del Centro de Cumplimiento Penal Juvenil de Coyhaique"},"content":{"rendered":"<div class=\"flex_column av_one_full  flex_column_div av-zero-column-padding first  avia-builder-el-0  el_before_av_one_full  avia-builder-el-first  \" style='border-radius:0px; '><div  class='avia-image-container  av-styling-    avia-builder-el-1  avia-builder-el-no-sibling  avia-align-center '  itemprop=\"image\" itemscope=\"itemscope\" itemtype=\"https:\/\/schema.org\/ImageObject\"  ><div class='avia-image-container-inner'><div class='avia-image-overlay-wrap'><img decoding=\"async\" class='wp-image-60268 avia-img-lazy-loading-not-60268 avia_image' src=\"https:\/\/radiorevelacionfm.cl\/wp-content\/uploads\/2025\/10\/centro-2-1_optimized.jpg\" alt='' title='centro-(2)-(1)_optimized' height=\"600\" width=\"800\"  itemprop=\"thumbnailUrl\" srcset=\"https:\/\/radiorevelacionfm.cl\/wp-content\/uploads\/2025\/10\/centro-2-1_optimized.jpg 800w, https:\/\/radiorevelacionfm.cl\/wp-content\/uploads\/2025\/10\/centro-2-1_optimized-300x225.jpg 300w, https:\/\/radiorevelacionfm.cl\/wp-content\/uploads\/2025\/10\/centro-2-1_optimized-768x576.jpg 768w, https:\/\/radiorevelacionfm.cl\/wp-content\/uploads\/2025\/10\/centro-2-1_optimized-705x529.jpg 705w, https:\/\/radiorevelacionfm.cl\/wp-content\/uploads\/2025\/10\/centro-2-1_optimized-450x338.jpg 450w, https:\/\/radiorevelacionfm.cl\/wp-content\/uploads\/2025\/10\/centro-2-1_optimized-600x450.jpg 600w\" sizes=\"(max-width: 800px) 100vw, 800px\" \/><\/div><\/div><\/div><\/div><div class=\"flex_column av_one_full  flex_column_div av-zero-column-padding first  avia-builder-el-2  el_after_av_one_full  el_before_av_one_full  column-top-margin\" style='border-radius:0px; '><section class=\"av_textblock_section \"  itemscope=\"itemscope\" itemtype=\"https:\/\/schema.org\/BlogPosting\" itemprop=\"blogPost\" ><div class='avia_textblock  '   itemprop=\"text\" ><p style=\"text-align: center;\"><strong><span style=\"font-size: 18pt;\">Rally Mobil comparte jornada motivacional con j\u00f3venes del Centro de Cumplimiento Penal Juvenil de Coyhaique<\/span><\/strong><\/p>\n<div id=\"gtx-trans\" style=\"position: absolute; left: -50px; top: 4.31534px;\">\n<div class=\"gtx-trans-icon\"><\/div>\n<\/div>\n<\/div><\/section><\/div><div class=\"flex_column av_one_full  flex_column_div av-zero-column-padding first  avia-builder-el-4  el_after_av_one_full  el_before_av_hr  column-top-margin\" style='border-radius:0px; '><section class=\"av_textblock_section \"  itemscope=\"itemscope\" itemtype=\"https:\/\/schema.org\/BlogPosting\" itemprop=\"blogPost\" ><div class='avia_textblock  '   itemprop=\"text\" ><p style=\"text-align: justify;\"><em>La visita incluy\u00f3 una charla, el despliegue de una camioneta de seguridad y la entrega de obsequios a los j\u00f3venes participantes.<\/em><\/p>\n<p style=\"text-align: justify;\">En el contexto de la fecha de la temporada 2025 del Rally Mobil que se desarrollar\u00e1 en la ciudad de Coyhaique, integrantes del equipo de producci\u00f3n del reconocido evento tuerca nacional realizaron una visita al Centro de Cumplimiento del Servicio Nacional de Reinserci\u00f3n Juvenil, donde compartieron con j\u00f3venes que actualmente cumplen sanciones privativas de libertad.<\/p>\n<p style=\"text-align: justify;\">Durante la actividad, los participantes pudieron escuchar una charla motivacional a cargo de Felipe Horta, productor ejecutivo del Rally Mobil, quien comparti\u00f3 con los j\u00f3venes su experiencia en el mundo del automovilismo y los valores que acompa\u00f1an esta disciplina, como la perseverancia, el trabajo en equipo y la superaci\u00f3n personal.<\/p>\n<p style=\"text-align: justify;\">Felipe Horta destac\u00f3 la importancia que tuvo para el equipo compartir con los j\u00f3venes. \u201cVenir aqu\u00ed es para nosotros un gran desaf\u00edo, porque de alguna forma la idea es entregar a estos muchachos un mensaje humanitario, un mensaje de esperanza, un mensaje de hacerles ver que la vida puede tener matices y que pueden cambiar en su actitud y pueden volver a insertarse en la sociedad de buena forma. Esa responsabilidad es la que nos trajo aqu\u00ed.<\/p>\n<p style=\"text-align: justify;\">El director regional del Servicio Nacional de Reinserci\u00f3n Juvenil, Israel Villavicencio, valor\u00f3 la visita y destac\u00f3 la importancia de estas instancias: \u201cEste tipo de actividades refuerzan la confianza de los j\u00f3venes en sus propias capacidades y sue\u00f1os, present\u00e1ndoles alternativas concretas de desarrollo profesional como lo es ser parte de un equipo de rally que por lejano que parezca, s\u00ed es posible de alcanzar. Nuestro trabajo es precisamente eso, mostrarles un camino distinto y se\u00f1alarles que tambi\u00e9n son parte importante de nuestra sociedad\u201d.<\/p>\n<p style=\"text-align: justify;\">La actividad se enmarca en la estrategia del Servicio Nacional de Reinserci\u00f3n Juvenil de fortalecer las redes comunitarias y promover instancias de vinculaci\u00f3n positiva, especialmente a trav\u00e9s del deporte, la cultura y la participaci\u00f3n social, como herramientas claves en los procesos de reinserci\u00f3n.<\/p>\n<\/div><\/section><\/div><div  style='height:50px' class='hr hr-invisible   avia-builder-el-6  el_after_av_one_full  el_before_av_social_share '><span class='hr-inner ' ><span class='hr-inner-style'><\/span><\/span><\/div><\/p>\n<div  class='av-social-sharing-box  avia-builder-el-7  el_after_av_hr  el_before_av_hr  '><div class='av-share-box'><h5 class='av-share-link-description av-no-toc '>Compartir esta noticia<\/h5><ul class='av-share-box-list noLightbox'><li class='av-share-link av-social-link-facebook' ><a target=\"_blank\" aria-label=\"Compartir en Facebook\" href='https:\/\/www.facebook.com\/sharer.php?u=https:\/\/radiorevelacionfm.cl\/?p=60267&#038;t=Rally%20Mobil%20comparte%20jornada%20motivacional%20con%20j%C3%B3venes%20del%20Centro%20de%20Cumplimiento%20Penal%20Juvenil%20de%20Coyhaique' aria-hidden='false' data-av_icon='\ue8f3' data-av_iconfont='entypo-fontello' title='' data-avia-related-tooltip='Compartir en Facebook' rel=\"noopener\"><span class='avia_hidden_link_text'>Compartir en Facebook<\/span><\/a><\/li><li class='av-share-link av-social-link-twitter' ><a target=\"_blank\" aria-label=\"Compartir en Twitter\" href='https:\/\/twitter.com\/share?text=Rally%20Mobil%20comparte%20jornada%20motivacional%20con%20j%C3%B3venes%20del%20Centro%20de%20Cumplimiento%20Penal%20Juvenil%20de%20Coyhaique&#038;url=https:\/\/radiorevelacionfm.cl\/?p=60267' aria-hidden='false' data-av_icon='\ue8f1' data-av_iconfont='entypo-fontello' title='' data-avia-related-tooltip='Compartir en Twitter' rel=\"noopener\"><span class='avia_hidden_link_text'>Compartir en Twitter<\/span><\/a><\/li><li class='av-share-link av-social-link-whatsapp' ><a target=\"_blank\" aria-label=\"Compartir en Whatsapp\" href='https:\/\/api.whatsapp.com\/send?text=https:\/\/radiorevelacionfm.cl\/?p=60267' aria-hidden='false' data-av_icon='\uf232' data-av_iconfont='entypo-fontello' title='' data-avia-related-tooltip='Compartir en Whatsapp' rel=\"noopener\"><span class='avia_hidden_link_text'>Compartir en Whatsapp<\/span><\/a><\/li><li class='av-share-link av-social-link-linkedin' ><a target=\"_blank\" aria-label=\"Compartir en LinkedIn\" href='https:\/\/linkedin.com\/shareArticle?mini=true&#038;title=Rally%20Mobil%20comparte%20jornada%20motivacional%20con%20j%C3%B3venes%20del%20Centro%20de%20Cumplimiento%20Penal%20Juvenil%20de%20Coyhaique&#038;url=https:\/\/radiorevelacionfm.cl\/?p=60267' aria-hidden='false' data-av_icon='\ue8fc' data-av_iconfont='entypo-fontello' title='' data-avia-related-tooltip='Compartir en LinkedIn' rel=\"noopener\"><span class='avia_hidden_link_text'>Compartir en LinkedIn<\/span><\/a><\/li><li class='av-share-link av-social-link-mail' ><a  aria-label=\"Compartir por correo\" href='mailto:?subject=Rally%20Mobil%20comparte%20jornada%20motivacional%20con%20j%C3%B3venes%20del%20Centro%20de%20Cumplimiento%20Penal%20Juvenil%20de%20Coyhaique&#038;body=https:\/\/radiorevelacionfm.cl\/?p=60267' aria-hidden='false' data-av_icon='\ue805' data-av_iconfont='entypo-fontello' title='' data-avia-related-tooltip='Compartir por correo'><span class='avia_hidden_link_text'>Compartir por correo<\/span><\/a><\/li><\/ul><\/div><\/div>\n<div  style='height:50px' class='hr hr-invisible   avia-builder-el-8  el_after_av_social_share  el_before_av_comments_list '><span class='hr-inner ' ><span class='hr-inner-style'><\/span><\/span><\/div>\n<div  class='av-buildercomment  av-blog-meta-html-info-disabled av-blog-meta-tag-disabled  '><\/div>\n","protected":false},"excerpt":{"rendered":"","protected":false},"author":1,"featured_media":60268,"comment_status":"closed","ping_status":"closed","sticky":false,"template":"","format":"standard","meta":{"footnotes":""},"categories":[38],"tags":[],"class_list":["post-60267","post","type-post","status-publish","format-standard","has-post-thumbnail","hentry","category-regional"],"jetpack_featured_media_url":"https:\/\/radiorevelacionfm.cl\/wp-content\/uploads\/2025\/10\/centro-2-1_optimized.jpg","_links":{"self":[{"href":"https:\/\/radiorevelacionfm.cl\/index.php?rest_route=\/wp\/v2\/posts\/60267","targetHints":{"allow":["GET"]}}],"collection":[{"href":"https:\/\/radiorevelacionfm.cl\/index.php?rest_route=\/wp\/v2\/posts"}],"about":[{"href":"https:\/\/radiorevelacionfm.cl\/index.php?rest_route=\/wp\/v2\/types\/post"}],"author":[{"embeddable":true,"href":"https:\/\/radiorevelacionfm.cl\/index.php?rest_route=\/wp\/v2\/users\/1"}],"replies":[{"embeddable":true,"href":"https:\/\/radiorevelacionfm.cl\/index.php?rest_route=%2Fwp%2Fv2%2Fcomments&post=60267"}],"version-history":[{"count":2,"href":"https:\/\/radiorevelacionfm.cl\/index.php?rest_route=\/wp\/v2\/posts\/60267\/revisions"}],"predecessor-version":[{"id":60270,"href":"https:\/\/radiorevelacionfm.cl\/index.php?rest_route=\/wp\/v2\/posts\/60267\/revisions\/60270"}],"wp:featuredmedia":[{"embeddable":true,"href":"https:\/\/radiorevelacionfm.cl\/index.php?rest_route=\/wp\/v2\/media\/60268"}],"wp:attachment":[{"href":"https:\/\/radiorevelacionfm.cl\/index.php?rest_route=%2Fwp%2Fv2%2Fmedia&parent=60267"}],"wp:term":[{"taxonomy":"category","embeddable":true,"href":"https:\/\/radiorevelacionfm.cl\/index.php?rest_route=%2Fwp%2Fv2%2Fcategories&post=60267"},{"taxonomy":"post_tag","embeddable":true,"href":"https:\/\/radiorevelacionfm.cl\/index.php?rest_route=%2Fwp%2Fv2%2Ftags&post=60267"}],"curies":[{"name":"wp","href":"https:\/\/api.w.org\/{rel}","templated":true}]}}