{"id":60264,"date":"2025-10-14T09:53:34","date_gmt":"2025-10-14T12:53:34","guid":{"rendered":"https:\/\/radiorevelacionfm.cl\/?p=60264"},"modified":"2025-10-14T09:53:34","modified_gmt":"2025-10-14T12:53:34","slug":"glaciologo-gino-casassa-en-congreso-de-la-sociedad-chilena-de-la-criosfera-se-requiere-una-ley-especifica-sobre-glaciares","status":"publish","type":"post","link":"https:\/\/radiorevelacionfm.cl\/?p=60264","title":{"rendered":"Glaci\u00f3logo Gino Casassa en Congreso de la Sociedad Chilena de la Cri\u00f3sfera: \u201cSe requiere una ley espec\u00edfica sobre glaciares\u201d"},"content":{"rendered":"<div class=\"flex_column av_one_full  flex_column_div av-zero-column-padding first  avia-builder-el-0  el_before_av_one_full  avia-builder-el-first  \" style='border-radius:0px; '><div  class='avia-image-container  av-styling-    avia-builder-el-1  avia-builder-el-no-sibling  avia-align-center '  itemprop=\"image\" itemscope=\"itemscope\" itemtype=\"https:\/\/schema.org\/ImageObject\"  ><div class='avia-image-container-inner'><div class='avia-image-overlay-wrap'><img decoding=\"async\" class='wp-image-60265 avia-img-lazy-loading-not-60265 avia_image' src=\"https:\/\/radiorevelacionfm.cl\/wp-content\/uploads\/2025\/10\/Gino-Casassa-Congreso-Criosfera-1-1.jpg\" alt='' title='Gino Casassa Congreso Cri\u00f3sfera (1) (1)' height=\"600\" width=\"1064\"  itemprop=\"thumbnailUrl\" srcset=\"https:\/\/radiorevelacionfm.cl\/wp-content\/uploads\/2025\/10\/Gino-Casassa-Congreso-Criosfera-1-1.jpg 1064w, https:\/\/radiorevelacionfm.cl\/wp-content\/uploads\/2025\/10\/Gino-Casassa-Congreso-Criosfera-1-1-300x169.jpg 300w, https:\/\/radiorevelacionfm.cl\/wp-content\/uploads\/2025\/10\/Gino-Casassa-Congreso-Criosfera-1-1-1030x581.jpg 1030w, https:\/\/radiorevelacionfm.cl\/wp-content\/uploads\/2025\/10\/Gino-Casassa-Congreso-Criosfera-1-1-768x433.jpg 768w, https:\/\/radiorevelacionfm.cl\/wp-content\/uploads\/2025\/10\/Gino-Casassa-Congreso-Criosfera-1-1-705x398.jpg 705w, https:\/\/radiorevelacionfm.cl\/wp-content\/uploads\/2025\/10\/Gino-Casassa-Congreso-Criosfera-1-1-450x254.jpg 450w, https:\/\/radiorevelacionfm.cl\/wp-content\/uploads\/2025\/10\/Gino-Casassa-Congreso-Criosfera-1-1-600x338.jpg 600w\" sizes=\"(max-width: 1064px) 100vw, 1064px\" \/><\/div><\/div><\/div><\/div><div class=\"flex_column av_one_full  flex_column_div av-zero-column-padding first  avia-builder-el-2  el_after_av_one_full  el_before_av_one_full  column-top-margin\" style='border-radius:0px; '><section class=\"av_textblock_section \"  itemscope=\"itemscope\" itemtype=\"https:\/\/schema.org\/BlogPosting\" itemprop=\"blogPost\" ><div class='avia_textblock  '   itemprop=\"text\" ><p style=\"text-align: center;\"><span style=\"font-size: 18pt;\"><b><span lang=\"ES-TRAD\">Glaci\u00f3logo Gino Casassa en Congreso de la Sociedad Chilena de la Cri\u00f3sfera: \u201c<i>Se requiere<\/i>\u00a0<i>una ley espec\u00edfica sobre glaciares<\/i>\u201d<\/span><\/b><\/span><\/p>\n<div id=\"gtx-trans\" style=\"position: absolute; left: -50px; top: 4.31534px;\">\n<div class=\"gtx-trans-icon\"><\/div>\n<\/div>\n<\/div><\/section><\/div><div class=\"flex_column av_one_full  flex_column_div av-zero-column-padding first  avia-builder-el-4  el_after_av_one_full  el_before_av_hr  column-top-margin\" style='border-radius:0px; '><section class=\"av_textblock_section \"  itemscope=\"itemscope\" itemtype=\"https:\/\/schema.org\/BlogPosting\" itemprop=\"blogPost\" ><div class='avia_textblock  '   itemprop=\"text\" ><ul>\n<li style=\"font-weight: 400; text-align: justify;\">\u00a0<em>El tema fue abordado durante la s\u00e9ptima versi\u00f3n de esta cita cient\u00edfica que se desarroll\u00f3 entre los d\u00edas 8 y 10 de octubre en Coyhaique.<\/em><\/li>\n<li style=\"font-weight: 400; text-align: justify;\"><em>La vicepresidenta de la Fundaci\u00f3n Glaciares Chilenos Constanza Espinosa, en tanto, expres\u00f3 que una de las principales razones de no contar hasta hoy con una ley es que \u201cexiste mucha presi\u00f3n y lobby minero\u201d.<\/em><\/li>\n<\/ul>\n<p style=\"font-weight: 400; text-align: justify;\">Era imposible que en el VII Congreso de la Sociedad Chilena de la Cri\u00f3sfera, realizado entre los d\u00edas 8 y 10 de octubre en Coyhaique, no emergiera como un pendiente de Chile contar con una Ley de Protecci\u00f3n de Glaciares.\u00a0\u00a0Con invitados nacionales e internacionales, el encuentro fue el espacio para hablar de las principales fuentes de agua dulce y regulaci\u00f3n clim\u00e1tica del planeta: los hielos y glaciares. Esto, a trav\u00e9s de ponencias, p\u00f3ster, mesas coordinadas, presentaciones de art\u00edculos y revistas, y charlas a la comunidad.<\/p>\n<p style=\"font-weight: 400; text-align: justify;\">Fue en este contexto que el destacado\u00a0<strong>glaci\u00f3logo nacional, Gino Casassa,<\/strong> se refiri\u00f3 a la deuda del pa\u00eds con su salvaguarda. Al ser consultado si consideraba que Chile requer\u00eda contar con una ley espec\u00edfica, explic\u00f3 que aunque se ha avanzado en su protecci\u00f3n a trav\u00e9s de la legislaci\u00f3n ambiental, se requiere dar pasos m\u00e1s robustos en la materia.<\/p>\n<p style=\"font-weight: 400; text-align: justify;\">Record\u00f3 que desde hace poco m\u00e1s de una d\u00e9cada reci\u00e9n est\u00e1n incorporados en la Ley N\u00b0 19.300 sobre Bases Generales del Medio Ambiente y en el Reglamento del Sistema de Evaluaci\u00f3n de Impacto Ambiental (SEIA), y muchos de ellos, al menos en el sur y la Patagonia, se emplazan al interior de parques nacionales.<\/p>\n<p style=\"font-weight: 400; text-align: justify;\">Sin embargo, todav\u00eda se requiere una normativa especial. \u201c<em>Yo estoy totalmente de acuerdo con una ley espec\u00edfica de glaciares, que bien podr\u00eda ser reforzar el SEIA, pero siempre queda la inquietud de que se pueda politizar la aprobaci\u00f3n de las resoluciones de calificaci\u00f3n ambiental<\/em>\u201d indic\u00f3 durante su charla \u201c<em>Estado de los hielos ant\u00e1rticos: un mensaje al planeta<\/em>\u201d.<\/p>\n<p style=\"font-weight: 400; text-align: justify;\">En su visi\u00f3n, una Ley de Protecci\u00f3n Glaciares mejorar\u00eda nuestro desempe\u00f1o en este \u00e1mbito, siendo que ya van m\u00e1s de dos d\u00e9cadas con seis proyectos distintos sin que ninguno haya sido aprobado.\u00a0\u00a0Algo que no variar\u00eda con este gobierno, del cual se\u00f1al\u00f3 \u201c<em>no veo que exista la voluntad\u2026. no la voluntad sino los tiempos, para aprobar un proyecto de ley desde el punto de vista cient\u00edfico<\/em>\u201d.<\/p>\n<p style=\"font-weight: 400; text-align: justify;\">La\u00a0<strong>vicepresidenta de la Fundaci\u00f3n Glaciares Chilenos, Constanza Espinosa,<\/strong> tambi\u00e9n expositora del Congreso, fue cr\u00edtica de que a pesar de los m\u00faltiples proyectos de ley -y tras m\u00e1s de dos d\u00e9cadas- ninguno haya visto la luz. \u201c<em>Hoy est\u00e1 congelado en la Comisi\u00f3n de Medio Ambiente y Bienes Nacionales (del Senado)\u2026 y la raz\u00f3n es que existe mucha presi\u00f3n y lobby minero<\/em>\u201d se\u00f1al\u00f3 en la charla\u00a0<a href=\"https:\/\/www.instagram.com\/p\/DPg2zzskSgY\/?img_index=1\" data-saferedirecturl=\"https:\/\/www.google.com\/url?q=https:\/\/www.instagram.com\/p\/DPg2zzskSgY\/?img_index%3D1&amp;source=gmail&amp;ust=1760397894268000&amp;usg=AOvVaw2Q9T-2wNLml3uoppjRHpZ3\">Bici-Tando Territorios Glaciares<\/a>\u00a0en la tienda Villacleta.<\/p>\n<p style=\"font-weight: 400; text-align: justify;\">Explic\u00f3 que \u201c<em>los glaciares que est\u00e1n fuera de las \u00e1reas protegidas no tienen ning\u00fan grado de protecci\u00f3n. Y la mayor\u00eda de los glaciares protegidos est\u00e1n en esta zona austral, en Ays\u00e9n y Magallanes. Pero todos los glaciares del norte y el centro de nuestro pa\u00eds no tienen, en su mayor\u00eda, ning\u00fan grado de protecci\u00f3n quedando a merced de los proyectos mineros que los han afectado y destruido. Entonces, no le conviene a la industria minera que exista una Ley de Protecci\u00f3n de Glaciares<\/em>\u201d.<\/p>\n<p style=\"font-weight: 400; text-align: justify;\">Como ejemplo mencion\u00f3 la minera Los Bronces, de Anglo American, adyacente a glaciares de la Regi\u00f3n Metropolitana, lo que con una legislaci\u00f3n espec\u00edfica no habr\u00eda sucedido. Por ello una norma espec\u00edfica \u201c<em>es necesaria, urgente, y vamos a seguir empujando para que eso pase<\/em>\u201d concluy\u00f3.<\/p>\n<p style=\"font-weight: 400; text-align: justify;\">El VII Congreso de la Sociedad Chilena de la Cri\u00f3sfera fue organizado junto al Gobierno Regional de Ays\u00e9n, el Centro de Investigaci\u00f3n en Ecosistemas de la Patagonia (CIEP), la Universidad de Ays\u00e9n y las oficinas regionales de SERNATUR y la Direcci\u00f3n General de Aguas.<\/p>\n<p style=\"font-weight: 400; text-align: justify;\"><strong>El estado legislativo actual<\/strong><\/p>\n<p style=\"font-weight: 400; text-align: justify;\">Actualmente\u00a0<a href=\"https:\/\/tramitacion.senado.cl\/appsenado\/templates\/tramitacion\/index.php?boletin_ini=11597-12\" data-saferedirecturl=\"https:\/\/www.google.com\/url?q=https:\/\/tramitacion.senado.cl\/appsenado\/templates\/tramitacion\/index.php?boletin_ini%3D11597-12&amp;source=gmail&amp;ust=1760397894268000&amp;usg=AOvVaw0wDwkESPyivL3q4pzNWCOJ\">uno de los proyectos<\/a> de ley que aborda la protecci\u00f3n de glaciares es el que presentara el diputado (PS) Daniel Melo. Aunque en un principio s\u00f3lo se refer\u00eda a la prohibici\u00f3n de constituir derechos de agua sobre \u00e9stos (por eso se tramita como una reforma del C\u00f3digo de Aguas), ha\u00a0<a href=\"https:\/\/chilesustentable.net\/2025\/06\/salvando-los-muebles-ante-la-regresion-ambiental-senado-discute-norma-para-proteger-glaciares\/\" data-saferedirecturl=\"https:\/\/www.google.com\/url?q=https:\/\/chilesustentable.net\/2025\/06\/salvando-los-muebles-ante-la-regresion-ambiental-senado-discute-norma-para-proteger-glaciares\/&amp;source=gmail&amp;ust=1760397894268000&amp;usg=AOvVaw2gy8fYY0hg1maNUZdt6oWD\">avanzado hacia aspectos <\/a>que involucran mayor protecci\u00f3n tras su paso por la C\u00e1mara de Diputados, donde se agregaron art\u00edculos relativos a una protecci\u00f3n m\u00e1s amplia. Desde 2022 se encuentra en segundo tr\u00e1mite constitucional en la Comisi\u00f3n de Medio Ambiente y Bienes Nacionales del Senado, que, durante este a\u00f1o, lo ha analizado en algunas de sus sesiones.<\/p>\n<p style=\"font-weight: 400; text-align: justify;\">Otro es el que fue ingresado en 2018, pero cuya tramitaci\u00f3n\u00a0<a href=\"https:\/\/tramitacion.senado.cl\/appsenado\/templates\/tramitacion\/index.php?boletin_ini=11876-12\" data-saferedirecturl=\"https:\/\/www.google.com\/url?q=https:\/\/tramitacion.senado.cl\/appsenado\/templates\/tramitacion\/index.php?boletin_ini%3D11876-12&amp;source=gmail&amp;ust=1760397894268000&amp;usg=AOvVaw1APUPNnj4FhBMs1BkB7OZd\">est\u00e1 paralizada<\/a>\u00a0desde mediados de 2023 en la Comisi\u00f3n de Hacienda del Senado, en primer tr\u00e1mite constitucional.<\/p>\n<p style=\"font-weight: 400; text-align: justify;\">La protecci\u00f3n de los glaciares fue\u00a0<a href=\"https:\/\/frenteampliochile.cl\/wp-content\/uploads\/2024\/06\/3.-Programa-de-Gobierno-Apruebo-Dignidad-2022-2026.pdf\" data-saferedirecturl=\"https:\/\/www.google.com\/url?q=https:\/\/frenteampliochile.cl\/wp-content\/uploads\/2024\/06\/3.-Programa-de-Gobierno-Apruebo-Dignidad-2022-2026.pdf&amp;source=gmail&amp;ust=1760397894268000&amp;usg=AOvVaw3XYoFClPSzRasymFF9WIDX\">uno m\u00e1s de los compromisos<\/a>\u00a0del Presidente Gabriel Boric, en el marco de la autodenominaci\u00f3n como el primer \u201c<em>gobierno ecologista<\/em>\u201d de Chile. Sin embargo, ninguno de estos proyectos ha contado con urgencias del Ejecutivo que hayan agilizado su tramitaci\u00f3n.<\/p>\n<p style=\"font-weight: 400; text-align: justify;\"><strong><em><a href=\"https:\/\/drive.google.com\/file\/d\/1h5yyN3xfh04TXTB_Gcb3XB8YtjGv0Wtr\/view?usp=sharing\" data-saferedirecturl=\"https:\/\/www.google.com\/url?q=https:\/\/drive.google.com\/file\/d\/1h5yyN3xfh04TXTB_Gcb3XB8YtjGv0Wtr\/view?usp%3Dsharing&amp;source=gmail&amp;ust=1760397894268000&amp;usg=AOvVaw3lSq57dY5SfDkh6AbZc8kO\">Ac\u00e1<\/a>\u00a0video Gino Casassa sobre protecci\u00f3n de glaciares.<\/em><\/strong><\/p>\n<\/div><\/section><\/div><div  style='height:50px' class='hr hr-invisible   avia-builder-el-6  el_after_av_one_full  el_before_av_social_share '><span class='hr-inner ' ><span class='hr-inner-style'><\/span><\/span><\/div><\/p>\n<div  class='av-social-sharing-box  avia-builder-el-7  el_after_av_hr  el_before_av_hr  '><div class='av-share-box'><h5 class='av-share-link-description av-no-toc '>Compartir esta noticia<\/h5><ul class='av-share-box-list noLightbox'><li class='av-share-link av-social-link-facebook' ><a target=\"_blank\" aria-label=\"Compartir en Facebook\" href='https:\/\/www.facebook.com\/sharer.php?u=https:\/\/radiorevelacionfm.cl\/?p=60264&#038;t=Glaci%C3%B3logo%20Gino%20Casassa%20en%20Congreso%20de%20la%20Sociedad%20Chilena%20de%20la%20Cri%C3%B3sfera%3A%20%E2%80%9CSe%20requiere%20una%20ley%20espec%C3%ADfica%20sobre%20glaciares%E2%80%9D' aria-hidden='false' data-av_icon='\ue8f3' data-av_iconfont='entypo-fontello' title='' data-avia-related-tooltip='Compartir en Facebook' rel=\"noopener\"><span class='avia_hidden_link_text'>Compartir en Facebook<\/span><\/a><\/li><li class='av-share-link av-social-link-twitter' ><a target=\"_blank\" aria-label=\"Compartir en Twitter\" href='https:\/\/twitter.com\/share?text=Glaci%C3%B3logo%20Gino%20Casassa%20en%20Congreso%20de%20la%20Sociedad%20Chilena%20de%20la%20Cri%C3%B3sfera%3A%20%E2%80%9CSe%20requiere%20una%20ley%20espec%C3%ADfica%20sobre%20glaciares%E2%80%9D&#038;url=https:\/\/radiorevelacionfm.cl\/?p=60264' aria-hidden='false' data-av_icon='\ue8f1' data-av_iconfont='entypo-fontello' title='' data-avia-related-tooltip='Compartir en Twitter' rel=\"noopener\"><span class='avia_hidden_link_text'>Compartir en Twitter<\/span><\/a><\/li><li class='av-share-link av-social-link-whatsapp' ><a target=\"_blank\" aria-label=\"Compartir en Whatsapp\" href='https:\/\/api.whatsapp.com\/send?text=https:\/\/radiorevelacionfm.cl\/?p=60264' aria-hidden='false' data-av_icon='\uf232' data-av_iconfont='entypo-fontello' title='' data-avia-related-tooltip='Compartir en Whatsapp' rel=\"noopener\"><span class='avia_hidden_link_text'>Compartir en Whatsapp<\/span><\/a><\/li><li class='av-share-link av-social-link-linkedin' ><a target=\"_blank\" aria-label=\"Compartir en LinkedIn\" href='https:\/\/linkedin.com\/shareArticle?mini=true&#038;title=Glaci%C3%B3logo%20Gino%20Casassa%20en%20Congreso%20de%20la%20Sociedad%20Chilena%20de%20la%20Cri%C3%B3sfera%3A%20%E2%80%9CSe%20requiere%20una%20ley%20espec%C3%ADfica%20sobre%20glaciares%E2%80%9D&#038;url=https:\/\/radiorevelacionfm.cl\/?p=60264' aria-hidden='false' data-av_icon='\ue8fc' data-av_iconfont='entypo-fontello' title='' data-avia-related-tooltip='Compartir en LinkedIn' rel=\"noopener\"><span class='avia_hidden_link_text'>Compartir en LinkedIn<\/span><\/a><\/li><li class='av-share-link av-social-link-mail' ><a  aria-label=\"Compartir por correo\" href='mailto:?subject=Glaci%C3%B3logo%20Gino%20Casassa%20en%20Congreso%20de%20la%20Sociedad%20Chilena%20de%20la%20Cri%C3%B3sfera%3A%20%E2%80%9CSe%20requiere%20una%20ley%20espec%C3%ADfica%20sobre%20glaciares%E2%80%9D&#038;body=https:\/\/radiorevelacionfm.cl\/?p=60264' aria-hidden='false' data-av_icon='\ue805' data-av_iconfont='entypo-fontello' title='' data-avia-related-tooltip='Compartir por correo'><span class='avia_hidden_link_text'>Compartir por correo<\/span><\/a><\/li><\/ul><\/div><\/div>\n<div  style='height:50px' class='hr hr-invisible   avia-builder-el-8  el_after_av_social_share  el_before_av_comments_list '><span class='hr-inner ' ><span class='hr-inner-style'><\/span><\/span><\/div>\n<div  class='av-buildercomment  av-blog-meta-html-info-disabled av-blog-meta-tag-disabled  '><\/div>\n","protected":false},"excerpt":{"rendered":"","protected":false},"author":1,"featured_media":60265,"comment_status":"closed","ping_status":"closed","sticky":false,"template":"","format":"standard","meta":{"footnotes":""},"categories":[39],"tags":[],"class_list":["post-60264","post","type-post","status-publish","format-standard","has-post-thumbnail","hentry","category-medio-ambiente"],"jetpack_featured_media_url":"https:\/\/radiorevelacionfm.cl\/wp-content\/uploads\/2025\/10\/Gino-Casassa-Congreso-Criosfera-1-1.jpg","_links":{"self":[{"href":"https:\/\/radiorevelacionfm.cl\/index.php?rest_route=\/wp\/v2\/posts\/60264","targetHints":{"allow":["GET"]}}],"collection":[{"href":"https:\/\/radiorevelacionfm.cl\/index.php?rest_route=\/wp\/v2\/posts"}],"about":[{"href":"https:\/\/radiorevelacionfm.cl\/index.php?rest_route=\/wp\/v2\/types\/post"}],"author":[{"embeddable":true,"href":"https:\/\/radiorevelacionfm.cl\/index.php?rest_route=\/wp\/v2\/users\/1"}],"replies":[{"embeddable":true,"href":"https:\/\/radiorevelacionfm.cl\/index.php?rest_route=%2Fwp%2Fv2%2Fcomments&post=60264"}],"version-history":[{"count":2,"href":"https:\/\/radiorevelacionfm.cl\/index.php?rest_route=\/wp\/v2\/posts\/60264\/revisions"}],"predecessor-version":[{"id":60314,"href":"https:\/\/radiorevelacionfm.cl\/index.php?rest_route=\/wp\/v2\/posts\/60264\/revisions\/60314"}],"wp:featuredmedia":[{"embeddable":true,"href":"https:\/\/radiorevelacionfm.cl\/index.php?rest_route=\/wp\/v2\/media\/60265"}],"wp:attachment":[{"href":"https:\/\/radiorevelacionfm.cl\/index.php?rest_route=%2Fwp%2Fv2%2Fmedia&parent=60264"}],"wp:term":[{"taxonomy":"category","embeddable":true,"href":"https:\/\/radiorevelacionfm.cl\/index.php?rest_route=%2Fwp%2Fv2%2Fcategories&post=60264"},{"taxonomy":"post_tag","embeddable":true,"href":"https:\/\/radiorevelacionfm.cl\/index.php?rest_route=%2Fwp%2Fv2%2Ftags&post=60264"}],"curies":[{"name":"wp","href":"https:\/\/api.w.org\/{rel}","templated":true}]}}