{"id":60260,"date":"2025-10-12T23:00:25","date_gmt":"2025-10-13T02:00:25","guid":{"rendered":"https:\/\/radiorevelacionfm.cl\/?p=60260"},"modified":"2025-10-12T23:00:25","modified_gmt":"2025-10-13T02:00:25","slug":"diputada-raphael-solicitamos-a-interior-celeridad-en-la-bajada-de-recursos-para-atender-la-emergencia-regional","status":"publish","type":"post","link":"https:\/\/radiorevelacionfm.cl\/?p=60260","title":{"rendered":"Diputada Raphael: Solicitamos a Interior celeridad en la bajada de recursos para atender la emergencia regional"},"content":{"rendered":"<div class=\"flex_column av_one_full  flex_column_div av-zero-column-padding first  avia-builder-el-0  el_before_av_one_full  avia-builder-el-first  \" style='border-radius:0px; '><div  class='avia-image-container  av-styling-    avia-builder-el-1  avia-builder-el-no-sibling  avia-align-center '  itemprop=\"image\" itemscope=\"itemscope\" itemtype=\"https:\/\/schema.org\/ImageObject\"  ><div class='avia-image-container-inner'><div class='avia-image-overlay-wrap'><img decoding=\"async\" class='wp-image-60261 avia-img-lazy-loading-not-60261 avia_image' src=\"https:\/\/radiorevelacionfm.cl\/wp-content\/uploads\/2025\/10\/img_1807-1_optimized-1.jpg\" alt='' title='img_1807-(1)_optimized (1)' height=\"600\" width=\"800\"  itemprop=\"thumbnailUrl\" srcset=\"https:\/\/radiorevelacionfm.cl\/wp-content\/uploads\/2025\/10\/img_1807-1_optimized-1.jpg 800w, https:\/\/radiorevelacionfm.cl\/wp-content\/uploads\/2025\/10\/img_1807-1_optimized-1-300x225.jpg 300w, https:\/\/radiorevelacionfm.cl\/wp-content\/uploads\/2025\/10\/img_1807-1_optimized-1-768x576.jpg 768w, https:\/\/radiorevelacionfm.cl\/wp-content\/uploads\/2025\/10\/img_1807-1_optimized-1-705x529.jpg 705w, https:\/\/radiorevelacionfm.cl\/wp-content\/uploads\/2025\/10\/img_1807-1_optimized-1-450x338.jpg 450w, https:\/\/radiorevelacionfm.cl\/wp-content\/uploads\/2025\/10\/img_1807-1_optimized-1-600x450.jpg 600w\" sizes=\"(max-width: 800px) 100vw, 800px\" \/><\/div><\/div><\/div><\/div><div class=\"flex_column av_one_full  flex_column_div av-zero-column-padding first  avia-builder-el-2  el_after_av_one_full  el_before_av_one_full  column-top-margin\" style='border-radius:0px; '><section class=\"av_textblock_section \"  itemscope=\"itemscope\" itemtype=\"https:\/\/schema.org\/BlogPosting\" itemprop=\"blogPost\" ><div class='avia_textblock  '   itemprop=\"text\" ><p style=\"text-align: center;\"><span style=\"font-size: 18pt;\"><b>Diputada Raphael: Solicitamos a Interior celeridad en la bajada de recursos para atender la emergencia regional<\/b><\/span><\/p>\n<div id=\"gtx-trans\" style=\"position: absolute; left: -50px; top: 4.31534px;\">\n<div class=\"gtx-trans-icon\"><\/div>\n<\/div>\n<\/div><\/section><\/div><div class=\"flex_column av_one_full  flex_column_div av-zero-column-padding first  avia-builder-el-4  el_after_av_one_full  el_before_av_hr  column-top-margin\" style='border-radius:0px; '><section class=\"av_textblock_section \"  itemscope=\"itemscope\" itemtype=\"https:\/\/schema.org\/BlogPosting\" itemprop=\"blogPost\" ><div class='avia_textblock  '   itemprop=\"text\" ><p style=\"font-weight: 400; text-align: justify;\"><em>Durante tres d\u00edas la parlamentaria se despleg\u00f3 por la Provincia de Capit\u00e1n Prat canalizando los requerimientos de las organizaciones gremiales y familias campesinas sobre los que continuar\u00e1 haciendo seguimiento ante autoridades nacionales.<\/em><\/p>\n<p style=\"font-weight: 400; text-align: justify;\">Tras recorrer las zonas afectadas por el frente de mal tiempo que afect\u00f3 al sur de la regi\u00f3n, entre ellas, Cochrane, Puerto Bertrand y Puerto R\u00edo Tranquilo, la diputada de Renovaci\u00f3n Nacional, Marcia Raphael abord\u00f3 los da\u00f1os que constataron en terreno junto a las autoridades regionales y locales, adem\u00e1s de las dificultades que contin\u00faan enfrentando las familias campesinas. En esa l\u00ednea, la parlamentaria afirm\u00f3 que insistir\u00e1n en que el Ministerio del Interior otorgue celeridad a la entrega de recursos que permitan concretar los compromisos adquiridos.<\/p>\n<p style=\"font-weight: 400; text-align: justify;\">Al respecto, la diputada, Marcia Raphael Mora, detall\u00f3 que \u201cestuvimos con las autoridades nacionales, el subsecretario de agricultura, autoridades municipales y lo m\u00e1s importante con dirigentes de los sectores campesinos y las familias de los sectores rurales que se han visto afectadas tras el frente de mal tiempo. En terreno, pudimos constatar lamentablemente p\u00e9rdidas de ganado, algunos llevados incluso por el r\u00edo, en otras zonas tambi\u00e9n hay r\u00edos que salieron de su cauce, terrenos anegados y una serie de otras complejidades que est\u00e1n afectando ya su futuro\u201d.<\/p>\n<p style=\"font-weight: 400; text-align: justify;\">\u201cEn nuestro retorno al Congreso estaremos abordando esto con el Ministro del Interior, \u00c1lvaro Elizalde, porque estamos solicitando celeridad en la bajada de recursos de emergencia y que nuestros campesinos puedan tener la atenci\u00f3n a las necesidades que tienen en estos momentos, que son muy complicadas, aqu\u00ed sin duda, todas las autoridades de la regi\u00f3n debemos colaborar para que las soluciones lleguen lo m\u00e1s pronto posible a las localidades que la est\u00e1n pasando mal en el sur de la regi\u00f3n\u201d, enfatiz\u00f3 Marcia Raphael.<\/p>\n<p style=\"font-weight: 400; text-align: justify;\">Adem\u00e1s, representante de Ays\u00e9n en la C\u00e1mara baja, explic\u00f3 que desde el Ministerio de Agricultura se est\u00e1n agilizando apoyos a familias de INDAP, en tanto, los fondos de emergencia que se est\u00e1n solicitando a Interior tienen por objetivo ir en complemento de estas ayudas, pero sobre todo llegar con recursos a las familias campesinas que no son usuarias de los servicios del agro.<\/p>\n<\/div><\/section><\/div><div  style='height:50px' class='hr hr-invisible   avia-builder-el-6  el_after_av_one_full  el_before_av_social_share '><span class='hr-inner ' ><span class='hr-inner-style'><\/span><\/span><\/div><\/p>\n<div  class='av-social-sharing-box  avia-builder-el-7  el_after_av_hr  el_before_av_hr  '><div class='av-share-box'><h5 class='av-share-link-description av-no-toc '>Compartir esta noticia<\/h5><ul class='av-share-box-list noLightbox'><li class='av-share-link av-social-link-facebook' ><a target=\"_blank\" aria-label=\"Compartir en Facebook\" href='https:\/\/www.facebook.com\/sharer.php?u=https:\/\/radiorevelacionfm.cl\/?p=60260&#038;t=Diputada%20Raphael%3A%20Solicitamos%20a%20Interior%20celeridad%20en%20la%20bajada%20de%20recursos%20para%20atender%20la%20emergencia%20regional' aria-hidden='false' data-av_icon='\ue8f3' data-av_iconfont='entypo-fontello' title='' data-avia-related-tooltip='Compartir en Facebook' rel=\"noopener\"><span class='avia_hidden_link_text'>Compartir en Facebook<\/span><\/a><\/li><li class='av-share-link av-social-link-twitter' ><a target=\"_blank\" aria-label=\"Compartir en Twitter\" href='https:\/\/twitter.com\/share?text=Diputada%20Raphael%3A%20Solicitamos%20a%20Interior%20celeridad%20en%20la%20bajada%20de%20recursos%20para%20atender%20la%20emergencia%20regional&#038;url=https:\/\/radiorevelacionfm.cl\/?p=60260' aria-hidden='false' data-av_icon='\ue8f1' data-av_iconfont='entypo-fontello' title='' data-avia-related-tooltip='Compartir en Twitter' rel=\"noopener\"><span class='avia_hidden_link_text'>Compartir en Twitter<\/span><\/a><\/li><li class='av-share-link av-social-link-whatsapp' ><a target=\"_blank\" aria-label=\"Compartir en Whatsapp\" href='https:\/\/api.whatsapp.com\/send?text=https:\/\/radiorevelacionfm.cl\/?p=60260' aria-hidden='false' data-av_icon='\uf232' data-av_iconfont='entypo-fontello' title='' data-avia-related-tooltip='Compartir en Whatsapp' rel=\"noopener\"><span class='avia_hidden_link_text'>Compartir en Whatsapp<\/span><\/a><\/li><li class='av-share-link av-social-link-linkedin' ><a target=\"_blank\" aria-label=\"Compartir en LinkedIn\" href='https:\/\/linkedin.com\/shareArticle?mini=true&#038;title=Diputada%20Raphael%3A%20Solicitamos%20a%20Interior%20celeridad%20en%20la%20bajada%20de%20recursos%20para%20atender%20la%20emergencia%20regional&#038;url=https:\/\/radiorevelacionfm.cl\/?p=60260' aria-hidden='false' data-av_icon='\ue8fc' data-av_iconfont='entypo-fontello' title='' data-avia-related-tooltip='Compartir en LinkedIn' rel=\"noopener\"><span class='avia_hidden_link_text'>Compartir en LinkedIn<\/span><\/a><\/li><li class='av-share-link av-social-link-mail' ><a  aria-label=\"Compartir por correo\" href='mailto:?subject=Diputada%20Raphael%3A%20Solicitamos%20a%20Interior%20celeridad%20en%20la%20bajada%20de%20recursos%20para%20atender%20la%20emergencia%20regional&#038;body=https:\/\/radiorevelacionfm.cl\/?p=60260' aria-hidden='false' data-av_icon='\ue805' data-av_iconfont='entypo-fontello' title='' data-avia-related-tooltip='Compartir por correo'><span class='avia_hidden_link_text'>Compartir por correo<\/span><\/a><\/li><\/ul><\/div><\/div>\n<div  style='height:50px' class='hr hr-invisible   avia-builder-el-8  el_after_av_social_share  el_before_av_comments_list '><span class='hr-inner ' ><span class='hr-inner-style'><\/span><\/span><\/div>\n<div  class='av-buildercomment  av-blog-meta-html-info-disabled av-blog-meta-tag-disabled  '><\/div>\n","protected":false},"excerpt":{"rendered":"","protected":false},"author":1,"featured_media":60261,"comment_status":"closed","ping_status":"closed","sticky":false,"template":"","format":"standard","meta":{"footnotes":""},"categories":[35],"tags":[],"class_list":["post-60260","post","type-post","status-publish","format-standard","has-post-thumbnail","hentry","category-politica"],"jetpack_featured_media_url":"https:\/\/radiorevelacionfm.cl\/wp-content\/uploads\/2025\/10\/img_1807-1_optimized-1.jpg","_links":{"self":[{"href":"https:\/\/radiorevelacionfm.cl\/index.php?rest_route=\/wp\/v2\/posts\/60260","targetHints":{"allow":["GET"]}}],"collection":[{"href":"https:\/\/radiorevelacionfm.cl\/index.php?rest_route=\/wp\/v2\/posts"}],"about":[{"href":"https:\/\/radiorevelacionfm.cl\/index.php?rest_route=\/wp\/v2\/types\/post"}],"author":[{"embeddable":true,"href":"https:\/\/radiorevelacionfm.cl\/index.php?rest_route=\/wp\/v2\/users\/1"}],"replies":[{"embeddable":true,"href":"https:\/\/radiorevelacionfm.cl\/index.php?rest_route=%2Fwp%2Fv2%2Fcomments&post=60260"}],"version-history":[{"count":2,"href":"https:\/\/radiorevelacionfm.cl\/index.php?rest_route=\/wp\/v2\/posts\/60260\/revisions"}],"predecessor-version":[{"id":60263,"href":"https:\/\/radiorevelacionfm.cl\/index.php?rest_route=\/wp\/v2\/posts\/60260\/revisions\/60263"}],"wp:featuredmedia":[{"embeddable":true,"href":"https:\/\/radiorevelacionfm.cl\/index.php?rest_route=\/wp\/v2\/media\/60261"}],"wp:attachment":[{"href":"https:\/\/radiorevelacionfm.cl\/index.php?rest_route=%2Fwp%2Fv2%2Fmedia&parent=60260"}],"wp:term":[{"taxonomy":"category","embeddable":true,"href":"https:\/\/radiorevelacionfm.cl\/index.php?rest_route=%2Fwp%2Fv2%2Fcategories&post=60260"},{"taxonomy":"post_tag","embeddable":true,"href":"https:\/\/radiorevelacionfm.cl\/index.php?rest_route=%2Fwp%2Fv2%2Ftags&post=60260"}],"curies":[{"name":"wp","href":"https:\/\/api.w.org\/{rel}","templated":true}]}}