{"id":60252,"date":"2025-10-12T19:13:03","date_gmt":"2025-10-12T22:13:03","guid":{"rendered":"https:\/\/radiorevelacionfm.cl\/?p=60252"},"modified":"2025-10-12T19:13:03","modified_gmt":"2025-10-12T22:13:03","slug":"vialidad-celebra-sus-cien-anos-reconociendo-a-funcionarios-y-funcionarias-por-anos-de-servicio","status":"publish","type":"post","link":"https:\/\/radiorevelacionfm.cl\/?p=60252","title":{"rendered":"Vialidad celebra sus cien a\u00f1os reconociendo a funcionarios y funcionarias por a\u00f1os de servicio"},"content":{"rendered":"<div class=\"flex_column av_one_full  flex_column_div av-zero-column-padding first  avia-builder-el-0  el_before_av_one_full  avia-builder-el-first  \" style='border-radius:0px; '><div  class='avia-image-container  av-styling-    avia-builder-el-1  avia-builder-el-no-sibling  avia-align-center '  itemprop=\"image\" itemscope=\"itemscope\" itemtype=\"https:\/\/schema.org\/ImageObject\"  ><div class='avia-image-container-inner'><div class='avia-image-overlay-wrap'><img decoding=\"async\" class='wp-image-60253 avia-img-lazy-loading-not-60253 avia_image' src=\"https:\/\/radiorevelacionfm.cl\/wp-content\/uploads\/2025\/10\/vialidad-aysen-1_optimized.jpg\" alt='' title='vialidad-aysen-(1)_optimized' height=\"600\" width=\"900\"  itemprop=\"thumbnailUrl\" srcset=\"https:\/\/radiorevelacionfm.cl\/wp-content\/uploads\/2025\/10\/vialidad-aysen-1_optimized.jpg 900w, https:\/\/radiorevelacionfm.cl\/wp-content\/uploads\/2025\/10\/vialidad-aysen-1_optimized-300x200.jpg 300w, https:\/\/radiorevelacionfm.cl\/wp-content\/uploads\/2025\/10\/vialidad-aysen-1_optimized-768x512.jpg 768w, https:\/\/radiorevelacionfm.cl\/wp-content\/uploads\/2025\/10\/vialidad-aysen-1_optimized-705x470.jpg 705w, https:\/\/radiorevelacionfm.cl\/wp-content\/uploads\/2025\/10\/vialidad-aysen-1_optimized-450x300.jpg 450w, https:\/\/radiorevelacionfm.cl\/wp-content\/uploads\/2025\/10\/vialidad-aysen-1_optimized-600x400.jpg 600w\" sizes=\"(max-width: 900px) 100vw, 900px\" \/><\/div><\/div><\/div><\/div><div class=\"flex_column av_one_full  flex_column_div av-zero-column-padding first  avia-builder-el-2  el_after_av_one_full  el_before_av_one_full  column-top-margin\" style='border-radius:0px; '><section class=\"av_textblock_section \"  itemscope=\"itemscope\" itemtype=\"https:\/\/schema.org\/BlogPosting\" itemprop=\"blogPost\" ><div class='avia_textblock  '   itemprop=\"text\" ><p style=\"text-align: center;\"><strong><span style=\"font-size: 18pt;\">Vialidad celebra sus cien a\u00f1os reconociendo a funcionarios y funcionarias por a\u00f1os de servicio<\/span><\/strong><\/p>\n<div id=\"gtx-trans\" style=\"position: absolute; left: -50px; top: 4.31534px;\">\n<div class=\"gtx-trans-icon\"><\/div>\n<\/div>\n<\/div><\/section><\/div><div class=\"flex_column av_one_full  flex_column_div av-zero-column-padding first  avia-builder-el-4  el_after_av_one_full  el_before_av_hr  column-top-margin\" style='border-radius:0px; '><section class=\"av_textblock_section \"  itemscope=\"itemscope\" itemtype=\"https:\/\/schema.org\/BlogPosting\" itemprop=\"blogPost\" ><div class='avia_textblock  '   itemprop=\"text\" ><p style=\"text-align: justify;\">Con ceremonias para destacar a\u00f1os de servicio de trabajadoras y de trabajadores tanto en Puerto Ays\u00e9n, como en Coyhaique y en la ciudad de Cochrane se celebr\u00f3 el centenario de la Direcci\u00f3n de Vialidad.<\/p>\n<p style=\"text-align: justify;\">En las ceremonias, el Director Regional de Vialidad expres\u00f3 que \u201cVialidad ha sido parte fundamental en la historia y desarrollo de nuestro pa\u00eds y de la regi\u00f3n de Ays\u00e9n en materia de conectividad tanto ayer como hoy, y en la planificaci\u00f3n del futuro\u201d.<\/p>\n<p style=\"text-align: justify;\">Parte de esa historia la comenta Denis B\u00f3rquez Vera, funcionario de Vialidad actualmente en retiro luego de trabajar por 42 a\u00f1os en Vialidad en el departamento de Estudios y en el Departamento de Contratos.<\/p>\n<p style=\"text-align: justify;\">\u201cSoy un agradecido de lo que me entreg\u00f3 Vialidad y lo que pude lograr gracias al trabajo realizado\u201d. Denis coment\u00f3 que ingres\u00f3 a Vialidad cuando los medios existentes\u00a0 era muy pocos en comparaci\u00f3n con los que existen hoy d\u00eda, \u201creci\u00e9n el a\u00f1o 88 llegaron a ver la primera excavadora en terreno, los que eran elementos que no se conoc\u00edan y \u2013dice con \u00a0orgullo- poder ver hoy d\u00eda parte de nuestros caminos, ya pavimentados\u201d. En terreno -nos comenta- \u201cconocimos a muchos pobladores, los que agradec\u00edan cuando ve\u00edan que llegaba alguien a hacer estudios, \u00a0posiblemente era porque alg\u00fan d\u00eda se iba a hacer un camino. En Estudios a nos cost\u00f3 sacrificios. Sal\u00edamos de ac\u00e1 en peque\u00f1os aviones y despu\u00e9s and\u00e1bamos en bote y a caballo. Ten\u00edamos que andar en algunos sectores con un saco o quintal de 45 kilos de harina al hombro porque no hab\u00eda nada y uno cargaba; com\u00edamos porotos, lentejas y tallarines y no se ve\u00eda la carne y los mariscos; los campamentos eran de polietileno, las camas eran echas con palos de varas de los \u00e1rboles que cort\u00e1bamos, y la familia no sab\u00eda nada de nosotros y nosotros no sab\u00edamos nada de la familia. Est\u00e1bamos totalmente aislados, un mes o m\u00e1s sin ning\u00fan tipo de comunicaci\u00f3n. Fue una \u00e9poca bonita las que nos toc\u00f3 vivir a los que estuvimos ah\u00ed\u201d, asegur\u00f3 Denis.<\/p>\n<p style=\"text-align: justify;\">Como \u00e9l, en Vialidad son muchos los y las trabajadoras que han hecho historia y fueron reconocidos por sus 45 a\u00f1os de servicio, entre ellos el funcionario ingeniero en ejecuci\u00f3n que actualmente se desempe\u00f1a en el Departamento de Proyectos de Vialidad como proyectista en dise\u00f1os geom\u00e9tricos, Rafael Candia, quien destac\u00f3 de sus 45 a\u00f1os de servicio que lleg\u00f3 a la regi\u00f3n el a\u00f1o 1988 desempe\u00f1\u00e1ndose en trabajos de topograf\u00eda en terreno y despu\u00e9s como Jefe del Departamento de Estudios, cargo en el que permaneci\u00f3 durante 13 a\u00f1os. \u201cEn ese entonces, la Direcci\u00f3n de Vialidad ten\u00eda muy pocos profesionales y me toc\u00f3 que me designaran como jefe del departamento y generamos con el director de ese entonces Rolando Toloza un impulso en la modernizaci\u00f3n del departamento y tambi\u00e9n modernizaci\u00f3n en la Direcci\u00f3n. Comenzamos con los caminos, las sendas de penetraci\u00f3n y con el tiempo nos fuimos haciendo cargo de la pavimentaci\u00f3n de la Ruta 7 y tambi\u00e9n de \u00a0algunos caminos y transversales que hay ac\u00e1 en la regi\u00f3n\u201c, coment\u00f3 Rafael Candia.<\/p>\n<p style=\"text-align: justify;\">De igual forma, el Jefe de Proyectos de la Ruta 7 Rolando Toloza expres\u00f3: \u201cSon 45 a\u00f1os y en los 45 a\u00f1os es el \u00fanico trabajo que he tenido en mi vida. Ingres\u00e9 a la Direcci\u00f3n de Vialidad el a\u00f1o 1980 y el a\u00f1o 1988 me nombraron director Regional de Vialidad en donde estuve 20 a\u00f1os, y despu\u00e9s segu\u00ed directamente relacionado con el proyecto Ruta 7, lo que hace que en definitiva haya profundizado m\u00e1s bien en el \u00e1rea de la planificaci\u00f3n y cooperando con el desarrollo tanto en el \u00e1rea de la ingenier\u00eda como en los aspectos constructivos como los contractuales de los distintos trabajos que se presentan a lo largo de toda la Ruta 7\u201d.<\/p>\n<p style=\"text-align: justify;\">En el Centenario de Vialidad se sumaron al reconocimiento de los 45 a\u00f1os de servicio, los y las trabajadores que cumplieron 30 a\u00f1os de servicio como Sergio Barr\u00eda, Oluf Ballesteros y Juan Carlos Ruiz; con 35 a\u00f1os de servicio Juan Carlos Ainol, Jos\u00e9 Castillo y Miguel \u00c1ngel Manr\u00edquez; con 40 a\u00f1os de trayectoria los funcionarios Claudio C\u00e1rdenas y Arturo Loaiza y\u00a0 con 45 a\u00f1os de servicio los funcionarios mencionados anteriormente Rafael Candia y Rolando Toloza. Tambi\u00e9n, en el marco de la pol\u00edtica de reconocimiento de Vialidad fueron destacados y destacadas las funcionarias Katty Mardones, Francisca Arellano, Mauro Leal, Jessenia Soto, Marisol Villar, Mar\u00eda Ang\u00e9lica Fierro, R\u00f3mulo Vidal, y los trabajadores Juan Saldivia, Eladio Maripillan, Roberto Cheuqueman, Dagoberto Mora. Se hizo reconocimiento especial al funcionario Juan Carlos P\u00e9rez, quien con 37 a\u00f1os de servicio se acoger\u00e1n a retiro a partir del 01 de noviembre 2025.<\/p>\n<p style=\"text-align: justify;\">Por su parte, la Secretaria Regional Ministerial de Obras P\u00fablicas, Paloma Jara, resalt\u00f3 esta celebraci\u00f3n como una ocasi\u00f3n llena de emociones en donde lo fundamental fueron los y las trabajadores. \u201cPudimos estar hoy presentes en la celebraci\u00f3n de Vialidad por los 100 a\u00f1os. Una celebraci\u00f3n llena de emociones en donde pudimos reconocer a nuestros funcionarios de larga trayectoria y saludar tambi\u00e9n a todos quienes han sido parte de la historia de Vialidad en la Regi\u00f3n de Ays\u00e9n. Pudimos tambi\u00e9n ver cu\u00e1les son los desaf\u00edos -que no son pocos en nuestra regi\u00f3n- y c\u00f3mo los vamos a enfrentar en los pr\u00f3ximos a\u00f1os. Saludar a cada una de las personas que forman parte de la gran familia vialina, en especial a las y los funcionarios que son parte en este momento y desearles que sigan generando la conectividad, sigan haciendo caminos y sigan haciendo historia en nuestra regi\u00f3n\u201d<\/p>\n<p style=\"text-align: justify;\">En su discurso, Renzo Sanders destac\u00f3 que en estos a\u00f1os, el sello de su gesti\u00f3n ha sido \u201ctrabajar mucho en equipo, trabajar muy cercano a la comunidad y sin duda, lograr la confianza tanto de la ciudadan\u00eda como de las autoridades y de las empresas. Hemos tenido oferentes en todas las \u00faltimas licitaciones desde el a\u00f1o 2024 en adelante y eso sin duda, es un tema de confianza hacia la Direcci\u00f3n y al equipo de trabajo\u201d.<\/p>\n<p style=\"text-align: justify;\">De igual forma, dio cuenta de los principales logros y desaf\u00edos que tiene esta cartera de Obras P\u00fablicas con miras a los pr\u00f3ximos a\u00f1os, destacando que\u00a0 lleg\u00f3 a la Regi\u00f3n de Ays\u00e9n para asumir el cargo en una situaci\u00f3n diametralmente opuesta a la que hoy vivimos.<\/p>\n<p style=\"text-align: justify;\">\u00a0\u201cLos principales logros finalmente fueron salir de las emergencias de la red vial que nos lleg\u00f3 por pandemia y el quiebre de las empresas. Posteriormente, comenzamos a concluir las obras que dejaron las empresas que quebraron. Algunas que ya hemos terminado y otras que estamos terminando y estamos construyendo obras nuevas. Sin duda, empezamos ya con la construcci\u00f3n de obras en la Ruta 7, que es muy importante para la Regi\u00f3n, pero tambi\u00e9n en caminos que est\u00e1n en sectores aleda\u00f1os a la zona urbana estamos trabajando con nuestra Administraci\u00f3n Directa, con nuestros contratos con pavimentos rurales, con pavimento tradicional y con nuestro suelo cemento, as\u00ed que la variedad es bastante\u00a0 y lo que se viene para futuro es continuar con la Ruta 7, pavimentos rurales y tradicionales y tambi\u00e9n ir dando mayor seguridad vial a nuestros caminos, ir pensando en nuevos caminos para dar una alternativa tambi\u00e9n y\u00a0 todo lo que es iluminaci\u00f3n y algo muy importante, que son las ciclovias\u201d, afirm\u00f3 Sanders.<\/p>\n<p style=\"text-align: justify;\">Con relaci\u00f3n a la inversi\u00f3n que traer\u00e1n estas nuevas obras, el directivo del MOP resalt\u00f3 que la inversi\u00f3n en Vialidad hist\u00f3ricamente ha ido creciendo y seguir\u00e1 a ese ritmo.<\/p>\n<p style=\"text-align: justify;\">\u201cEn general como promedio hist\u00f3rico en la Regi\u00f3n la inversi\u00f3n estaba del orden de los 30 mil a 35 mil millones. Este a\u00f1o vamos a lograr cerca de los 90 mil millones, el a\u00f1o 2026 vamos a estar del orden de los 220 mil millones y el a\u00f1o subsiguiente vamos a contar con una inversi\u00f3n de alrededor de los 250 mil millones. Todo esto considerando obras por contrato y tambi\u00e9n a trav\u00e9s de nuestra Administraci\u00f3n Directa. En ambos, ha sido un ascenso tremendo que llevamos adelante con el mismo equipo que hemos trabajado siempre en cuanto a dotaci\u00f3n y estamos cuadruplicando lo que hemos hecho hist\u00f3ricamente\u201d, destac\u00f3.<\/p>\n<p style=\"text-align: justify;\"><strong><u>\u00a0<\/u><\/strong><\/p>\n<\/div><\/section><\/div><div  style='height:50px' class='hr hr-invisible   avia-builder-el-6  el_after_av_one_full  el_before_av_social_share '><span class='hr-inner ' ><span class='hr-inner-style'><\/span><\/span><\/div><\/p>\n<div  class='av-social-sharing-box  avia-builder-el-7  el_after_av_hr  el_before_av_hr  '><div class='av-share-box'><h5 class='av-share-link-description av-no-toc '>Compartir esta noticia<\/h5><ul class='av-share-box-list noLightbox'><li class='av-share-link av-social-link-facebook' ><a target=\"_blank\" aria-label=\"Compartir en Facebook\" href='https:\/\/www.facebook.com\/sharer.php?u=https:\/\/radiorevelacionfm.cl\/?p=60252&#038;t=Vialidad%20celebra%20sus%20cien%20a%C3%B1os%20reconociendo%20a%20funcionarios%20y%20funcionarias%20por%20a%C3%B1os%20de%20servicio' aria-hidden='false' data-av_icon='\ue8f3' data-av_iconfont='entypo-fontello' title='' data-avia-related-tooltip='Compartir en Facebook' rel=\"noopener\"><span class='avia_hidden_link_text'>Compartir en Facebook<\/span><\/a><\/li><li class='av-share-link av-social-link-twitter' ><a target=\"_blank\" aria-label=\"Compartir en Twitter\" href='https:\/\/twitter.com\/share?text=Vialidad%20celebra%20sus%20cien%20a%C3%B1os%20reconociendo%20a%20funcionarios%20y%20funcionarias%20por%20a%C3%B1os%20de%20servicio&#038;url=https:\/\/radiorevelacionfm.cl\/?p=60252' aria-hidden='false' data-av_icon='\ue8f1' data-av_iconfont='entypo-fontello' title='' data-avia-related-tooltip='Compartir en Twitter' rel=\"noopener\"><span class='avia_hidden_link_text'>Compartir en Twitter<\/span><\/a><\/li><li class='av-share-link av-social-link-whatsapp' ><a target=\"_blank\" aria-label=\"Compartir en Whatsapp\" href='https:\/\/api.whatsapp.com\/send?text=https:\/\/radiorevelacionfm.cl\/?p=60252' aria-hidden='false' data-av_icon='\uf232' data-av_iconfont='entypo-fontello' title='' data-avia-related-tooltip='Compartir en Whatsapp' rel=\"noopener\"><span class='avia_hidden_link_text'>Compartir en Whatsapp<\/span><\/a><\/li><li class='av-share-link av-social-link-linkedin' ><a target=\"_blank\" aria-label=\"Compartir en LinkedIn\" href='https:\/\/linkedin.com\/shareArticle?mini=true&#038;title=Vialidad%20celebra%20sus%20cien%20a%C3%B1os%20reconociendo%20a%20funcionarios%20y%20funcionarias%20por%20a%C3%B1os%20de%20servicio&#038;url=https:\/\/radiorevelacionfm.cl\/?p=60252' aria-hidden='false' data-av_icon='\ue8fc' data-av_iconfont='entypo-fontello' title='' data-avia-related-tooltip='Compartir en LinkedIn' rel=\"noopener\"><span class='avia_hidden_link_text'>Compartir en LinkedIn<\/span><\/a><\/li><li class='av-share-link av-social-link-mail' ><a  aria-label=\"Compartir por correo\" href='mailto:?subject=Vialidad%20celebra%20sus%20cien%20a%C3%B1os%20reconociendo%20a%20funcionarios%20y%20funcionarias%20por%20a%C3%B1os%20de%20servicio&#038;body=https:\/\/radiorevelacionfm.cl\/?p=60252' aria-hidden='false' data-av_icon='\ue805' data-av_iconfont='entypo-fontello' title='' data-avia-related-tooltip='Compartir por correo'><span class='avia_hidden_link_text'>Compartir por correo<\/span><\/a><\/li><\/ul><\/div><\/div>\n<div  style='height:50px' class='hr hr-invisible   avia-builder-el-8  el_after_av_social_share  el_before_av_comments_list '><span class='hr-inner ' ><span class='hr-inner-style'><\/span><\/span><\/div>\n<div  class='av-buildercomment  av-blog-meta-html-info-disabled av-blog-meta-tag-disabled  '><\/div>\n","protected":false},"excerpt":{"rendered":"","protected":false},"author":1,"featured_media":60253,"comment_status":"closed","ping_status":"closed","sticky":false,"template":"","format":"standard","meta":{"footnotes":""},"categories":[38],"tags":[],"class_list":["post-60252","post","type-post","status-publish","format-standard","has-post-thumbnail","hentry","category-regional"],"jetpack_featured_media_url":"https:\/\/radiorevelacionfm.cl\/wp-content\/uploads\/2025\/10\/vialidad-aysen-1_optimized.jpg","_links":{"self":[{"href":"https:\/\/radiorevelacionfm.cl\/index.php?rest_route=\/wp\/v2\/posts\/60252","targetHints":{"allow":["GET"]}}],"collection":[{"href":"https:\/\/radiorevelacionfm.cl\/index.php?rest_route=\/wp\/v2\/posts"}],"about":[{"href":"https:\/\/radiorevelacionfm.cl\/index.php?rest_route=\/wp\/v2\/types\/post"}],"author":[{"embeddable":true,"href":"https:\/\/radiorevelacionfm.cl\/index.php?rest_route=\/wp\/v2\/users\/1"}],"replies":[{"embeddable":true,"href":"https:\/\/radiorevelacionfm.cl\/index.php?rest_route=%2Fwp%2Fv2%2Fcomments&post=60252"}],"version-history":[{"count":2,"href":"https:\/\/radiorevelacionfm.cl\/index.php?rest_route=\/wp\/v2\/posts\/60252\/revisions"}],"predecessor-version":[{"id":60255,"href":"https:\/\/radiorevelacionfm.cl\/index.php?rest_route=\/wp\/v2\/posts\/60252\/revisions\/60255"}],"wp:featuredmedia":[{"embeddable":true,"href":"https:\/\/radiorevelacionfm.cl\/index.php?rest_route=\/wp\/v2\/media\/60253"}],"wp:attachment":[{"href":"https:\/\/radiorevelacionfm.cl\/index.php?rest_route=%2Fwp%2Fv2%2Fmedia&parent=60252"}],"wp:term":[{"taxonomy":"category","embeddable":true,"href":"https:\/\/radiorevelacionfm.cl\/index.php?rest_route=%2Fwp%2Fv2%2Fcategories&post=60252"},{"taxonomy":"post_tag","embeddable":true,"href":"https:\/\/radiorevelacionfm.cl\/index.php?rest_route=%2Fwp%2Fv2%2Ftags&post=60252"}],"curies":[{"name":"wp","href":"https:\/\/api.w.org\/{rel}","templated":true}]}}