{"id":60248,"date":"2025-10-12T18:54:26","date_gmt":"2025-10-12T21:54:26","guid":{"rendered":"https:\/\/radiorevelacionfm.cl\/?p=60248"},"modified":"2025-10-12T18:54:26","modified_gmt":"2025-10-12T21:54:26","slug":"sag-llama-a-apicultores-as-a-declarar-sus-apiarios-y-colmenas-en-octubre","status":"publish","type":"post","link":"https:\/\/radiorevelacionfm.cl\/?p=60248","title":{"rendered":"SAG llama a apicultores\/as a declarar sus apiarios y colmenas en octubre"},"content":{"rendered":"<div class=\"flex_column av_one_full  flex_column_div av-zero-column-padding first  avia-builder-el-0  el_before_av_one_full  avia-builder-el-first  \" style='border-radius:0px; '><div  class='avia-image-container  av-styling-    avia-builder-el-1  avia-builder-el-no-sibling  avia-align-center '  itemprop=\"image\" itemscope=\"itemscope\" itemtype=\"https:\/\/schema.org\/ImageObject\"  ><div class='avia-image-container-inner'><div class='avia-image-overlay-wrap'><img decoding=\"async\" class='wp-image-60249 avia-img-lazy-loading-not-60249 avia_image' src=\"https:\/\/radiorevelacionfm.cl\/wp-content\/uploads\/2025\/10\/abeja-1-2-1_optimized-1.jpeg\" alt='' title='abeja-1-(2)-(1)_optimized (1)' height=\"600\" width=\"900\"  itemprop=\"thumbnailUrl\" srcset=\"https:\/\/radiorevelacionfm.cl\/wp-content\/uploads\/2025\/10\/abeja-1-2-1_optimized-1.jpeg 900w, https:\/\/radiorevelacionfm.cl\/wp-content\/uploads\/2025\/10\/abeja-1-2-1_optimized-1-300x200.jpeg 300w, https:\/\/radiorevelacionfm.cl\/wp-content\/uploads\/2025\/10\/abeja-1-2-1_optimized-1-768x512.jpeg 768w, https:\/\/radiorevelacionfm.cl\/wp-content\/uploads\/2025\/10\/abeja-1-2-1_optimized-1-705x470.jpeg 705w, https:\/\/radiorevelacionfm.cl\/wp-content\/uploads\/2025\/10\/abeja-1-2-1_optimized-1-450x300.jpeg 450w, https:\/\/radiorevelacionfm.cl\/wp-content\/uploads\/2025\/10\/abeja-1-2-1_optimized-1-600x400.jpeg 600w\" sizes=\"(max-width: 900px) 100vw, 900px\" \/><\/div><\/div><\/div><\/div><div class=\"flex_column av_one_full  flex_column_div av-zero-column-padding first  avia-builder-el-2  el_after_av_one_full  el_before_av_one_full  column-top-margin\" style='border-radius:0px; '><section class=\"av_textblock_section \"  itemscope=\"itemscope\" itemtype=\"https:\/\/schema.org\/BlogPosting\" itemprop=\"blogPost\" ><div class='avia_textblock  '   itemprop=\"text\" ><p style=\"text-align: center;\"><strong><span style=\"font-size: 18pt;\">SAG llama a apicultores\/as a declarar sus apiarios y colmenas en octubre<\/span><\/strong><\/p>\n<div id=\"gtx-trans\" style=\"position: absolute; left: -50px; top: 4.31534px;\">\n<div class=\"gtx-trans-icon\"><\/div>\n<\/div>\n<\/div><\/section><\/div><div class=\"flex_column av_one_full  flex_column_div av-zero-column-padding first  avia-builder-el-4  el_after_av_one_full  el_before_av_hr  column-top-margin\" style='border-radius:0px; '><section class=\"av_textblock_section \"  itemscope=\"itemscope\" itemtype=\"https:\/\/schema.org\/BlogPosting\" itemprop=\"blogPost\" ><div class='avia_textblock  '   itemprop=\"text\" ><p style=\"text-align: justify;\"><em>Estar inscrito y mantener la informaci\u00f3n actualizada<\/em><em>\u00a0en SIPEC Ap\u00edcola es clave\u00a0<\/em><em>para acceder a programas oficiales de control sanitario, <\/em><em>y recibir avisos sobre el uso de plaguicidas t\u00f3xicos para las abejas a partir de enero de 2026.<\/em><\/p>\n<p style=\"text-align: justify;\">El Servicio Agr\u00edcola y Ganadero, SAG, llam\u00f3 a todos los apicultores y apicultoras del pa\u00eds a declarar sus apiarios y colmenas durante octubre de este a\u00f1o en el Sistema de Informaci\u00f3n Pecuaria Ap\u00edcola (SIPEC Ap\u00edcola), recalcando que la inscripci\u00f3n y actualizaci\u00f3n de datos es obligatoria y fundamental para acceder a programas oficiales de control sanitario, postular a subsidios y apoyos estatales, adem\u00e1s de recibir avisos sobre la aplicaci\u00f3n de plaguicidas t\u00f3xicos para las abejas, sistema que comenzar\u00e1 a funcionar en enero del pr\u00f3ximo a\u00f1o.<\/p>\n<p style=\"text-align: justify;\">Al respecto, Julio Cerda Cordero, director regional del SAG indico \u201cla declaraci\u00f3n ap\u00edcola puede realizarse en l\u00ednea a trav\u00e9s de sipecweb.sag.gob.cl o de manera presencial en las oficinas regionales del SAG, completando el Formulario de Registro de Apicultores y Declaraci\u00f3n de Apiarios (FRADA).<\/p>\n<p style=\"text-align: justify;\"><strong>Aviso de aplicaci\u00f3n de plaguicidas<\/strong><\/p>\n<p style=\"text-align: justify;\">La informaci\u00f3n que los apicultores y apicultoras registren en el SIPEC Ap\u00edcola ser\u00e1 esencial para el funcionamiento del Sistema de Avisaje de Plaguicidas, que comenzar\u00e1 a operar en enero de 2026 para los productos clasificados como muy t\u00f3xicos para las abejas, y en abril del mismo a\u00f1o para aquellos considerados moderadamente t\u00f3xicos.<\/p>\n<p style=\"text-align: justify;\">Este procedimiento obliga a las y los agricultores a informar directamente a los apicultores\/as inscritos en SIPEC Ap\u00edcola, con al menos 48 horas de anticipaci\u00f3n, la aplicaci\u00f3n de plaguicidas clasificados como muy o moderadamente t\u00f3xicos para las abejas.<\/p>\n<p style=\"text-align: justify;\">El sistema funciona con la informaci\u00f3n declarada por cada apicultor\/a, considerando la ubicaci\u00f3n de sus apiarios, por lo que es fundamental mantener actualizados no solo los datos de los apiarios y colmenas, sino tambi\u00e9n los de contacto (tel\u00e9fono\/celular y correo electr\u00f3nico). De esta manera se asegura una notificaci\u00f3n oportuna y efectiva que resguarde la salud de las abejas y la producci\u00f3n ap\u00edcola del pa\u00eds.<\/p>\n<p style=\"text-align: justify;\">Para m\u00e1s informaci\u00f3n visitar\u00a0<a href=\"https:\/\/nam10.safelinks.protection.outlook.com\/?url=http%3A%2F%2Fwww.sag.cl%2F&amp;data=05%7C02%7Ccecilia.munoz%40sag.gob.cl%7C13b2cd64f47d4205f81c08de00f0c67e%7C77ecda755864422aa5356ea67154029c%7C0%7C0%7C638949231464469621%7CUnknown%7CTWFpbGZsb3d8eyJFbXB0eU1hcGkiOnRydWUsIlYiOiIwLjAuMDAwMCIsIlAiOiJXaW4zMiIsIkFOIjoiTWFpbCIsIldUIjoyfQ%3D%3D%7C0%7C%7C%7C&amp;sdata=88N8hFagW9ilW4B0bFXRF0s3qdsgvch4RFatcr%2FKhGg%3D&amp;reserved=0\">www.sag.cl<\/a>\u00a0, o escribir al correo\u00a0<a href=\"mailto:contacto.aysen@sag.gob.cl\">contacto.aysen@sag.gob.cl<\/a><\/p>\n<\/div><\/section><\/div><div  style='height:50px' class='hr hr-invisible   avia-builder-el-6  el_after_av_one_full  el_before_av_social_share '><span class='hr-inner ' ><span class='hr-inner-style'><\/span><\/span><\/div><\/p>\n<div  class='av-social-sharing-box  avia-builder-el-7  el_after_av_hr  el_before_av_hr  '><div class='av-share-box'><h5 class='av-share-link-description av-no-toc '>Compartir esta noticia<\/h5><ul class='av-share-box-list noLightbox'><li class='av-share-link av-social-link-facebook' ><a target=\"_blank\" aria-label=\"Compartir en Facebook\" href='https:\/\/www.facebook.com\/sharer.php?u=https:\/\/radiorevelacionfm.cl\/?p=60248&#038;t=SAG%20llama%20a%20apicultores%2Fas%20a%20declarar%20sus%20apiarios%20y%20colmenas%20en%20octubre' aria-hidden='false' data-av_icon='\ue8f3' data-av_iconfont='entypo-fontello' title='' data-avia-related-tooltip='Compartir en Facebook' rel=\"noopener\"><span class='avia_hidden_link_text'>Compartir en Facebook<\/span><\/a><\/li><li class='av-share-link av-social-link-twitter' ><a target=\"_blank\" aria-label=\"Compartir en Twitter\" href='https:\/\/twitter.com\/share?text=SAG%20llama%20a%20apicultores%2Fas%20a%20declarar%20sus%20apiarios%20y%20colmenas%20en%20octubre&#038;url=https:\/\/radiorevelacionfm.cl\/?p=60248' aria-hidden='false' data-av_icon='\ue8f1' data-av_iconfont='entypo-fontello' title='' data-avia-related-tooltip='Compartir en Twitter' rel=\"noopener\"><span class='avia_hidden_link_text'>Compartir en Twitter<\/span><\/a><\/li><li class='av-share-link av-social-link-whatsapp' ><a target=\"_blank\" aria-label=\"Compartir en Whatsapp\" href='https:\/\/api.whatsapp.com\/send?text=https:\/\/radiorevelacionfm.cl\/?p=60248' aria-hidden='false' data-av_icon='\uf232' data-av_iconfont='entypo-fontello' title='' data-avia-related-tooltip='Compartir en Whatsapp' rel=\"noopener\"><span class='avia_hidden_link_text'>Compartir en Whatsapp<\/span><\/a><\/li><li class='av-share-link av-social-link-linkedin' ><a target=\"_blank\" aria-label=\"Compartir en LinkedIn\" href='https:\/\/linkedin.com\/shareArticle?mini=true&#038;title=SAG%20llama%20a%20apicultores%2Fas%20a%20declarar%20sus%20apiarios%20y%20colmenas%20en%20octubre&#038;url=https:\/\/radiorevelacionfm.cl\/?p=60248' aria-hidden='false' data-av_icon='\ue8fc' data-av_iconfont='entypo-fontello' title='' data-avia-related-tooltip='Compartir en LinkedIn' rel=\"noopener\"><span class='avia_hidden_link_text'>Compartir en LinkedIn<\/span><\/a><\/li><li class='av-share-link av-social-link-mail' ><a  aria-label=\"Compartir por correo\" href='mailto:?subject=SAG%20llama%20a%20apicultores%2Fas%20a%20declarar%20sus%20apiarios%20y%20colmenas%20en%20octubre&#038;body=https:\/\/radiorevelacionfm.cl\/?p=60248' aria-hidden='false' data-av_icon='\ue805' data-av_iconfont='entypo-fontello' title='' data-avia-related-tooltip='Compartir por correo'><span class='avia_hidden_link_text'>Compartir por correo<\/span><\/a><\/li><\/ul><\/div><\/div>\n<div  style='height:50px' class='hr hr-invisible   avia-builder-el-8  el_after_av_social_share  el_before_av_comments_list '><span class='hr-inner ' ><span class='hr-inner-style'><\/span><\/span><\/div>\n<div  class='av-buildercomment  av-blog-meta-html-info-disabled av-blog-meta-tag-disabled  '><\/div>\n","protected":false},"excerpt":{"rendered":"","protected":false},"author":1,"featured_media":60249,"comment_status":"closed","ping_status":"closed","sticky":false,"template":"","format":"standard","meta":{"footnotes":""},"categories":[58],"tags":[],"class_list":["post-60248","post","type-post","status-publish","format-standard","has-post-thumbnail","hentry","category-agricultura"],"jetpack_featured_media_url":"https:\/\/radiorevelacionfm.cl\/wp-content\/uploads\/2025\/10\/abeja-1-2-1_optimized-1.jpeg","_links":{"self":[{"href":"https:\/\/radiorevelacionfm.cl\/index.php?rest_route=\/wp\/v2\/posts\/60248","targetHints":{"allow":["GET"]}}],"collection":[{"href":"https:\/\/radiorevelacionfm.cl\/index.php?rest_route=\/wp\/v2\/posts"}],"about":[{"href":"https:\/\/radiorevelacionfm.cl\/index.php?rest_route=\/wp\/v2\/types\/post"}],"author":[{"embeddable":true,"href":"https:\/\/radiorevelacionfm.cl\/index.php?rest_route=\/wp\/v2\/users\/1"}],"replies":[{"embeddable":true,"href":"https:\/\/radiorevelacionfm.cl\/index.php?rest_route=%2Fwp%2Fv2%2Fcomments&post=60248"}],"version-history":[{"count":2,"href":"https:\/\/radiorevelacionfm.cl\/index.php?rest_route=\/wp\/v2\/posts\/60248\/revisions"}],"predecessor-version":[{"id":60251,"href":"https:\/\/radiorevelacionfm.cl\/index.php?rest_route=\/wp\/v2\/posts\/60248\/revisions\/60251"}],"wp:featuredmedia":[{"embeddable":true,"href":"https:\/\/radiorevelacionfm.cl\/index.php?rest_route=\/wp\/v2\/media\/60249"}],"wp:attachment":[{"href":"https:\/\/radiorevelacionfm.cl\/index.php?rest_route=%2Fwp%2Fv2%2Fmedia&parent=60248"}],"wp:term":[{"taxonomy":"category","embeddable":true,"href":"https:\/\/radiorevelacionfm.cl\/index.php?rest_route=%2Fwp%2Fv2%2Fcategories&post=60248"},{"taxonomy":"post_tag","embeddable":true,"href":"https:\/\/radiorevelacionfm.cl\/index.php?rest_route=%2Fwp%2Fv2%2Ftags&post=60248"}],"curies":[{"name":"wp","href":"https:\/\/api.w.org\/{rel}","templated":true}]}}