{"id":60244,"date":"2025-10-12T15:31:47","date_gmt":"2025-10-12T18:31:47","guid":{"rendered":"https:\/\/radiorevelacionfm.cl\/?p=60244"},"modified":"2025-10-12T15:31:47","modified_gmt":"2025-10-12T18:31:47","slug":"por-que-formalizar-mi-emprendimiento-mesa-de-economia-y-genero-de-aysen-anuncia-semana-de-charlas-junto-a-la-dedecon","status":"publish","type":"post","link":"https:\/\/radiorevelacionfm.cl\/?p=60244","title":{"rendered":"\u201c\u00bfPor qu\u00e9 formalizar mi emprendimiento?\u201d: Mesa de Econom\u00eda y G\u00e9nero de Ays\u00e9n anuncia semana de charlas junto a la DEDECON"},"content":{"rendered":"<div class=\"flex_column av_one_full  flex_column_div av-zero-column-padding first  avia-builder-el-0  el_before_av_one_full  avia-builder-el-first  \" style='border-radius:0px; '><div  class='avia-image-container  av-styling-    avia-builder-el-1  avia-builder-el-no-sibling  avia-align-center '  itemprop=\"image\" itemscope=\"itemscope\" itemtype=\"https:\/\/schema.org\/ImageObject\"  ><div class='avia-image-container-inner'><div class='avia-image-overlay-wrap'><img decoding=\"async\" class='wp-image-60245 avia-img-lazy-loading-not-60245 avia_image' src=\"https:\/\/radiorevelacionfm.cl\/wp-content\/uploads\/2025\/10\/foto-1-89-1_optimized-1.jpeg\" alt='' title='foto-1-(89)-(1)_optimized (1)' height=\"600\" width=\"800\"  itemprop=\"thumbnailUrl\" srcset=\"https:\/\/radiorevelacionfm.cl\/wp-content\/uploads\/2025\/10\/foto-1-89-1_optimized-1.jpeg 800w, https:\/\/radiorevelacionfm.cl\/wp-content\/uploads\/2025\/10\/foto-1-89-1_optimized-1-300x225.jpeg 300w, https:\/\/radiorevelacionfm.cl\/wp-content\/uploads\/2025\/10\/foto-1-89-1_optimized-1-768x576.jpeg 768w, https:\/\/radiorevelacionfm.cl\/wp-content\/uploads\/2025\/10\/foto-1-89-1_optimized-1-705x529.jpeg 705w, https:\/\/radiorevelacionfm.cl\/wp-content\/uploads\/2025\/10\/foto-1-89-1_optimized-1-450x338.jpeg 450w, https:\/\/radiorevelacionfm.cl\/wp-content\/uploads\/2025\/10\/foto-1-89-1_optimized-1-600x450.jpeg 600w\" sizes=\"(max-width: 800px) 100vw, 800px\" \/><\/div><\/div><\/div><\/div><div class=\"flex_column av_one_full  flex_column_div av-zero-column-padding first  avia-builder-el-2  el_after_av_one_full  el_before_av_one_full  column-top-margin\" style='border-radius:0px; '><section class=\"av_textblock_section \"  itemscope=\"itemscope\" itemtype=\"https:\/\/schema.org\/BlogPosting\" itemprop=\"blogPost\" ><div class='avia_textblock  '   itemprop=\"text\" ><p style=\"text-align: center;\"><strong><span style=\"font-size: 18pt;\">\u201c\u00bfPor qu\u00e9 formalizar mi emprendimiento?\u201d: Mesa de Econom\u00eda y G\u00e9nero de Ays\u00e9n anuncia semana de charlas junto a la DEDECON<\/span><\/strong><\/p>\n<div id=\"gtx-trans\" style=\"position: absolute; left: -50px; top: 4.31534px;\">\n<div class=\"gtx-trans-icon\"><\/div>\n<\/div>\n<\/div><\/section><\/div><div class=\"flex_column av_one_full  flex_column_div av-zero-column-padding first  avia-builder-el-4  el_after_av_one_full  el_before_av_hr  column-top-margin\" style='border-radius:0px; '><section class=\"av_textblock_section \"  itemscope=\"itemscope\" itemtype=\"https:\/\/schema.org\/BlogPosting\" itemprop=\"blogPost\" ><div class='avia_textblock  '   itemprop=\"text\" ><p style=\"text-align: justify;\">En el marco de la entrada en vigencia de la Ley de Cumplimiento Tributario, que comienza a regir el 25 de octubre de 2025, la Mesa de Econom\u00eda y G\u00e9nero de la Regi\u00f3n de Ays\u00e9n, liderada por el Servicio Nacional de la Mujer y la Equidad de G\u00e9nero (SernamEG) y la Seremi de Econom\u00eda, Fomento y Turismo, ha preparado una serie de charlas junto a la Defensor\u00eda del Contribuyente (DEDECON) para informar a emprendedoras, emprendedores y feriantes sobre las implicancias de esta normativa y las alternativas disponibles para sus negocios.<\/p>\n<p style=\"text-align: justify;\">La Ley de Cumplimiento Tributario incorpora la obligaci\u00f3n para operadores de medios de pago, plataformas de intermediaci\u00f3n y \u00f3rganos de la administraci\u00f3n del Estado, de exigir la acreditaci\u00f3n del inicio de actividades y el cumplimiento tributario.<\/p>\n<p style=\"text-align: justify;\">Bajo este antecedente, la Mesa de Econom\u00eda y G\u00e9nero de Ays\u00e9n, donde participan todos los servicios e instituciones p\u00fablicas que trabajan con emprendedores y emprendedoras, ha planificado una serie de actividades, tanto de convocatoria abierta como para p\u00fablicos definidos, donde las personas podr\u00e1n acudir durante la semana para informarse acerca de temas como: \u201c\u00bfPor qu\u00e9 formalizar mi emprendimiento?\u201d, \u201cImportancia de la formalizaci\u00f3n para ferias libres\u201d, \u201c\u00bfC\u00f3mo llevar la contabilidad simplificada?\u201d y otros.<\/p>\n<p style=\"text-align: justify;\">A continuaci\u00f3n las y los interesados pueden revisar el programa con el detalle de todas las actividades para las comunas de Coyhaique y Ays\u00e9n.<\/p>\n<p><strong>\u00a0<\/strong><\/p>\n<table width=\"666\">\n<tbody>\n<tr>\n<td colspan=\"4\" width=\"666\"><strong>DIA 1\u00a0 &#8211; <\/strong><strong>Lunes 13 Octubre 2025<\/strong><\/td>\n<\/tr>\n<tr>\n<td width=\"113\"><strong>HORA<\/strong><\/td>\n<td width=\"250\"><strong>ACTIVIDAD<\/strong><\/td>\n<td width=\"180\"><strong>DIRIGIDO A<\/strong><\/td>\n<td width=\"124\"><strong>LUGAR<\/strong><\/td>\n<\/tr>\n<tr>\n<td width=\"113\">14:30 &#8211; 16:00 hrs.<\/td>\n<td width=\"250\"><strong>Charla <\/strong><\/p>\n<p><strong>\u201cNormativa aplicada a usuarios de servicios p\u00fablicos en lo relativo a la Ley de Cumplimiento Tributario\u201d<\/strong><\/p>\n<p><strong>\u00a0<\/strong><\/p>\n<p><strong>Exponen: Subdirector y Equipo DEDECON<\/strong><\/p>\n<p><strong>\u00a0<\/strong><\/td>\n<td width=\"180\">Servicios p\u00fablicos y privados, funcionarias y funcionarios vinculados a emprendedoras y emprendedores.<\/td>\n<td width=\"124\">Auditorio INACAP Sede Coyhaique (segundo piso).<\/p>\n<p>Las Violetas #171, <strong>Coyhaique.<\/strong><\/td>\n<\/tr>\n<tr>\n<td width=\"113\">18:00 hrs<\/td>\n<td width=\"250\"><strong>Charla <\/strong><\/p>\n<p><strong>\u201cImportancia de la formalizaci\u00f3n para las Ferias Libres\u201d<\/strong><\/p>\n<p><strong>\u00a0<\/strong><\/p>\n<p><strong>Exponen: Subdirector y Equipo DEDECON<\/strong><\/p>\n<p><strong>\u00a0<\/strong><\/td>\n<td width=\"180\">Dirigida a mujeres y hombres feriantes de la ciudad de Coyhaique.<\/td>\n<td width=\"124\">Auditorio del Centro Cultural de Coyhaique<\/p>\n<p>Lillo #23, <strong>Coyhaique.<\/strong><\/td>\n<\/tr>\n<\/tbody>\n<\/table>\n<p><strong>\u00a0<\/strong><\/p>\n<table width=\"666\">\n<tbody>\n<tr>\n<td colspan=\"4\" width=\"666\"><strong>DIA 2\u00a0 &#8211; <\/strong><strong>Martes 14 Octubre 2025<\/strong><\/td>\n<\/tr>\n<tr>\n<td width=\"113\">9:00 &#8211; 12:00 hrs<\/td>\n<td width=\"250\"><strong>Charla <\/strong><\/p>\n<p><strong>\u201c\u00bfPor Qu\u00e9 Formalizar mi Emprendimiento? y \u00bfC\u00f3mo llevar la Contabilidad Simplificada? \u201d<\/strong><\/p>\n<p><strong>\u00a0<\/strong><\/p>\n<p><strong>Exponen: Subdirector y Equipo DEDECON<\/strong><\/p>\n<p><strong>\u00a0<\/strong><\/td>\n<td width=\"181\">Dirigida a emprendedores y emprendedoras de Pto Ays\u00e9n y alrededores; funcionarias\/os p\u00fablicos vinculados a los emprendimientos.<\/td>\n<td width=\"122\">Casa de la Cultura de Puerto Ays\u00e9n\u00a0\u00a0\u00a0 (primer piso).<\/p>\n<p>Sargento Aldea #695 <strong>Pto. Ays\u00e9n.<\/strong><\/td>\n<\/tr>\n<tr>\n<td width=\"113\">14:30 &#8211; 16:30 hrs<\/td>\n<td width=\"250\"><strong>Charla <\/strong><\/p>\n<p><strong>\u201cImportancia de la formalizaci\u00f3n para las Ferias Libres\u201d<\/strong><\/p>\n<p><strong>Exponen: Subdirector y Equipo DEDECON<\/strong><\/td>\n<td width=\"181\">Dirigida a mujeres y hombres <em>feriantes <\/em>de la ciudad de Pto Ays\u00e9n y alrededores.<\/td>\n<td width=\"122\">Casa de la Cultura de Puerto Ays\u00e9n\u00a0\u00a0\u00a0 (primer piso).<\/p>\n<p>Sargento Aldea #695 <strong>Pto. Ays\u00e9n<\/strong><\/td>\n<\/tr>\n<tr>\n<td colspan=\"4\" width=\"666\"><strong>DIA 3\u00a0 &#8211;<\/strong><strong> Mi\u00e9rcoles 15 Octubre 2025<\/strong><\/td>\n<\/tr>\n<tr>\n<td width=\"113\">9:30 &#8211; 12:30 hrs<\/td>\n<td width=\"250\"><strong>Charla <\/strong><\/p>\n<p><strong>\u201c\u00bfPor Qu\u00e9 Formalizar mi Emprendimiento? \u201d<\/strong><\/p>\n<p><strong>Expone:\u00a0 Equipo DEDECON<\/strong><\/td>\n<td width=\"181\">Dirigida a emprendedores y emprendedoras de Coyhaique y alrededores.<\/td>\n<td width=\"122\">Auditorio INACAP Sede Coyhaique (segundo piso).<\/p>\n<p>Las Violetas #171, <strong>Coyhaique.<\/strong><\/td>\n<\/tr>\n<tr>\n<td width=\"113\">14:30 &#8211; 16:00 hrs<\/td>\n<td width=\"250\"><strong>Taller Pr\u00e1ctico<\/strong><\/p>\n<p><strong>Atenciones Personalizadas para la \u201cFormalizaci\u00f3n y Contabilidad Simplificada\u201d<\/strong><\/p>\n<p><strong>Expone: Equipo DEDECON<\/strong><\/td>\n<td width=\"181\">Abierta a p\u00fablico general, emprendedoras, emprendedores, feriantes, funcionarias\/os p\u00fablicos.<\/td>\n<td width=\"122\">INACAP Sede Coyhaique<\/p>\n<p>Las Violetas #171, <strong>Coyhaique.<\/strong><\/td>\n<\/tr>\n<tr>\n<td colspan=\"4\" width=\"666\"><strong>DIA 4\u00a0 &#8211; <\/strong><strong>Jueves 16 Octubre 2025<\/strong><\/td>\n<\/tr>\n<tr>\n<td width=\"113\">9:00 &#8211; 12:00 hrs<\/td>\n<td width=\"250\"><strong>Charla <\/strong><\/p>\n<p><strong>\u201c\u00bfPor Qu\u00e9 Formalizar mi Emprendimiento? \u201d<\/strong><\/p>\n<p><strong>Expone:\u00a0 Equipo DEDECON<\/strong><\/td>\n<td width=\"181\">Dirigida a organizaciones de mujeres del mundo rural y Mesa de la Mujer Rural de la Regi\u00f3n de Ays\u00e9n.<\/td>\n<td width=\"122\">(Por confirmar) Auditorio Gianella Saini SEREMI de Agricultura 3er piso. <strong>Coyhaique.<\/strong><\/td>\n<\/tr>\n<\/tbody>\n<\/table>\n<p style=\"text-align: justify;\">Las diferentes actividades contar\u00e1n adem\u00e1s con la presencia del subdirector de la Defensor\u00eda del Contribuyente, Emilio Moreno, y de diversas autoridades regionales de la Mesa de Econom\u00eda y G\u00e9nero de Ays\u00e9n.<\/p>\n<p style=\"text-align: justify;\">La Mesa de Econom\u00eda y G\u00e9nero est\u00e1 integrada por: Seremi de Econom\u00eda, Fomento y Turismo; Servicio Nacional de la Mujer y la Equidad de G\u00e9nero (SernamEG); Sercotec; Sernatur; Instituto Nacional de Estad\u00edsticas (INE); Corfo; Sernac; Subpesca; Indespa; Servicio de Impuestos Internos (SII); Fundaci\u00f3n Prodemu y FOSIS.<\/p>\n<\/div><\/section><\/div><div  style='height:50px' class='hr hr-invisible   avia-builder-el-6  el_after_av_one_full  el_before_av_social_share '><span class='hr-inner ' ><span class='hr-inner-style'><\/span><\/span><\/div><\/p>\n<div  class='av-social-sharing-box  avia-builder-el-7  el_after_av_hr  el_before_av_hr  '><div class='av-share-box'><h5 class='av-share-link-description av-no-toc '>Compartir esta noticia<\/h5><ul class='av-share-box-list noLightbox'><li class='av-share-link av-social-link-facebook' ><a target=\"_blank\" aria-label=\"Compartir en Facebook\" href='https:\/\/www.facebook.com\/sharer.php?u=https:\/\/radiorevelacionfm.cl\/?p=60244&#038;t=%E2%80%9C%C2%BFPor%20qu%C3%A9%20formalizar%20mi%20emprendimiento%3F%E2%80%9D%3A%20Mesa%20de%20Econom%C3%ADa%20y%20G%C3%A9nero%20de%20Ays%C3%A9n%20anuncia%20semana%20de%20charlas%20junto%20a%20la%20DEDECON' aria-hidden='false' data-av_icon='\ue8f3' data-av_iconfont='entypo-fontello' title='' data-avia-related-tooltip='Compartir en Facebook' rel=\"noopener\"><span class='avia_hidden_link_text'>Compartir en Facebook<\/span><\/a><\/li><li class='av-share-link av-social-link-twitter' ><a target=\"_blank\" aria-label=\"Compartir en Twitter\" href='https:\/\/twitter.com\/share?text=%E2%80%9C%C2%BFPor%20qu%C3%A9%20formalizar%20mi%20emprendimiento%3F%E2%80%9D%3A%20Mesa%20de%20Econom%C3%ADa%20y%20G%C3%A9nero%20de%20Ays%C3%A9n%20anuncia%20semana%20de%20charlas%20junto%20a%20la%20DEDECON&#038;url=https:\/\/radiorevelacionfm.cl\/?p=60244' aria-hidden='false' data-av_icon='\ue8f1' data-av_iconfont='entypo-fontello' title='' data-avia-related-tooltip='Compartir en Twitter' rel=\"noopener\"><span class='avia_hidden_link_text'>Compartir en Twitter<\/span><\/a><\/li><li class='av-share-link av-social-link-whatsapp' ><a target=\"_blank\" aria-label=\"Compartir en Whatsapp\" href='https:\/\/api.whatsapp.com\/send?text=https:\/\/radiorevelacionfm.cl\/?p=60244' aria-hidden='false' data-av_icon='\uf232' data-av_iconfont='entypo-fontello' title='' data-avia-related-tooltip='Compartir en Whatsapp' rel=\"noopener\"><span class='avia_hidden_link_text'>Compartir en Whatsapp<\/span><\/a><\/li><li class='av-share-link av-social-link-linkedin' ><a target=\"_blank\" aria-label=\"Compartir en LinkedIn\" href='https:\/\/linkedin.com\/shareArticle?mini=true&#038;title=%E2%80%9C%C2%BFPor%20qu%C3%A9%20formalizar%20mi%20emprendimiento%3F%E2%80%9D%3A%20Mesa%20de%20Econom%C3%ADa%20y%20G%C3%A9nero%20de%20Ays%C3%A9n%20anuncia%20semana%20de%20charlas%20junto%20a%20la%20DEDECON&#038;url=https:\/\/radiorevelacionfm.cl\/?p=60244' aria-hidden='false' data-av_icon='\ue8fc' data-av_iconfont='entypo-fontello' title='' data-avia-related-tooltip='Compartir en LinkedIn' rel=\"noopener\"><span class='avia_hidden_link_text'>Compartir en LinkedIn<\/span><\/a><\/li><li class='av-share-link av-social-link-mail' ><a  aria-label=\"Compartir por correo\" href='mailto:?subject=%E2%80%9C%C2%BFPor%20qu%C3%A9%20formalizar%20mi%20emprendimiento%3F%E2%80%9D%3A%20Mesa%20de%20Econom%C3%ADa%20y%20G%C3%A9nero%20de%20Ays%C3%A9n%20anuncia%20semana%20de%20charlas%20junto%20a%20la%20DEDECON&#038;body=https:\/\/radiorevelacionfm.cl\/?p=60244' aria-hidden='false' data-av_icon='\ue805' data-av_iconfont='entypo-fontello' title='' data-avia-related-tooltip='Compartir por correo'><span class='avia_hidden_link_text'>Compartir por correo<\/span><\/a><\/li><\/ul><\/div><\/div>\n<div  style='height:50px' class='hr hr-invisible   avia-builder-el-8  el_after_av_social_share  el_before_av_comments_list '><span class='hr-inner ' ><span class='hr-inner-style'><\/span><\/span><\/div>\n<div  class='av-buildercomment  av-blog-meta-html-info-disabled av-blog-meta-tag-disabled  '><\/div>\n","protected":false},"excerpt":{"rendered":"","protected":false},"author":1,"featured_media":60245,"comment_status":"closed","ping_status":"closed","sticky":false,"template":"","format":"standard","meta":{"footnotes":""},"categories":[38],"tags":[],"class_list":["post-60244","post","type-post","status-publish","format-standard","has-post-thumbnail","hentry","category-regional"],"jetpack_featured_media_url":"https:\/\/radiorevelacionfm.cl\/wp-content\/uploads\/2025\/10\/foto-1-89-1_optimized-1.jpeg","_links":{"self":[{"href":"https:\/\/radiorevelacionfm.cl\/index.php?rest_route=\/wp\/v2\/posts\/60244","targetHints":{"allow":["GET"]}}],"collection":[{"href":"https:\/\/radiorevelacionfm.cl\/index.php?rest_route=\/wp\/v2\/posts"}],"about":[{"href":"https:\/\/radiorevelacionfm.cl\/index.php?rest_route=\/wp\/v2\/types\/post"}],"author":[{"embeddable":true,"href":"https:\/\/radiorevelacionfm.cl\/index.php?rest_route=\/wp\/v2\/users\/1"}],"replies":[{"embeddable":true,"href":"https:\/\/radiorevelacionfm.cl\/index.php?rest_route=%2Fwp%2Fv2%2Fcomments&post=60244"}],"version-history":[{"count":2,"href":"https:\/\/radiorevelacionfm.cl\/index.php?rest_route=\/wp\/v2\/posts\/60244\/revisions"}],"predecessor-version":[{"id":60247,"href":"https:\/\/radiorevelacionfm.cl\/index.php?rest_route=\/wp\/v2\/posts\/60244\/revisions\/60247"}],"wp:featuredmedia":[{"embeddable":true,"href":"https:\/\/radiorevelacionfm.cl\/index.php?rest_route=\/wp\/v2\/media\/60245"}],"wp:attachment":[{"href":"https:\/\/radiorevelacionfm.cl\/index.php?rest_route=%2Fwp%2Fv2%2Fmedia&parent=60244"}],"wp:term":[{"taxonomy":"category","embeddable":true,"href":"https:\/\/radiorevelacionfm.cl\/index.php?rest_route=%2Fwp%2Fv2%2Fcategories&post=60244"},{"taxonomy":"post_tag","embeddable":true,"href":"https:\/\/radiorevelacionfm.cl\/index.php?rest_route=%2Fwp%2Fv2%2Ftags&post=60244"}],"curies":[{"name":"wp","href":"https:\/\/api.w.org\/{rel}","templated":true}]}}