{"id":60240,"date":"2025-10-12T15:09:11","date_gmt":"2025-10-12T18:09:11","guid":{"rendered":"https:\/\/radiorevelacionfm.cl\/?p=60240"},"modified":"2025-10-12T15:09:11","modified_gmt":"2025-10-12T18:09:11","slug":"corfo-aysen-alcanza-record-historico-37-proyectos-de-inversion-por-859-millones-para-2025","status":"publish","type":"post","link":"https:\/\/radiorevelacionfm.cl\/?p=60240","title":{"rendered":"Corfo Ays\u00e9n alcanza r\u00e9cord hist\u00f3rico: 37 proyectos de inversi\u00f3n por $859 millones para 2025"},"content":{"rendered":"<div class=\"flex_column av_one_full  flex_column_div av-zero-column-padding first  avia-builder-el-0  el_before_av_one_full  avia-builder-el-first  \" style='border-radius:0px; '><div  class='avia-image-container  av-styling-    avia-builder-el-1  avia-builder-el-no-sibling  avia-align-center '  itemprop=\"image\" itemscope=\"itemscope\" itemtype=\"https:\/\/schema.org\/ImageObject\"  ><div class='avia-image-container-inner'><div class='avia-image-overlay-wrap'><img decoding=\"async\" class='wp-image-60241 avia-img-lazy-loading-not-60241 avia_image' src=\"https:\/\/radiorevelacionfm.cl\/wp-content\/uploads\/2025\/10\/cdpaysen_subcomitefomentoproductivo-1_optimized.jpg\" alt='' title='cdpaysen_subcomitefomentoproductivo-(1)_optimized' height=\"600\" width=\"1151\"  itemprop=\"thumbnailUrl\" srcset=\"https:\/\/radiorevelacionfm.cl\/wp-content\/uploads\/2025\/10\/cdpaysen_subcomitefomentoproductivo-1_optimized.jpg 1151w, https:\/\/radiorevelacionfm.cl\/wp-content\/uploads\/2025\/10\/cdpaysen_subcomitefomentoproductivo-1_optimized-300x156.jpg 300w, https:\/\/radiorevelacionfm.cl\/wp-content\/uploads\/2025\/10\/cdpaysen_subcomitefomentoproductivo-1_optimized-1030x537.jpg 1030w, https:\/\/radiorevelacionfm.cl\/wp-content\/uploads\/2025\/10\/cdpaysen_subcomitefomentoproductivo-1_optimized-768x400.jpg 768w, https:\/\/radiorevelacionfm.cl\/wp-content\/uploads\/2025\/10\/cdpaysen_subcomitefomentoproductivo-1_optimized-705x368.jpg 705w, https:\/\/radiorevelacionfm.cl\/wp-content\/uploads\/2025\/10\/cdpaysen_subcomitefomentoproductivo-1_optimized-450x235.jpg 450w, https:\/\/radiorevelacionfm.cl\/wp-content\/uploads\/2025\/10\/cdpaysen_subcomitefomentoproductivo-1_optimized-600x313.jpg 600w\" sizes=\"(max-width: 1151px) 100vw, 1151px\" \/><\/div><\/div><\/div><\/div><div class=\"flex_column av_one_full  flex_column_div av-zero-column-padding first  avia-builder-el-2  el_after_av_one_full  el_before_av_one_full  column-top-margin\" style='border-radius:0px; '><section class=\"av_textblock_section \"  itemscope=\"itemscope\" itemtype=\"https:\/\/schema.org\/BlogPosting\" itemprop=\"blogPost\" ><div class='avia_textblock  '   itemprop=\"text\" ><p style=\"text-align: center;\"><span style=\"font-size: 18pt;\"><b>Corfo Ays\u00e9n alcanza r\u00e9cord hist\u00f3rico: 37 proyectos de inversi\u00f3n por $859 millones para 2025<\/b><\/span><\/p>\n<div id=\"gtx-trans\" style=\"position: absolute; left: -50px; top: 4.31534px;\">\n<div class=\"gtx-trans-icon\"><\/div>\n<\/div>\n<\/div><\/section><\/div><div class=\"flex_column av_one_full  flex_column_div av-zero-column-padding first  avia-builder-el-4  el_after_av_one_full  el_before_av_hr  column-top-margin\" style='border-radius:0px; '><section class=\"av_textblock_section \"  itemscope=\"itemscope\" itemtype=\"https:\/\/schema.org\/BlogPosting\" itemprop=\"blogPost\" ><div class='avia_textblock  '   itemprop=\"text\" ><p style=\"font-weight: 400; text-align: justify;\"><em>Por primera vez, el programa Activa Inversi\u00f3n logra este nivel de alcance y recursos en la regi\u00f3n. Con aprobaci\u00f3n del Comit\u00e9 de Desarrollo Productivo Regional, Corfo Ays\u00e9n y el Gobierno Regional cofinanciar\u00e1n iniciativas que impulsan turismo, sostenibilidad y diversificaci\u00f3n productiva en seis comunas.<\/em><\/p>\n<p style=\"font-weight: 400; text-align: justify;\">El Comit\u00e9 de Desarrollo Productivo Regional de Ays\u00e9n (CDPR Ays\u00e9n), con Corfo como unidad t\u00e9cnica y el aporte del Gobierno Regional y su Consejo, aprob\u00f3 37 proyectos del instrumento Activa Inversi\u00f3n 2025, que cofinancian $859.293.525, apalancando $1.411.221.003 en inversi\u00f3n total para la regi\u00f3n. Se trata de un hito hist\u00f3rico, ya que nunca este programa hab\u00eda alcanzado un n\u00famero tan alto de proyectos seleccionados ni un volumen de inversi\u00f3n de tal magnitud en un solo a\u00f1o. Las iniciativas \u2014presentadas por empresas y emprendimientos locales\u2014 se implementar\u00e1n durante 2025 en Coyhaique, Chile Chico, Cisnes, R\u00edo Ib\u00e1\u00f1ez, Ays\u00e9n y O\u2019Higgins, con foco en reactivaci\u00f3n econ\u00f3mica, innovaci\u00f3n, sostenibilidad y equidad territorial.<\/p>\n<p style=\"font-weight: 400; text-align: justify;\">\u201cEl CDPR Ays\u00e9n nos permite decidir desde el territorio, con criterios de equidad, innovaci\u00f3n y sostenibilidad. La aprobaci\u00f3n de estas 37 inversiones \u2014que cofinancian $859 millones y movilizan $1.411 millones\u2014 es una se\u00f1al clara de que Ays\u00e9n diversifica su econom\u00eda, mejora productividad y cuida su patrimonio natural. Nuestro compromiso como Corfo Ays\u00e9n es acompa\u00f1ar t\u00e9cnicamente cada proyecto para que esa inversi\u00f3n se transforme en empleo de calidad, nuevas oportunidades y mejores servicios para las comunidades\u201d, afirm\u00f3 Humberto Mar\u00edn Leiva, director de Corfo Ays\u00e9n.<\/p>\n<p style=\"font-weight: 400; text-align: justify;\">El portafolio aprobado refleja una apuesta estrat\u00e9gica por la diversificaci\u00f3n productiva con identidad regional. El turismo concentra 22 proyectos (con un cofinanciamiento de $384,5 millones), seguido por el sector alimentario (6), construcci\u00f3n (3), agricultura (2) y casos en acuicultura, ganader\u00eda, log\u00edstica y energ\u00edas renovables.<\/p>\n<p style=\"font-weight: 400; text-align: justify;\">Las iniciativas aprobadas no solo reflejan la diversificaci\u00f3n productiva, sino tambi\u00e9n la pertinencia territorial de las iniciativas apoyadas. En Chile Chico, la instalaci\u00f3n de una planta de generaci\u00f3n fotovoltaica fortalecer\u00e1 la sostenibilidad de la producci\u00f3n agr\u00edcola; mientras que, en Cisnes, un estacionamiento sustentable para campers y veh\u00edculos mejorar\u00e1 la infraestructura tur\u00edstica regional. Y en O\u2019Higgins, la expansi\u00f3n de caba\u00f1as Paso Mayer incorpora criterios de energ\u00eda limpia para potenciar el turismo rural. Estos ejemplos reflejan c\u00f3mo los proyectos aprobados se alinean con los objetivos de Corfo en innovaci\u00f3n, sostenibilidad y desarrollo con identidad regional.<\/p>\n<p style=\"font-weight: 400; text-align: justify;\">En t\u00e9rminos territoriales, Coyhaique concentra 16 iniciativas, seguido de Chile Chico con 7, mientras que Cisnes, R\u00edo Ib\u00e1\u00f1ez y Ays\u00e9n, tienen 4 proyectos cada una y O\u2019Higgins 2, lo que refleja una cobertura equilibrada y coherente con la planificaci\u00f3n regional.<\/p>\n<p style=\"font-weight: 400; text-align: justify;\">En t\u00e9rminos de uso de recursos, el 97,06% del cofinanciamiento se asigna a inversi\u00f3n productiva (equipamiento, infraestructura y mejoras tecnol\u00f3gicas), y un 2,94% a capital de trabajo, priorizando proyectos con capacidad de generar productividad, encadenamientos y empleo.<\/p>\n<p style=\"font-weight: 400; text-align: justify;\">Estas inversiones se alinean con las prioridades regionales: aumentar la competitividad con tecnolog\u00eda y eficiencia energ\u00e9tica, fortalecer la calidad de servicios tur\u00edsticos, dinamizar la industria alimentaria con valor agregado y avanzar en pr\u00e1cticas sostenibles (eficiencia h\u00eddrica, circularidad, reducci\u00f3n de emisiones).<\/p>\n<p style=\"font-weight: 400; text-align: justify;\">Con la aprobaci\u00f3n del CDPR Ays\u00e9n, Corfo iniciar\u00e1 la firma de convenios, la puesta en marcha y el seguimiento t\u00e9cnico-financiero de cada iniciativa, promoviendo la transparencia y la pertinencia territorial. Durante las pr\u00f3ximas semanas se programar\u00e1n sesiones informativas y mesas de acompa\u00f1amiento para apoyar a las y los beneficiarios en compras, cronogramas, rendiciones y metas de impacto. La proyecci\u00f3n para 2025 es consolidar resultados medibles en productividad, empleo, sostenibilidad y calidad de servicio, y difundir buenas pr\u00e1cticas que inspiren a m\u00e1s empresas a invertir en Ays\u00e9n Patagonia.<\/p>\n<\/div><\/section><\/div><div  style='height:50px' class='hr hr-invisible   avia-builder-el-6  el_after_av_one_full  el_before_av_social_share '><span class='hr-inner ' ><span class='hr-inner-style'><\/span><\/span><\/div><\/p>\n<div  class='av-social-sharing-box  avia-builder-el-7  el_after_av_hr  el_before_av_hr  '><div class='av-share-box'><h5 class='av-share-link-description av-no-toc '>Compartir esta noticia<\/h5><ul class='av-share-box-list noLightbox'><li class='av-share-link av-social-link-facebook' ><a target=\"_blank\" aria-label=\"Compartir en Facebook\" href='https:\/\/www.facebook.com\/sharer.php?u=https:\/\/radiorevelacionfm.cl\/?p=60240&#038;t=Corfo%20Ays%C3%A9n%20alcanza%20r%C3%A9cord%20hist%C3%B3rico%3A%2037%20proyectos%20de%20inversi%C3%B3n%20por%20%24859%20millones%20para%202025' aria-hidden='false' data-av_icon='\ue8f3' data-av_iconfont='entypo-fontello' title='' data-avia-related-tooltip='Compartir en Facebook' rel=\"noopener\"><span class='avia_hidden_link_text'>Compartir en Facebook<\/span><\/a><\/li><li class='av-share-link av-social-link-twitter' ><a target=\"_blank\" aria-label=\"Compartir en Twitter\" href='https:\/\/twitter.com\/share?text=Corfo%20Ays%C3%A9n%20alcanza%20r%C3%A9cord%20hist%C3%B3rico%3A%2037%20proyectos%20de%20inversi%C3%B3n%20por%20%24859%20millones%20para%202025&#038;url=https:\/\/radiorevelacionfm.cl\/?p=60240' aria-hidden='false' data-av_icon='\ue8f1' data-av_iconfont='entypo-fontello' title='' data-avia-related-tooltip='Compartir en Twitter' rel=\"noopener\"><span class='avia_hidden_link_text'>Compartir en Twitter<\/span><\/a><\/li><li class='av-share-link av-social-link-whatsapp' ><a target=\"_blank\" aria-label=\"Compartir en Whatsapp\" href='https:\/\/api.whatsapp.com\/send?text=https:\/\/radiorevelacionfm.cl\/?p=60240' aria-hidden='false' data-av_icon='\uf232' data-av_iconfont='entypo-fontello' title='' data-avia-related-tooltip='Compartir en Whatsapp' rel=\"noopener\"><span class='avia_hidden_link_text'>Compartir en Whatsapp<\/span><\/a><\/li><li class='av-share-link av-social-link-linkedin' ><a target=\"_blank\" aria-label=\"Compartir en LinkedIn\" href='https:\/\/linkedin.com\/shareArticle?mini=true&#038;title=Corfo%20Ays%C3%A9n%20alcanza%20r%C3%A9cord%20hist%C3%B3rico%3A%2037%20proyectos%20de%20inversi%C3%B3n%20por%20%24859%20millones%20para%202025&#038;url=https:\/\/radiorevelacionfm.cl\/?p=60240' aria-hidden='false' data-av_icon='\ue8fc' data-av_iconfont='entypo-fontello' title='' data-avia-related-tooltip='Compartir en LinkedIn' rel=\"noopener\"><span class='avia_hidden_link_text'>Compartir en LinkedIn<\/span><\/a><\/li><li class='av-share-link av-social-link-mail' ><a  aria-label=\"Compartir por correo\" href='mailto:?subject=Corfo%20Ays%C3%A9n%20alcanza%20r%C3%A9cord%20hist%C3%B3rico%3A%2037%20proyectos%20de%20inversi%C3%B3n%20por%20%24859%20millones%20para%202025&#038;body=https:\/\/radiorevelacionfm.cl\/?p=60240' aria-hidden='false' data-av_icon='\ue805' data-av_iconfont='entypo-fontello' title='' data-avia-related-tooltip='Compartir por correo'><span class='avia_hidden_link_text'>Compartir por correo<\/span><\/a><\/li><\/ul><\/div><\/div>\n<div  style='height:50px' class='hr hr-invisible   avia-builder-el-8  el_after_av_social_share  el_before_av_comments_list '><span class='hr-inner ' ><span class='hr-inner-style'><\/span><\/span><\/div>\n<div  class='av-buildercomment  av-blog-meta-html-info-disabled av-blog-meta-tag-disabled  '><\/div>\n","protected":false},"excerpt":{"rendered":"","protected":false},"author":1,"featured_media":60241,"comment_status":"closed","ping_status":"closed","sticky":false,"template":"","format":"standard","meta":{"footnotes":""},"categories":[38],"tags":[],"class_list":["post-60240","post","type-post","status-publish","format-standard","has-post-thumbnail","hentry","category-regional"],"jetpack_featured_media_url":"https:\/\/radiorevelacionfm.cl\/wp-content\/uploads\/2025\/10\/cdpaysen_subcomitefomentoproductivo-1_optimized.jpg","_links":{"self":[{"href":"https:\/\/radiorevelacionfm.cl\/index.php?rest_route=\/wp\/v2\/posts\/60240","targetHints":{"allow":["GET"]}}],"collection":[{"href":"https:\/\/radiorevelacionfm.cl\/index.php?rest_route=\/wp\/v2\/posts"}],"about":[{"href":"https:\/\/radiorevelacionfm.cl\/index.php?rest_route=\/wp\/v2\/types\/post"}],"author":[{"embeddable":true,"href":"https:\/\/radiorevelacionfm.cl\/index.php?rest_route=\/wp\/v2\/users\/1"}],"replies":[{"embeddable":true,"href":"https:\/\/radiorevelacionfm.cl\/index.php?rest_route=%2Fwp%2Fv2%2Fcomments&post=60240"}],"version-history":[{"count":2,"href":"https:\/\/radiorevelacionfm.cl\/index.php?rest_route=\/wp\/v2\/posts\/60240\/revisions"}],"predecessor-version":[{"id":60243,"href":"https:\/\/radiorevelacionfm.cl\/index.php?rest_route=\/wp\/v2\/posts\/60240\/revisions\/60243"}],"wp:featuredmedia":[{"embeddable":true,"href":"https:\/\/radiorevelacionfm.cl\/index.php?rest_route=\/wp\/v2\/media\/60241"}],"wp:attachment":[{"href":"https:\/\/radiorevelacionfm.cl\/index.php?rest_route=%2Fwp%2Fv2%2Fmedia&parent=60240"}],"wp:term":[{"taxonomy":"category","embeddable":true,"href":"https:\/\/radiorevelacionfm.cl\/index.php?rest_route=%2Fwp%2Fv2%2Fcategories&post=60240"},{"taxonomy":"post_tag","embeddable":true,"href":"https:\/\/radiorevelacionfm.cl\/index.php?rest_route=%2Fwp%2Fv2%2Ftags&post=60240"}],"curies":[{"name":"wp","href":"https:\/\/api.w.org\/{rel}","templated":true}]}}