{"id":60230,"date":"2025-10-11T17:12:09","date_gmt":"2025-10-11T20:12:09","guid":{"rendered":"https:\/\/radiorevelacionfm.cl\/?p=60230"},"modified":"2025-10-11T17:12:09","modified_gmt":"2025-10-11T20:12:09","slug":"pdi-y-fiscalia-investigan-hallazgo-de-osamentas-humanas-en-vivienda-de-puerto-aysen","status":"publish","type":"post","link":"https:\/\/radiorevelacionfm.cl\/?p=60230","title":{"rendered":"PDI y Fiscal\u00eda investigan hallazgo de osamentas humanas en vivienda de Puerto Ays\u00e9n"},"content":{"rendered":"<div class=\"flex_column av_one_full  flex_column_div av-zero-column-padding first  avia-builder-el-0  el_before_av_one_full  avia-builder-el-first  \" style='border-radius:0px; '><div  class='avia-image-container  av-styling-    avia-builder-el-1  avia-builder-el-no-sibling  avia-align-center '  itemprop=\"image\" itemscope=\"itemscope\" itemtype=\"https:\/\/schema.org\/ImageObject\"  ><div class='avia-image-container-inner'><div class='avia-image-overlay-wrap'><img decoding=\"async\" class='wp-image-60231 avia-img-lazy-loading-not-60231 avia_image' src=\"https:\/\/radiorevelacionfm.cl\/wp-content\/uploads\/2025\/10\/whatsapp-image-2025-10-11-at-4_optimized.15.26-pm-1-1-1.jpeg\" alt='' title='whatsapp-image-2025-10-11-at-4_optimized.15.26-pm-(1)-(1) (1)' height=\"600\" width=\"1067\"  itemprop=\"thumbnailUrl\" srcset=\"https:\/\/radiorevelacionfm.cl\/wp-content\/uploads\/2025\/10\/whatsapp-image-2025-10-11-at-4_optimized.15.26-pm-1-1-1.jpeg 1067w, https:\/\/radiorevelacionfm.cl\/wp-content\/uploads\/2025\/10\/whatsapp-image-2025-10-11-at-4_optimized.15.26-pm-1-1-1-300x169.jpeg 300w, https:\/\/radiorevelacionfm.cl\/wp-content\/uploads\/2025\/10\/whatsapp-image-2025-10-11-at-4_optimized.15.26-pm-1-1-1-1030x579.jpeg 1030w, https:\/\/radiorevelacionfm.cl\/wp-content\/uploads\/2025\/10\/whatsapp-image-2025-10-11-at-4_optimized.15.26-pm-1-1-1-768x432.jpeg 768w, https:\/\/radiorevelacionfm.cl\/wp-content\/uploads\/2025\/10\/whatsapp-image-2025-10-11-at-4_optimized.15.26-pm-1-1-1-705x396.jpeg 705w, https:\/\/radiorevelacionfm.cl\/wp-content\/uploads\/2025\/10\/whatsapp-image-2025-10-11-at-4_optimized.15.26-pm-1-1-1-450x253.jpeg 450w, https:\/\/radiorevelacionfm.cl\/wp-content\/uploads\/2025\/10\/whatsapp-image-2025-10-11-at-4_optimized.15.26-pm-1-1-1-600x337.jpeg 600w\" sizes=\"(max-width: 1067px) 100vw, 1067px\" \/><\/div><\/div><\/div><\/div><div class=\"flex_column av_one_full  flex_column_div av-zero-column-padding first  avia-builder-el-2  el_after_av_one_full  el_before_av_one_full  column-top-margin\" style='border-radius:0px; '><section class=\"av_textblock_section \"  itemscope=\"itemscope\" itemtype=\"https:\/\/schema.org\/BlogPosting\" itemprop=\"blogPost\" ><div class='avia_textblock  '   itemprop=\"text\" ><p style=\"text-align: center;\"><strong><span style=\"font-size: 18pt;\">PDI y Fiscal\u00eda investigan hallazgo de osamentas humanas en vivienda de Puerto Ays\u00e9n<\/span><\/strong><\/p>\n<div id=\"gtx-trans\" style=\"position: absolute; left: -50px; top: 4.31534px;\">\n<div class=\"gtx-trans-icon\"><\/div>\n<\/div>\n<\/div><\/section><\/div><div class=\"flex_column av_one_full  flex_column_div av-zero-column-padding first  avia-builder-el-4  el_after_av_one_full  el_before_av_hr  column-top-margin\" style='border-radius:0px; '><section class=\"av_textblock_section \"  itemscope=\"itemscope\" itemtype=\"https:\/\/schema.org\/BlogPosting\" itemprop=\"blogPost\" ><div class='avia_textblock  '   itemprop=\"text\" ><p style=\"font-weight: 400; text-align: justify;\"><em>Hoy se control\u00f3 la detenci\u00f3n del imputado. El martes se efectuar\u00e1 la audiencia de formalizaci\u00f3n.<\/em><\/p>\n<p style=\"font-weight: 400; text-align: justify;\">Diligencias conjuntas entre la Brigada de Homicidios Coyhaique, Bicrim de Puerto Ays\u00e9n, el Laboratorio de Criminal\u00edstica de la PDI y la Fiscal\u00eda Local de Ays\u00e9n-Cisnes, buscan determinar las circunstancias del hallazgo de osamentas humanas al interior de un domicilio ubicado en las inmediaciones del centro de Puerto Ays\u00e9n. Tambi\u00e9n arribaron a la regi\u00f3n perito qu\u00edmicos y bioqu\u00edmicos del Laboratorio de Criminal\u00edstica Central de la PDI, a fin de reforzar el trabajo cient\u00edfico en el sitio del suceso.<\/p>\n<p style=\"font-weight: 400; text-align: justify;\">La informaci\u00f3n fue dada a conocer este s\u00e1bado por el Fiscal Jefe de Ays\u00e9n-Cisnes, Pedro Poblete y el Jefe de la Prefectura Provincial Coyhaique, Subprefecto V\u00edctor Toledo, quienes precisaron que este caso se inici\u00f3 tras una orden de investigar decretada por el Ministerio P\u00fablico a ra\u00edz del extrav\u00edo de un adulto mayor de Puerto Ays\u00e9n. En esta l\u00ednea, ayer en horas de la tarde fue detenido un sujeto de 54 a\u00f1os, el cual fue puesto hoy a disposici\u00f3n del Juzgado de Garant\u00eda para una audiencia de control de la detenci\u00f3n.<\/p>\n<p style=\"font-weight: 400; text-align: justify;\">PRESUNTA DESGRACIA<\/p>\n<p style=\"font-weight: 400; text-align: justify;\">\u201cEn este momento la Fiscal\u00eda Local de Puerto Ays\u00e9n, en conjunto con personal especializado de la Polic\u00eda de Investigaciones se encuentra investigando un hallazgo de osamentas. Este hecho qued\u00f3 de manifiesto el d\u00eda de ayer en horas de la tarde, en el interior de un domicilio ubicado en calle Galvarino Riveros, en el sector c\u00e9ntrico de la ciudad\u201d, explic\u00f3 el Fiscal Pedro Poblete.<\/p>\n<p style=\"font-weight: 400; text-align: justify;\">Por su parte el Jefe de la Prefectura Provincial Coyhaique, Subprefecto V\u00edctor Toledo, a\u00f1adi\u00f3 que \u201ca ra\u00edz de una orden investigar por presunta desgracia que tomamos conocimiento, se efectu\u00f3 una serie de trabajos investigativos, lo que incluy\u00f3 un equipo especializado de la Brigada de Homicidios y en el tenor de las diligencias efectuadas preliminarmente, se logr\u00f3 ubicar el domicilio de la persona desaparecida y en esas diligencias, que a\u00fan se encuentran en desarrollo, es que en el interior de un inmueble se encuentran estos restos \u00f3seos, los cual est\u00e1n siendo analizados\u201d.<\/p>\n<p style=\"font-weight: 400; text-align: justify;\">DOMICILIO<\/p>\n<p style=\"font-weight: 400; text-align: justify;\">El Fiscal Pedro Poblete agreg\u00f3 que \u201cel personal policial, realizando las labores de registro de este domicilio, encontr\u00f3 este lamentable hallazgo, verific\u00e1ndose por parte de peritos del Servicio M\u00e9dico Legal que efectivamente correspond\u00edan a osamentas humanas y en ese atendido se procedi\u00f3 a la detenci\u00f3n del ocupante de la vivienda\u201d.<\/p>\n<p style=\"font-weight: 400; text-align: justify;\">Se trata de un hombre de 54 a\u00f1os de edad, quien fue puesto a disposici\u00f3n del Tribunal de Garant\u00eda de esta ciudad esta ma\u00f1ana, agreg\u00f3 Poblete, \u201cprocedi\u00e9ndose a controlar la legalidad de la detenci\u00f3n y a ampliar el plazo de detenci\u00f3n hasta el d\u00eda martes a las 11:00 horas\u201d.<\/p>\n<p style=\"font-weight: 400; text-align: justify;\">Lo anterior, para \u201cefectos de recabar -el equipo especializado que est\u00e1 trabajando la PDI-, elementos que permitan entonces una posterior formalizaci\u00f3n\u201d.\u00a0 Las presunciones por las cuales se gestion\u00f3 la orden de detenci\u00f3n corresponden a los il\u00edcitos de ultraje de cad\u00e1ver y de inhumaci\u00f3n ilegal de cad\u00e1ver.<\/p>\n<p style=\"font-weight: 400; text-align: justify;\">DILIGENCIAS EN DESARROLLO<\/p>\n<p style=\"font-weight: 400; text-align: justify;\">Por su parte el jefe de la Prefectura Provincial Coyhaique, Subprefecto V\u00edctor Toledo, sostuvo que \u201cen esta etapa de investigaci\u00f3n se est\u00e1n reuniendo la mayor cantidad de antecedentes para aportar al Ministerio P\u00fablico, quien a ra\u00edz de los hechos concretos que el d\u00eda ayer fueron puestos a disposici\u00f3n del fiscal a cargo, gestion\u00f3 la respectiva orden de detenci\u00f3n de una persona mayor de edad, que cuenta con antecedentes policiales\u201d.<\/p>\n<p style=\"font-weight: 400; text-align: justify;\">El jefe policial a\u00f1adi\u00f3 que \u201crestan un sinn\u00famero de diligencias investigativas que nos van a poder tener m\u00e1s certeza de la investigaci\u00f3n y del desarrollo de las mismas\u201d. Sobre el detenido, mencion\u00f3 que es chileno, de la Regi\u00f3n de Ays\u00e9n, el cual mantiene antecedentes por diferentes delitos contra la propiedad y otros hechos menores, el cual estaba haciendo uso de uno de los inmuebles de la persona reportada como desaparecida.<\/p>\n<p style=\"font-weight: 400; text-align: justify;\">IDENTIDAD<\/p>\n<p style=\"font-weight: 400; text-align: justify;\">El Fiscal Poblete -en tanto- coment\u00f3 que \u201cpor el momento y por la premura de la informaci\u00f3n, puedo se\u00f1alar que tenemos que verificar en primer t\u00e9rmino la identidad de las osamentas y eso es un trabajo cient\u00edfico. Es un trabajo que va a ser de larga data en atenci\u00f3n a que estamos hablando de osamentas, no de un cuerpo\u201d.<\/p>\n<p style=\"font-weight: 400; text-align: justify;\">Consultado respecto de si el caso pudiera incluir un homicidio, el Fiscal del Ministerio P\u00fablico detall\u00f3 que \u201ceso es lo que tenemos que investigar. Por eso se ha solicitado la ampliaci\u00f3n del plazo investigativo. Yo quiero relevar el trabajo interinstitucional en el que est\u00e1 trabajando la Polic\u00eda de Investigaciones mediante sus equipos especializados de la Brigada de Homicidios, del Laboratorio de Criminal\u00edstica institucional, de la Brigada Local de Puerto Ays\u00e9n, personal del Servicio M\u00e9dico Legal y tambi\u00e9n de Carabineros, que apoy\u00f3 en diligencias de resguardo del sitio del suceso importantes estos elementos\u201d.<\/p>\n<p style=\"font-weight: 400; text-align: justify;\">Sobre la identidad, el fiscal expres\u00f3 que se est\u00e1 trabajando en este proceso. En relaci\u00f3n al detenido, a\u00f1adi\u00f3 que \u201chizo uso de su derecho a guardar silencio\u201d.<\/p>\n<p style=\"font-weight: 400; text-align: justify;\">OSAMENTAS<\/p>\n<p style=\"font-weight: 400; text-align: justify;\">Respecto de la data o tiempo de las osamentas encontradas, el Subprefecto Toledo dijo que \u201cese tipo de an\u00e1lisis es el que se tiene que hacer por parte del Servicio M\u00e9dico Legal. Ellos son los especialistas para determinar ciertas caracter\u00edsticas propias de estos hallazgos y referirme en este minuto ser\u00eda irresponsable, toda vez que es el Servicio M\u00e9dico Legal el que tiene que hacer las pericias correspondientes\u201d.<\/p>\n<p style=\"font-weight: 400; text-align: justify;\">El jefe de la Prefectura Provincial Coyhaique, Subprefecto V\u00edctor Toledo, manifest\u00f3 que \u201cestamos trabajando con un equipo especializado de nuestro Laboratorio de Criminal\u00edstica regional y est\u00e1n todos los organismos t\u00e9cnicos institucionales a disposici\u00f3n de esta investigaci\u00f3n, porque queremos tener cierta celeridad cierto y dar la tranquilidad a la familia tambi\u00e9n de la persona desaparecida\u201d.<\/p>\n<\/div><\/section><\/div><div  style='height:50px' class='hr hr-invisible   avia-builder-el-6  el_after_av_one_full  el_before_av_social_share '><span class='hr-inner ' ><span class='hr-inner-style'><\/span><\/span><\/div><\/p>\n<div  class='av-social-sharing-box  avia-builder-el-7  el_after_av_hr  el_before_av_hr  '><div class='av-share-box'><h5 class='av-share-link-description av-no-toc '>Compartir esta noticia<\/h5><ul class='av-share-box-list noLightbox'><li class='av-share-link av-social-link-facebook' ><a target=\"_blank\" aria-label=\"Compartir en Facebook\" href='https:\/\/www.facebook.com\/sharer.php?u=https:\/\/radiorevelacionfm.cl\/?p=60230&#038;t=PDI%20y%20Fiscal%C3%ADa%20investigan%20hallazgo%20de%20osamentas%20humanas%20en%20vivienda%20de%20Puerto%20Ays%C3%A9n' aria-hidden='false' data-av_icon='\ue8f3' data-av_iconfont='entypo-fontello' title='' data-avia-related-tooltip='Compartir en Facebook' rel=\"noopener\"><span class='avia_hidden_link_text'>Compartir en Facebook<\/span><\/a><\/li><li class='av-share-link av-social-link-twitter' ><a target=\"_blank\" aria-label=\"Compartir en Twitter\" href='https:\/\/twitter.com\/share?text=PDI%20y%20Fiscal%C3%ADa%20investigan%20hallazgo%20de%20osamentas%20humanas%20en%20vivienda%20de%20Puerto%20Ays%C3%A9n&#038;url=https:\/\/radiorevelacionfm.cl\/?p=60230' aria-hidden='false' data-av_icon='\ue8f1' data-av_iconfont='entypo-fontello' title='' data-avia-related-tooltip='Compartir en Twitter' rel=\"noopener\"><span class='avia_hidden_link_text'>Compartir en Twitter<\/span><\/a><\/li><li class='av-share-link av-social-link-whatsapp' ><a target=\"_blank\" aria-label=\"Compartir en Whatsapp\" href='https:\/\/api.whatsapp.com\/send?text=https:\/\/radiorevelacionfm.cl\/?p=60230' aria-hidden='false' data-av_icon='\uf232' data-av_iconfont='entypo-fontello' title='' data-avia-related-tooltip='Compartir en Whatsapp' rel=\"noopener\"><span class='avia_hidden_link_text'>Compartir en Whatsapp<\/span><\/a><\/li><li class='av-share-link av-social-link-linkedin' ><a target=\"_blank\" aria-label=\"Compartir en LinkedIn\" href='https:\/\/linkedin.com\/shareArticle?mini=true&#038;title=PDI%20y%20Fiscal%C3%ADa%20investigan%20hallazgo%20de%20osamentas%20humanas%20en%20vivienda%20de%20Puerto%20Ays%C3%A9n&#038;url=https:\/\/radiorevelacionfm.cl\/?p=60230' aria-hidden='false' data-av_icon='\ue8fc' data-av_iconfont='entypo-fontello' title='' data-avia-related-tooltip='Compartir en LinkedIn' rel=\"noopener\"><span class='avia_hidden_link_text'>Compartir en LinkedIn<\/span><\/a><\/li><li class='av-share-link av-social-link-mail' ><a  aria-label=\"Compartir por correo\" href='mailto:?subject=PDI%20y%20Fiscal%C3%ADa%20investigan%20hallazgo%20de%20osamentas%20humanas%20en%20vivienda%20de%20Puerto%20Ays%C3%A9n&#038;body=https:\/\/radiorevelacionfm.cl\/?p=60230' aria-hidden='false' data-av_icon='\ue805' data-av_iconfont='entypo-fontello' title='' data-avia-related-tooltip='Compartir por correo'><span class='avia_hidden_link_text'>Compartir por correo<\/span><\/a><\/li><\/ul><\/div><\/div>\n<div  style='height:50px' class='hr hr-invisible   avia-builder-el-8  el_after_av_social_share  el_before_av_comments_list '><span class='hr-inner ' ><span class='hr-inner-style'><\/span><\/span><\/div>\n<div  class='av-buildercomment  av-blog-meta-html-info-disabled av-blog-meta-tag-disabled  '><\/div>\n","protected":false},"excerpt":{"rendered":"","protected":false},"author":1,"featured_media":60231,"comment_status":"closed","ping_status":"closed","sticky":false,"template":"","format":"standard","meta":{"footnotes":""},"categories":[36],"tags":[],"class_list":["post-60230","post","type-post","status-publish","format-standard","has-post-thumbnail","hentry","category-policial"],"jetpack_featured_media_url":"https:\/\/radiorevelacionfm.cl\/wp-content\/uploads\/2025\/10\/whatsapp-image-2025-10-11-at-4_optimized.15.26-pm-1-1-1.jpeg","_links":{"self":[{"href":"https:\/\/radiorevelacionfm.cl\/index.php?rest_route=\/wp\/v2\/posts\/60230","targetHints":{"allow":["GET"]}}],"collection":[{"href":"https:\/\/radiorevelacionfm.cl\/index.php?rest_route=\/wp\/v2\/posts"}],"about":[{"href":"https:\/\/radiorevelacionfm.cl\/index.php?rest_route=\/wp\/v2\/types\/post"}],"author":[{"embeddable":true,"href":"https:\/\/radiorevelacionfm.cl\/index.php?rest_route=\/wp\/v2\/users\/1"}],"replies":[{"embeddable":true,"href":"https:\/\/radiorevelacionfm.cl\/index.php?rest_route=%2Fwp%2Fv2%2Fcomments&post=60230"}],"version-history":[{"count":2,"href":"https:\/\/radiorevelacionfm.cl\/index.php?rest_route=\/wp\/v2\/posts\/60230\/revisions"}],"predecessor-version":[{"id":60234,"href":"https:\/\/radiorevelacionfm.cl\/index.php?rest_route=\/wp\/v2\/posts\/60230\/revisions\/60234"}],"wp:featuredmedia":[{"embeddable":true,"href":"https:\/\/radiorevelacionfm.cl\/index.php?rest_route=\/wp\/v2\/media\/60231"}],"wp:attachment":[{"href":"https:\/\/radiorevelacionfm.cl\/index.php?rest_route=%2Fwp%2Fv2%2Fmedia&parent=60230"}],"wp:term":[{"taxonomy":"category","embeddable":true,"href":"https:\/\/radiorevelacionfm.cl\/index.php?rest_route=%2Fwp%2Fv2%2Fcategories&post=60230"},{"taxonomy":"post_tag","embeddable":true,"href":"https:\/\/radiorevelacionfm.cl\/index.php?rest_route=%2Fwp%2Fv2%2Ftags&post=60230"}],"curies":[{"name":"wp","href":"https:\/\/api.w.org\/{rel}","templated":true}]}}