{"id":60222,"date":"2025-10-11T19:17:12","date_gmt":"2025-10-11T22:17:12","guid":{"rendered":"https:\/\/radiorevelacionfm.cl\/?p=60222"},"modified":"2025-10-11T19:17:12","modified_gmt":"2025-10-11T22:17:12","slug":"mas-de-mil-millones-aprobados-para-fortalecer-infraestructura-deportiva-y-educativa-en-puerto-rio-tranquilo-y-puerto-ibanez","status":"publish","type":"post","link":"https:\/\/radiorevelacionfm.cl\/?p=60222","title":{"rendered":"\u00a1M\u00e1s de mil millones aprobados para fortalecer infraestructura deportiva y educativa en Puerto R\u00edo Tranquilo y Puerto Iba\u00f1ez!"},"content":{"rendered":"<div class=\"flex_column av_one_full  flex_column_div av-zero-column-padding first  avia-builder-el-0  el_before_av_one_full  avia-builder-el-first  \" style='border-radius:0px; '><div  class='avia-image-container  av-styling-    avia-builder-el-1  avia-builder-el-no-sibling  avia-align-center '  itemprop=\"image\" itemscope=\"itemscope\" itemtype=\"https:\/\/schema.org\/ImageObject\"  ><div class='avia-image-container-inner'><div class='avia-image-overlay-wrap'><img decoding=\"async\" class='wp-image-46033 avia-img-lazy-loading-not-46033 avia_image' src=\"https:\/\/radiorevelacionfm.cl\/wp-content\/uploads\/2024\/09\/puerto-tranquilo-1_optimized-2-1.jpg\" alt='' title='puerto-tranquilo-(1)_optimized (2) (1)' height=\"600\" width=\"1011\"  itemprop=\"thumbnailUrl\" srcset=\"https:\/\/radiorevelacionfm.cl\/wp-content\/uploads\/2024\/09\/puerto-tranquilo-1_optimized-2-1.jpg 1011w, https:\/\/radiorevelacionfm.cl\/wp-content\/uploads\/2024\/09\/puerto-tranquilo-1_optimized-2-1-300x178.jpg 300w, https:\/\/radiorevelacionfm.cl\/wp-content\/uploads\/2024\/09\/puerto-tranquilo-1_optimized-2-1-768x456.jpg 768w, https:\/\/radiorevelacionfm.cl\/wp-content\/uploads\/2024\/09\/puerto-tranquilo-1_optimized-2-1-705x418.jpg 705w, https:\/\/radiorevelacionfm.cl\/wp-content\/uploads\/2024\/09\/puerto-tranquilo-1_optimized-2-1-450x267.jpg 450w, https:\/\/radiorevelacionfm.cl\/wp-content\/uploads\/2024\/09\/puerto-tranquilo-1_optimized-2-1-600x356.jpg 600w\" sizes=\"(max-width: 1011px) 100vw, 1011px\" \/><\/div><\/div><\/div><\/div><div class=\"flex_column av_one_full  flex_column_div av-zero-column-padding first  avia-builder-el-2  el_after_av_one_full  el_before_av_one_full  column-top-margin\" style='border-radius:0px; '><section class=\"av_textblock_section \"  itemscope=\"itemscope\" itemtype=\"https:\/\/schema.org\/BlogPosting\" itemprop=\"blogPost\" ><div class='avia_textblock  '   itemprop=\"text\" ><p style=\"text-align: center;\"><strong><span style=\"font-size: 18pt;\">\u00a1M\u00e1s de mil millones aprobados para fortalecer infraestructura deportiva y educativa en Puerto R\u00edo Tranquilo y Puerto Iba\u00f1ez!<\/span><\/strong><\/p>\n<div id=\"gtx-trans\" style=\"position: absolute; left: -50px; top: 4.31534px;\">\n<div class=\"gtx-trans-icon\"><\/div>\n<\/div>\n<\/div><\/section><\/div><\/p>\n<div class=\"flex_column av_one_full  flex_column_div av-zero-column-padding first  avia-builder-el-4  el_after_av_one_full  el_before_av_hr  column-top-margin\" style='border-radius:0px; '><section class=\"av_textblock_section \"  itemscope=\"itemscope\" itemtype=\"https:\/\/schema.org\/BlogPosting\" itemprop=\"blogPost\" ><div class='avia_textblock  '   itemprop=\"text\" ><p style=\"text-align: justify;\">Desde el Gobierno Regional de Ays\u00e9n y su Consejo, hemos recibido una excelente noticia: la aprobaci\u00f3n de dos importantes proyectos que impulsar\u00e1n el desarrollo educativo, deportivo y comunitario de nuestra comuna, por un monto total de inversi\u00f3n de 1.007 millones de pesos.<\/p>\n<p style=\"text-align: justify;\">En primer lugar, se aprob\u00f3 un financiamiento de 900 millones de pesos para la conservaci\u00f3n y mejoramiento del Gimnasio de Puerto R\u00edo Tranquilo, lo que permitir\u00e1 entregar instalaciones m\u00e1s confortables y de primer nivel para la pr\u00e1ctica de diversas disciplinas deportivas.<\/p>\n<p style=\"text-align: justify;\">Adem\u00e1s, se aprob\u00f3 un suplemento de 107 millones de pesos para el proyecto de conservaci\u00f3n de la Escuela Aonikenk, que contempla la instalaci\u00f3n de calefacci\u00f3n alternativa a pellet, as\u00ed como la conservaci\u00f3n de la le\u00f1era y la sala PIE, mejorando las condiciones para toda la comunidad educativa.<\/p>\n<p style=\"text-align: justify;\">A trav\u00e9s de nuestro alcalde Marcelo J\u00e9lvez C\u00e1rdenas, destacamos el gran trabajo de nuestros equipos municipales, en especial de la Direcci\u00f3n de Secpla y la Direcci\u00f3n de Obras Municipales, profesionales que con compromiso y dedicaci\u00f3n han permitido que sigamos avanzando con m\u00e1s y mejor infraestructura para nuestras comunidades.<\/p>\n<\/div><\/section><\/div>\n<div  style='height:50px' class='hr hr-invisible   avia-builder-el-6  el_after_av_one_full  el_before_av_social_share '><span class='hr-inner ' ><span class='hr-inner-style'><\/span><\/span><\/div>\n<div  class='av-social-sharing-box  avia-builder-el-7  el_after_av_hr  el_before_av_hr  '><div class='av-share-box'><h5 class='av-share-link-description av-no-toc '>Compartir esta noticia<\/h5><ul class='av-share-box-list noLightbox'><li class='av-share-link av-social-link-facebook' ><a target=\"_blank\" aria-label=\"Compartir en Facebook\" href='https:\/\/www.facebook.com\/sharer.php?u=https:\/\/radiorevelacionfm.cl\/?p=60222&#038;t=%C2%A1M%C3%A1s%20de%20mil%20millones%20aprobados%20para%20fortalecer%20infraestructura%20deportiva%20y%20educativa%20en%20Puerto%20R%C3%ADo%20Tranquilo%20y%20Puerto%20Iba%C3%B1ez%21' aria-hidden='false' data-av_icon='\ue8f3' data-av_iconfont='entypo-fontello' title='' data-avia-related-tooltip='Compartir en Facebook' rel=\"noopener\"><span class='avia_hidden_link_text'>Compartir en Facebook<\/span><\/a><\/li><li class='av-share-link av-social-link-twitter' ><a target=\"_blank\" aria-label=\"Compartir en Twitter\" href='https:\/\/twitter.com\/share?text=%C2%A1M%C3%A1s%20de%20mil%20millones%20aprobados%20para%20fortalecer%20infraestructura%20deportiva%20y%20educativa%20en%20Puerto%20R%C3%ADo%20Tranquilo%20y%20Puerto%20Iba%C3%B1ez%21&#038;url=https:\/\/radiorevelacionfm.cl\/?p=60222' aria-hidden='false' data-av_icon='\ue8f1' data-av_iconfont='entypo-fontello' title='' data-avia-related-tooltip='Compartir en Twitter' rel=\"noopener\"><span class='avia_hidden_link_text'>Compartir en Twitter<\/span><\/a><\/li><li class='av-share-link av-social-link-whatsapp' ><a target=\"_blank\" aria-label=\"Compartir en Whatsapp\" href='https:\/\/api.whatsapp.com\/send?text=https:\/\/radiorevelacionfm.cl\/?p=60222' aria-hidden='false' data-av_icon='\uf232' data-av_iconfont='entypo-fontello' title='' data-avia-related-tooltip='Compartir en Whatsapp' rel=\"noopener\"><span class='avia_hidden_link_text'>Compartir en Whatsapp<\/span><\/a><\/li><li class='av-share-link av-social-link-linkedin' ><a target=\"_blank\" aria-label=\"Compartir en LinkedIn\" href='https:\/\/linkedin.com\/shareArticle?mini=true&#038;title=%C2%A1M%C3%A1s%20de%20mil%20millones%20aprobados%20para%20fortalecer%20infraestructura%20deportiva%20y%20educativa%20en%20Puerto%20R%C3%ADo%20Tranquilo%20y%20Puerto%20Iba%C3%B1ez%21&#038;url=https:\/\/radiorevelacionfm.cl\/?p=60222' aria-hidden='false' data-av_icon='\ue8fc' data-av_iconfont='entypo-fontello' title='' data-avia-related-tooltip='Compartir en LinkedIn' rel=\"noopener\"><span class='avia_hidden_link_text'>Compartir en LinkedIn<\/span><\/a><\/li><li class='av-share-link av-social-link-mail' ><a  aria-label=\"Compartir por correo\" href='mailto:?subject=%C2%A1M%C3%A1s%20de%20mil%20millones%20aprobados%20para%20fortalecer%20infraestructura%20deportiva%20y%20educativa%20en%20Puerto%20R%C3%ADo%20Tranquilo%20y%20Puerto%20Iba%C3%B1ez%21&#038;body=https:\/\/radiorevelacionfm.cl\/?p=60222' aria-hidden='false' data-av_icon='\ue805' data-av_iconfont='entypo-fontello' title='' data-avia-related-tooltip='Compartir por correo'><span class='avia_hidden_link_text'>Compartir por correo<\/span><\/a><\/li><\/ul><\/div><\/div>\n<div  style='height:50px' class='hr hr-invisible   avia-builder-el-8  el_after_av_social_share  el_before_av_comments_list '><span class='hr-inner ' ><span class='hr-inner-style'><\/span><\/span><\/div>\n<div  class='av-buildercomment  av-blog-meta-html-info-disabled av-blog-meta-tag-disabled  '><\/div>\n","protected":false},"excerpt":{"rendered":"","protected":false},"author":1,"featured_media":46033,"comment_status":"closed","ping_status":"closed","sticky":false,"template":"","format":"standard","meta":{"footnotes":""},"categories":[38],"tags":[],"class_list":["post-60222","post","type-post","status-publish","format-standard","has-post-thumbnail","hentry","category-regional"],"jetpack_featured_media_url":"https:\/\/radiorevelacionfm.cl\/wp-content\/uploads\/2024\/09\/puerto-tranquilo-1_optimized-2-1.jpg","_links":{"self":[{"href":"https:\/\/radiorevelacionfm.cl\/index.php?rest_route=\/wp\/v2\/posts\/60222","targetHints":{"allow":["GET"]}}],"collection":[{"href":"https:\/\/radiorevelacionfm.cl\/index.php?rest_route=\/wp\/v2\/posts"}],"about":[{"href":"https:\/\/radiorevelacionfm.cl\/index.php?rest_route=\/wp\/v2\/types\/post"}],"author":[{"embeddable":true,"href":"https:\/\/radiorevelacionfm.cl\/index.php?rest_route=\/wp\/v2\/users\/1"}],"replies":[{"embeddable":true,"href":"https:\/\/radiorevelacionfm.cl\/index.php?rest_route=%2Fwp%2Fv2%2Fcomments&post=60222"}],"version-history":[{"count":3,"href":"https:\/\/radiorevelacionfm.cl\/index.php?rest_route=\/wp\/v2\/posts\/60222\/revisions"}],"predecessor-version":[{"id":60236,"href":"https:\/\/radiorevelacionfm.cl\/index.php?rest_route=\/wp\/v2\/posts\/60222\/revisions\/60236"}],"wp:featuredmedia":[{"embeddable":true,"href":"https:\/\/radiorevelacionfm.cl\/index.php?rest_route=\/wp\/v2\/media\/46033"}],"wp:attachment":[{"href":"https:\/\/radiorevelacionfm.cl\/index.php?rest_route=%2Fwp%2Fv2%2Fmedia&parent=60222"}],"wp:term":[{"taxonomy":"category","embeddable":true,"href":"https:\/\/radiorevelacionfm.cl\/index.php?rest_route=%2Fwp%2Fv2%2Fcategories&post=60222"},{"taxonomy":"post_tag","embeddable":true,"href":"https:\/\/radiorevelacionfm.cl\/index.php?rest_route=%2Fwp%2Fv2%2Ftags&post=60222"}],"curies":[{"name":"wp","href":"https:\/\/api.w.org\/{rel}","templated":true}]}}