{"id":60212,"date":"2025-10-11T12:56:06","date_gmt":"2025-10-11T15:56:06","guid":{"rendered":"https:\/\/radiorevelacionfm.cl\/?p=60212"},"modified":"2025-10-11T12:56:06","modified_gmt":"2025-10-11T15:56:06","slug":"seremi-de-justicia-y-ddhh-destaca-aprobacion-del-proyecto-que-crea-el-registro-de-personas-ausentes-por-desaparicion-forzada","status":"publish","type":"post","link":"https:\/\/radiorevelacionfm.cl\/?p=60212","title":{"rendered":"Seremi de Justicia y DDHH destaca aprobaci\u00f3n del proyecto que crea el Registro de Personas Ausentes por Desaparici\u00f3n Forzada"},"content":{"rendered":"<div class=\"flex_column av_one_full  flex_column_div av-zero-column-padding first  avia-builder-el-0  el_before_av_one_full  avia-builder-el-first  \" style='border-radius:0px; '><div  class='avia-image-container  av-styling-    avia-builder-el-1  avia-builder-el-no-sibling  avia-align-center '  itemprop=\"image\" itemscope=\"itemscope\" itemtype=\"https:\/\/schema.org\/ImageObject\"  ><div class='avia-image-container-inner'><div class='avia-image-overlay-wrap'><img decoding=\"async\" class='wp-image-60213 avia-img-lazy-loading-not-60213 avia_image' src=\"https:\/\/radiorevelacionfm.cl\/wp-content\/uploads\/2025\/10\/seremi-1-1_optimized.jpg\" alt='' title='seremi-1-(1)_optimized' height=\"600\" width=\"800\"  itemprop=\"thumbnailUrl\" srcset=\"https:\/\/radiorevelacionfm.cl\/wp-content\/uploads\/2025\/10\/seremi-1-1_optimized.jpg 800w, https:\/\/radiorevelacionfm.cl\/wp-content\/uploads\/2025\/10\/seremi-1-1_optimized-300x225.jpg 300w, https:\/\/radiorevelacionfm.cl\/wp-content\/uploads\/2025\/10\/seremi-1-1_optimized-768x576.jpg 768w, https:\/\/radiorevelacionfm.cl\/wp-content\/uploads\/2025\/10\/seremi-1-1_optimized-705x529.jpg 705w, https:\/\/radiorevelacionfm.cl\/wp-content\/uploads\/2025\/10\/seremi-1-1_optimized-450x338.jpg 450w, https:\/\/radiorevelacionfm.cl\/wp-content\/uploads\/2025\/10\/seremi-1-1_optimized-600x450.jpg 600w\" sizes=\"(max-width: 800px) 100vw, 800px\" \/><\/div><\/div><\/div><\/div><div class=\"flex_column av_one_full  flex_column_div av-zero-column-padding first  avia-builder-el-2  el_after_av_one_full  el_before_av_one_full  column-top-margin\" style='border-radius:0px; '><section class=\"av_textblock_section \"  itemscope=\"itemscope\" itemtype=\"https:\/\/schema.org\/BlogPosting\" itemprop=\"blogPost\" ><div class='avia_textblock  '   itemprop=\"text\" ><p style=\"text-align: center;\"><strong><span style=\"font-size: 18pt;\">Seremi de Justicia y DDHH destaca aprobaci\u00f3n del proyecto que crea el Registro de Personas Ausentes por Desaparici\u00f3n Forzada<\/span><\/strong><\/p>\n<div id=\"gtx-trans\" style=\"position: absolute; left: -50px; top: 4.31534px;\">\n<div class=\"gtx-trans-icon\"><\/div>\n<\/div>\n<\/div><\/section><\/div><div class=\"flex_column av_one_full  flex_column_div av-zero-column-padding first  avia-builder-el-4  el_after_av_one_full  el_before_av_hr  column-top-margin\" style='border-radius:0px; '><section class=\"av_textblock_section \"  itemscope=\"itemscope\" itemtype=\"https:\/\/schema.org\/BlogPosting\" itemprop=\"blogPost\" ><div class='avia_textblock  '   itemprop=\"text\" ><p style=\"text-align: justify;\">Recientemente, la Sala de la C\u00e1mara de Diputadas y Diputados aprob\u00f3 en tercer tr\u00e1mite, la ley que crea el Registro de Personas Ausentes por Desaparici\u00f3n Forzada, iniciativa que es parte de las acciones impulsadas por el gobierno en el marco del Plan Nacional de B\u00fasqueda de Verdad y Justicia.<\/p>\n<p style=\"text-align: justify;\">Cabe mencionar que dicha iniciativa fue presentada en 2022 por diputadas y diputados de diversos sectores, y establece la calificaci\u00f3n legal de v\u00edctimas de desaparici\u00f3n forzada durante la dictadura de 1973 a 1990, lo que permitir\u00e1 al Estado reconocer oficialmente su ausencia, otorgar certificados gratuitos que acrediten dicha condici\u00f3n y brindar una herramienta de reparaci\u00f3n simb\u00f3lica clave para las familias.<\/p>\n<p style=\"text-align: justify;\">El seremi de Justicia y Derechos Humanos Samuel Navarro Castro destac\u00f3 este proyecto se\u00f1alando que \u201cefectivamente fue aprobada y despachada por el congreso nacional la ley que crea el registro de personas ausentes por desaparici\u00f3n forzada, luego de este impulso que da el Congreso Nacional se van a poder implementar medidas que van a permitir crear un registro p\u00fablico, gratuito y digital a cargo del Registro Civil y sobre la base de la n\u00f3mina elaborada por la Subsecretar\u00eda de Derechos Humanos en el contexto del Plan Nacional de B\u00fasqueda incorporando todos los antecedentes provenientes de las comisiones de verdad y por supuesto las sentencias judiciales que determinan la calificaci\u00f3n en su caso de desaparici\u00f3n forzada, esto va a permitir una suerte de reparaci\u00f3n tambi\u00e9n a las v\u00edctimas y los familiares de los detenidos, toda vez que van a poder contar con un documento, con un certificado oficial que se\u00f1ale que su familiar se encuentran ausentes por concepto de desaparici\u00f3n forzada, y es un paso en la direcci\u00f3n de evitar que estos hechos vuelvan a ocurrir como ocurrieron durante la dictadura civil- militar, es una forma de reparaci\u00f3n que reconoce este derecho a los familiares, las v\u00edctimas que en algunas ocasiones o tr\u00e1mites se encontraban con esta situaci\u00f3n que aparec\u00eda, en virtud que no hab\u00eda un documento o una decisi\u00f3n estaban para todos los efectos legales se consideraban algunas actuaciones como personas vivas, ya con este registro van a poder tener la calidad de ausente por desaparici\u00f3n forzada, lo que de alguna forma va a mitigar el dolor que sienten los familiares en diversas actividades particulares y en las gestiones que tengan que hacer ante una instituci\u00f3n p\u00fablica o privada\u201d.<\/p>\n<p style=\"text-align: justify;\">Finalmente, cabe se\u00f1alar que la sesi\u00f3n cont\u00f3 con la presencia de representantes de las agrupaciones y familiares de detenidos desaparecidos, quienes valoraron la aprobaci\u00f3n de la iniciativa.<\/p>\n<\/div><\/section><\/div><div  style='height:50px' class='hr hr-invisible   avia-builder-el-6  el_after_av_one_full  el_before_av_social_share '><span class='hr-inner ' ><span class='hr-inner-style'><\/span><\/span><\/div><\/p>\n<div  class='av-social-sharing-box  avia-builder-el-7  el_after_av_hr  el_before_av_hr  '><div class='av-share-box'><h5 class='av-share-link-description av-no-toc '>Compartir esta noticia<\/h5><ul class='av-share-box-list noLightbox'><li class='av-share-link av-social-link-facebook' ><a target=\"_blank\" aria-label=\"Compartir en Facebook\" href='https:\/\/www.facebook.com\/sharer.php?u=https:\/\/radiorevelacionfm.cl\/?p=60212&#038;t=Seremi%20de%20Justicia%20y%20DDHH%20destaca%20aprobaci%C3%B3n%20del%20proyecto%20que%20crea%20el%20Registro%20de%20Personas%20Ausentes%20por%20Desaparici%C3%B3n%20Forzada' aria-hidden='false' data-av_icon='\ue8f3' data-av_iconfont='entypo-fontello' title='' data-avia-related-tooltip='Compartir en Facebook' rel=\"noopener\"><span class='avia_hidden_link_text'>Compartir en Facebook<\/span><\/a><\/li><li class='av-share-link av-social-link-twitter' ><a target=\"_blank\" aria-label=\"Compartir en Twitter\" href='https:\/\/twitter.com\/share?text=Seremi%20de%20Justicia%20y%20DDHH%20destaca%20aprobaci%C3%B3n%20del%20proyecto%20que%20crea%20el%20Registro%20de%20Personas%20Ausentes%20por%20Desaparici%C3%B3n%20Forzada&#038;url=https:\/\/radiorevelacionfm.cl\/?p=60212' aria-hidden='false' data-av_icon='\ue8f1' data-av_iconfont='entypo-fontello' title='' data-avia-related-tooltip='Compartir en Twitter' rel=\"noopener\"><span class='avia_hidden_link_text'>Compartir en Twitter<\/span><\/a><\/li><li class='av-share-link av-social-link-whatsapp' ><a target=\"_blank\" aria-label=\"Compartir en Whatsapp\" href='https:\/\/api.whatsapp.com\/send?text=https:\/\/radiorevelacionfm.cl\/?p=60212' aria-hidden='false' data-av_icon='\uf232' data-av_iconfont='entypo-fontello' title='' data-avia-related-tooltip='Compartir en Whatsapp' rel=\"noopener\"><span class='avia_hidden_link_text'>Compartir en Whatsapp<\/span><\/a><\/li><li class='av-share-link av-social-link-linkedin' ><a target=\"_blank\" aria-label=\"Compartir en LinkedIn\" href='https:\/\/linkedin.com\/shareArticle?mini=true&#038;title=Seremi%20de%20Justicia%20y%20DDHH%20destaca%20aprobaci%C3%B3n%20del%20proyecto%20que%20crea%20el%20Registro%20de%20Personas%20Ausentes%20por%20Desaparici%C3%B3n%20Forzada&#038;url=https:\/\/radiorevelacionfm.cl\/?p=60212' aria-hidden='false' data-av_icon='\ue8fc' data-av_iconfont='entypo-fontello' title='' data-avia-related-tooltip='Compartir en LinkedIn' rel=\"noopener\"><span class='avia_hidden_link_text'>Compartir en LinkedIn<\/span><\/a><\/li><li class='av-share-link av-social-link-mail' ><a  aria-label=\"Compartir por correo\" href='mailto:?subject=Seremi%20de%20Justicia%20y%20DDHH%20destaca%20aprobaci%C3%B3n%20del%20proyecto%20que%20crea%20el%20Registro%20de%20Personas%20Ausentes%20por%20Desaparici%C3%B3n%20Forzada&#038;body=https:\/\/radiorevelacionfm.cl\/?p=60212' aria-hidden='false' data-av_icon='\ue805' data-av_iconfont='entypo-fontello' title='' data-avia-related-tooltip='Compartir por correo'><span class='avia_hidden_link_text'>Compartir por correo<\/span><\/a><\/li><\/ul><\/div><\/div>\n<div  style='height:50px' class='hr hr-invisible   avia-builder-el-8  el_after_av_social_share  el_before_av_comments_list '><span class='hr-inner ' ><span class='hr-inner-style'><\/span><\/span><\/div>\n<div  class='av-buildercomment  av-blog-meta-html-info-disabled av-blog-meta-tag-disabled  '><\/div>\n","protected":false},"excerpt":{"rendered":"","protected":false},"author":1,"featured_media":60213,"comment_status":"closed","ping_status":"closed","sticky":false,"template":"","format":"standard","meta":{"footnotes":""},"categories":[55],"tags":[],"class_list":["post-60212","post","type-post","status-publish","format-standard","has-post-thumbnail","hentry","category-justicia"],"jetpack_featured_media_url":"https:\/\/radiorevelacionfm.cl\/wp-content\/uploads\/2025\/10\/seremi-1-1_optimized.jpg","_links":{"self":[{"href":"https:\/\/radiorevelacionfm.cl\/index.php?rest_route=\/wp\/v2\/posts\/60212","targetHints":{"allow":["GET"]}}],"collection":[{"href":"https:\/\/radiorevelacionfm.cl\/index.php?rest_route=\/wp\/v2\/posts"}],"about":[{"href":"https:\/\/radiorevelacionfm.cl\/index.php?rest_route=\/wp\/v2\/types\/post"}],"author":[{"embeddable":true,"href":"https:\/\/radiorevelacionfm.cl\/index.php?rest_route=\/wp\/v2\/users\/1"}],"replies":[{"embeddable":true,"href":"https:\/\/radiorevelacionfm.cl\/index.php?rest_route=%2Fwp%2Fv2%2Fcomments&post=60212"}],"version-history":[{"count":2,"href":"https:\/\/radiorevelacionfm.cl\/index.php?rest_route=\/wp\/v2\/posts\/60212\/revisions"}],"predecessor-version":[{"id":60228,"href":"https:\/\/radiorevelacionfm.cl\/index.php?rest_route=\/wp\/v2\/posts\/60212\/revisions\/60228"}],"wp:featuredmedia":[{"embeddable":true,"href":"https:\/\/radiorevelacionfm.cl\/index.php?rest_route=\/wp\/v2\/media\/60213"}],"wp:attachment":[{"href":"https:\/\/radiorevelacionfm.cl\/index.php?rest_route=%2Fwp%2Fv2%2Fmedia&parent=60212"}],"wp:term":[{"taxonomy":"category","embeddable":true,"href":"https:\/\/radiorevelacionfm.cl\/index.php?rest_route=%2Fwp%2Fv2%2Fcategories&post=60212"},{"taxonomy":"post_tag","embeddable":true,"href":"https:\/\/radiorevelacionfm.cl\/index.php?rest_route=%2Fwp%2Fv2%2Ftags&post=60212"}],"curies":[{"name":"wp","href":"https:\/\/api.w.org\/{rel}","templated":true}]}}