{"id":6021,"date":"2021-07-07T15:00:32","date_gmt":"2021-07-07T18:00:32","guid":{"rendered":"https:\/\/radiorevelacionfm.cl\/?p=6021"},"modified":"2021-07-07T15:06:45","modified_gmt":"2021-07-07T18:06:45","slug":"anuncian-suspension-de-juegos-binacionales-de-la-araucania-en-su-edicion-2021","status":"publish","type":"post","link":"https:\/\/radiorevelacionfm.cl\/?p=6021","title":{"rendered":"Anuncian suspensi\u00f3n de Juegos Binacionales de La Araucan\u00eda en su edici\u00f3n 2021"},"content":{"rendered":"<div class=\"flex_column av_one_full  flex_column_div av-zero-column-padding first  avia-builder-el-0  el_before_av_one_full  avia-builder-el-first  \" style='border-radius:0px; '><div  class='avia-image-container  av-styling-    avia-builder-el-1  avia-builder-el-no-sibling  avia-align-center '  itemprop=\"image\" itemscope=\"itemscope\" itemtype=\"https:\/\/schema.org\/ImageObject\"  ><div class='avia-image-container-inner'><div class='avia-image-overlay-wrap'><img decoding=\"async\" class='wp-image-6024 avia-img-lazy-loading-not-6024 avia_image' src=\"https:\/\/radiorevelacionfm.cl\/wp-content\/uploads\/2021\/07\/8-9-1.jpg\" alt='' title='8 (9) (1)' height=\"600\" width=\"799\"  itemprop=\"thumbnailUrl\" srcset=\"https:\/\/radiorevelacionfm.cl\/wp-content\/uploads\/2021\/07\/8-9-1.jpg 799w, https:\/\/radiorevelacionfm.cl\/wp-content\/uploads\/2021\/07\/8-9-1-300x225.jpg 300w, https:\/\/radiorevelacionfm.cl\/wp-content\/uploads\/2021\/07\/8-9-1-768x577.jpg 768w, https:\/\/radiorevelacionfm.cl\/wp-content\/uploads\/2021\/07\/8-9-1-705x529.jpg 705w, https:\/\/radiorevelacionfm.cl\/wp-content\/uploads\/2021\/07\/8-9-1-600x451.jpg 600w\" sizes=\"(max-width: 799px) 100vw, 799px\" \/><\/div><\/div><\/div><\/div><div class=\"flex_column av_one_full  flex_column_div av-zero-column-padding first  avia-builder-el-2  el_after_av_one_full  el_before_av_one_full  column-top-margin\" style='border-radius:0px; '><section class=\"av_textblock_section \"  itemscope=\"itemscope\" itemtype=\"https:\/\/schema.org\/BlogPosting\" itemprop=\"blogPost\" ><div class='avia_textblock  '   itemprop=\"text\" ><p style=\"text-align: center;\"><strong><span style=\"font-size: 18pt;\">Anuncian suspensi\u00f3n de Juegos Binacionales de La Araucan\u00eda en su edici\u00f3n 2021<\/span><\/strong><\/p>\n<div id=\"gtx-trans\" style=\"position: absolute; left: -50px; top: 4.31534px;\">\n<div class=\"gtx-trans-icon\"><\/div>\n<\/div>\n<\/div><\/section><\/div><\/p>\n<div class=\"flex_column av_one_full  flex_column_div av-zero-column-padding first  avia-builder-el-4  el_after_av_one_full  el_before_av_hr  column-top-margin\" style='border-radius:0px; '><section class=\"av_textblock_section \"  itemscope=\"itemscope\" itemtype=\"https:\/\/schema.org\/BlogPosting\" itemprop=\"blogPost\" ><div class='avia_textblock  '   itemprop=\"text\" ><div>\n<p class=\"v1MsoNormal\" style=\"text-align: justify;\">En sesi\u00f3n extraordinaria del Consejo General de los Juegos Binacionales de La Araucan\u00eda efectuada el d\u00eda 5 de julio del presente a\u00f1o, los integrantes de la asamblea respaldaron la decisi\u00f3n por unanimidad.<\/p>\n<p class=\"v1MsoNormal\" style=\"text-align: justify;\">As\u00ed lo dio a conocer a trav\u00e9s de un comunicado, Jos\u00e9 Manuel Sep\u00falveda Presidente del Consejo Ejecutivo de los Juegos Binacionales de La Araucan\u00eda, donde se destaca que \u00abla determinaci\u00f3n se tom\u00f3 debido a la situaci\u00f3n sanitaria que contin\u00faa afectando a nuestro continente y el riesgo que implica un evento de esta envergadura en el actual escenario\u00bb.<\/p>\n<p class=\"v1MsoNormal\" style=\"text-align: justify;\">Asimismo se inform\u00f3 que en los pr\u00f3ximos meses se reunir\u00e1n los representantes de ambos pa\u00edses, para definir los detalles de la versi\u00f3n 2022, de los Juegos Araucan\u00eda y Para Araucan\u00eda, los que contar\u00e1n con todos los protocolos que garanticen un evento seguro para todas las delegaciones.<\/p>\n<p class=\"v1MsoNormal\" style=\"text-align: justify;\">Consultado sobre esta decisi\u00f3n el Seremi del Deporte Rodrigo Cubila Retamal se\u00f1al\u00f3 \u00abesta pandemia ha sido muy dif\u00edcil para todos y el deporte no es la excepci\u00f3n, sabemos que nuestros deportistas regionales quieren volver a las competencias y para ello deben contar con las condiciones necesarias, por lo que como Ministerio del Deporte e IND estamos permanentemente trabajando junto a la autoridad de salud, adaptando y modificando los calendarios de actividades y competencias para resguardar la salud de nuestros deportistas\u00bb.<\/p>\n<p class=\"v1MsoNormal\" style=\"text-align: justify;\">Paralelamente, seg\u00fan detalla el comunicado \u00abse est\u00e1 trabajando, si la situaci\u00f3n sanitaria lo permite, en un encuentro deportivo entre las regiones chilenas del sur, actividad que se programar\u00eda para el \u00faltimo trimestre del a\u00f1o, respetando los aforos y protocolos sanitarios exigidos para actividades deportivas, seg\u00fan las indicaciones y si el plan paso a paso lo permite\u00bb.<\/p>\n<\/div>\n<div style=\"text-align: justify;\"><\/div>\n<\/div><\/section><\/div>\n<div  style='height:50px' class='hr hr-invisible   avia-builder-el-6  el_after_av_one_full  el_before_av_social_share '><span class='hr-inner ' ><span class='hr-inner-style'><\/span><\/span><\/div>\n<div  class='av-social-sharing-box  avia-builder-el-7  el_after_av_hr  el_before_av_hr  '><div class='av-share-box'><h5 class='av-share-link-description av-no-toc '>Compartir esta noticia<\/h5><ul class='av-share-box-list noLightbox'><li class='av-share-link av-social-link-facebook' ><a target=\"_blank\" aria-label=\"Compartir en Facebook\" href='https:\/\/www.facebook.com\/sharer.php?u=https:\/\/radiorevelacionfm.cl\/?p=6021&#038;t=Anuncian%20suspensi%C3%B3n%20de%20Juegos%20Binacionales%20de%20La%20Araucan%C3%ADa%20en%20su%20edici%C3%B3n%202021' aria-hidden='false' data-av_icon='\ue8f3' data-av_iconfont='entypo-fontello' title='' data-avia-related-tooltip='Compartir en Facebook' rel=\"noopener\"><span class='avia_hidden_link_text'>Compartir en Facebook<\/span><\/a><\/li><li class='av-share-link av-social-link-twitter' ><a target=\"_blank\" aria-label=\"Compartir en Twitter\" href='https:\/\/twitter.com\/share?text=Anuncian%20suspensi%C3%B3n%20de%20Juegos%20Binacionales%20de%20La%20Araucan%C3%ADa%20en%20su%20edici%C3%B3n%202021&#038;url=https:\/\/radiorevelacionfm.cl\/?p=6021' aria-hidden='false' data-av_icon='\ue8f1' data-av_iconfont='entypo-fontello' title='' data-avia-related-tooltip='Compartir en Twitter' rel=\"noopener\"><span class='avia_hidden_link_text'>Compartir en Twitter<\/span><\/a><\/li><li class='av-share-link av-social-link-whatsapp' ><a target=\"_blank\" aria-label=\"Compartir en Whatsapp\" href='https:\/\/api.whatsapp.com\/send?text=https:\/\/radiorevelacionfm.cl\/?p=6021' aria-hidden='false' data-av_icon='\uf232' data-av_iconfont='entypo-fontello' title='' data-avia-related-tooltip='Compartir en Whatsapp' rel=\"noopener\"><span class='avia_hidden_link_text'>Compartir en Whatsapp<\/span><\/a><\/li><li class='av-share-link av-social-link-linkedin' ><a target=\"_blank\" aria-label=\"Compartir en LinkedIn\" href='https:\/\/linkedin.com\/shareArticle?mini=true&#038;title=Anuncian%20suspensi%C3%B3n%20de%20Juegos%20Binacionales%20de%20La%20Araucan%C3%ADa%20en%20su%20edici%C3%B3n%202021&#038;url=https:\/\/radiorevelacionfm.cl\/?p=6021' aria-hidden='false' data-av_icon='\ue8fc' data-av_iconfont='entypo-fontello' title='' data-avia-related-tooltip='Compartir en LinkedIn' rel=\"noopener\"><span class='avia_hidden_link_text'>Compartir en LinkedIn<\/span><\/a><\/li><li class='av-share-link av-social-link-mail' ><a  aria-label=\"Compartir por correo\" href='mailto:?subject=Anuncian%20suspensi%C3%B3n%20de%20Juegos%20Binacionales%20de%20La%20Araucan%C3%ADa%20en%20su%20edici%C3%B3n%202021&#038;body=https:\/\/radiorevelacionfm.cl\/?p=6021' aria-hidden='false' data-av_icon='\ue805' data-av_iconfont='entypo-fontello' title='' data-avia-related-tooltip='Compartir por correo'><span class='avia_hidden_link_text'>Compartir por correo<\/span><\/a><\/li><\/ul><\/div><\/div>\n<div  style='height:50px' class='hr hr-invisible   avia-builder-el-8  el_after_av_social_share  el_before_av_comments_list '><span class='hr-inner ' ><span class='hr-inner-style'><\/span><\/span><\/div>\n<div  class='av-buildercomment  av-blog-meta-html-info-disabled av-blog-meta-tag-disabled  '><\/div>\n","protected":false},"excerpt":{"rendered":"","protected":false},"author":1,"featured_media":6024,"comment_status":"open","ping_status":"open","sticky":false,"template":"","format":"standard","meta":{"footnotes":""},"categories":[40],"tags":[],"class_list":["post-6021","post","type-post","status-publish","format-standard","has-post-thumbnail","hentry","category-deportes"],"jetpack_featured_media_url":"https:\/\/radiorevelacionfm.cl\/wp-content\/uploads\/2021\/07\/8-9-1.jpg","_links":{"self":[{"href":"https:\/\/radiorevelacionfm.cl\/index.php?rest_route=\/wp\/v2\/posts\/6021","targetHints":{"allow":["GET"]}}],"collection":[{"href":"https:\/\/radiorevelacionfm.cl\/index.php?rest_route=\/wp\/v2\/posts"}],"about":[{"href":"https:\/\/radiorevelacionfm.cl\/index.php?rest_route=\/wp\/v2\/types\/post"}],"author":[{"embeddable":true,"href":"https:\/\/radiorevelacionfm.cl\/index.php?rest_route=\/wp\/v2\/users\/1"}],"replies":[{"embeddable":true,"href":"https:\/\/radiorevelacionfm.cl\/index.php?rest_route=%2Fwp%2Fv2%2Fcomments&post=6021"}],"version-history":[{"count":3,"href":"https:\/\/radiorevelacionfm.cl\/index.php?rest_route=\/wp\/v2\/posts\/6021\/revisions"}],"predecessor-version":[{"id":6026,"href":"https:\/\/radiorevelacionfm.cl\/index.php?rest_route=\/wp\/v2\/posts\/6021\/revisions\/6026"}],"wp:featuredmedia":[{"embeddable":true,"href":"https:\/\/radiorevelacionfm.cl\/index.php?rest_route=\/wp\/v2\/media\/6024"}],"wp:attachment":[{"href":"https:\/\/radiorevelacionfm.cl\/index.php?rest_route=%2Fwp%2Fv2%2Fmedia&parent=6021"}],"wp:term":[{"taxonomy":"category","embeddable":true,"href":"https:\/\/radiorevelacionfm.cl\/index.php?rest_route=%2Fwp%2Fv2%2Fcategories&post=6021"},{"taxonomy":"post_tag","embeddable":true,"href":"https:\/\/radiorevelacionfm.cl\/index.php?rest_route=%2Fwp%2Fv2%2Ftags&post=6021"}],"curies":[{"name":"wp","href":"https:\/\/api.w.org\/{rel}","templated":true}]}}