{"id":60208,"date":"2025-10-10T22:13:33","date_gmt":"2025-10-11T01:13:33","guid":{"rendered":"https:\/\/radiorevelacionfm.cl\/?p=60208"},"modified":"2025-10-10T22:13:33","modified_gmt":"2025-10-11T01:13:33","slug":"seremi-paloma-jara-destaca-labor-de-vialidad-y-direcciones-del-mop-tras-sistema-frontal","status":"publish","type":"post","link":"https:\/\/radiorevelacionfm.cl\/?p=60208","title":{"rendered":"Seremi Paloma Jara destaca labor de vialidad y direcciones del MOP tras sistema frontal"},"content":{"rendered":"<div class=\"flex_column av_one_full  flex_column_div av-zero-column-padding first  avia-builder-el-0  el_before_av_one_full  avia-builder-el-first  \" style='border-radius:0px; '><div  class='avia-image-container  av-styling-    avia-builder-el-1  avia-builder-el-no-sibling  avia-align-center '  itemprop=\"image\" itemscope=\"itemscope\" itemtype=\"https:\/\/schema.org\/ImageObject\"  ><div class='avia-image-container-inner'><div class='avia-image-overlay-wrap'><img decoding=\"async\" class='wp-image-60209 avia-img-lazy-loading-not-60209 avia_image' src=\"https:\/\/radiorevelacionfm.cl\/wp-content\/uploads\/2025\/10\/img_9765-1_optimized-1_optimized.jpg\" alt='' title='img_9765-(1)_optimized-(1)_optimized' height=\"600\" width=\"900\"  itemprop=\"thumbnailUrl\" srcset=\"https:\/\/radiorevelacionfm.cl\/wp-content\/uploads\/2025\/10\/img_9765-1_optimized-1_optimized.jpg 900w, https:\/\/radiorevelacionfm.cl\/wp-content\/uploads\/2025\/10\/img_9765-1_optimized-1_optimized-300x200.jpg 300w, https:\/\/radiorevelacionfm.cl\/wp-content\/uploads\/2025\/10\/img_9765-1_optimized-1_optimized-768x512.jpg 768w, https:\/\/radiorevelacionfm.cl\/wp-content\/uploads\/2025\/10\/img_9765-1_optimized-1_optimized-705x470.jpg 705w, https:\/\/radiorevelacionfm.cl\/wp-content\/uploads\/2025\/10\/img_9765-1_optimized-1_optimized-450x300.jpg 450w, https:\/\/radiorevelacionfm.cl\/wp-content\/uploads\/2025\/10\/img_9765-1_optimized-1_optimized-600x400.jpg 600w\" sizes=\"(max-width: 900px) 100vw, 900px\" \/><\/div><\/div><\/div><\/div><div class=\"flex_column av_one_full  flex_column_div av-zero-column-padding first  avia-builder-el-2  el_after_av_one_full  el_before_av_one_full  column-top-margin\" style='border-radius:0px; '><section class=\"av_textblock_section \"  itemscope=\"itemscope\" itemtype=\"https:\/\/schema.org\/BlogPosting\" itemprop=\"blogPost\" ><div class='avia_textblock  '   itemprop=\"text\" ><p style=\"text-align: center;\"><strong><span style=\"font-size: 18pt;\">Seremi Paloma Jara destaca labor de vialidad y direcciones del MOP tras sistema frontal<\/span><\/strong><\/p>\n<div id=\"gtx-trans\" style=\"position: absolute; left: -50px; top: 4.31534px;\">\n<div class=\"gtx-trans-icon\"><\/div>\n<\/div>\n<\/div><\/section><\/div><div class=\"flex_column av_one_full  flex_column_div av-zero-column-padding first  avia-builder-el-4  el_after_av_one_full  el_before_av_hr  column-top-margin\" style='border-radius:0px; '><section class=\"av_textblock_section \"  itemscope=\"itemscope\" itemtype=\"https:\/\/schema.org\/BlogPosting\" itemprop=\"blogPost\" ><div class='avia_textblock  '   itemprop=\"text\" ><p style=\"text-align: justify;\">En medio de la conmemoraci\u00f3n de su aniversario institucional, los equipos de la Direcci\u00f3n de Vialidad del Ministerio de Obras P\u00fablicas de Ays\u00e9n debieron interrumpir sus actividades para responder a las m\u00faltiples emergencias provocadas por el intenso sistema frontal que afect\u00f3 a la regi\u00f3n durante los \u00faltimos d\u00edas.<\/p>\n<p style=\"text-align: justify;\">\u201cTodas nuestras direcciones se pusieron a disposici\u00f3n de los y las ayseninas en esta emergencia y esperamos que siga siendo as\u00ed en cada ocasi\u00f3n que se necesite\u201d, afirm\u00f3 la Secretaria Regional Ministerial Paloma Jara Vald\u00e9s, quien subray\u00f3 principalmente el trabajo de la Direcci\u00f3n de Vialidad.<\/p>\n<p style=\"text-align: justify;\">La autoridad regional de OO.PP. afirm\u00f3 que la direcci\u00f3n liderada por Renzo Sanders \u201ctuvo un rol predominante en la emergencia, ayudando a mantener la conectividad en nuestra regi\u00f3n. Es a trav\u00e9s tanto de nuestras empresas globales como de nuestra administraci\u00f3n directa, en especial nuestra provincial de Capit\u00e1n Prat, que logr\u00f3 en menos de cuatro d\u00edas recuperar la conectividad con las comunas de Villa O\u00b4Higgins y Tortel. Y bueno, nuestro empresa Global que ah\u00ed en el corte en Traihuanca, en la comuna R\u00edo Ib\u00e1\u00f1ez, logr\u00f3 restablecer la conectividad de ruta 7.<\/p>\n<p style=\"text-align: justify;\">El temporal gener\u00f3 cortes de camino, rodados y socavaciones en diversos puntos de la red vial, principalmente en la Ruta 7 Sur, donde personal de Vialidad \u2014tanto de la administraci\u00f3n directa como de empresas globales\u2014 trabaj\u00f3 intensamente para restablecer la conectividad en sectores como Traihuanca, Puente Vagabundo, Chacabuco, Balsa Pascua y Bah\u00eda Exploradores.<\/p>\n<p style=\"text-align: justify;\">En menos de cuatro d\u00edas, las cuadrillas de la Provincia de Capit\u00e1n Prat lograron restablecer el tr\u00e1nsito hacia las comunas de Villa O\u2019Higgins y Tortel, reflejando el compromiso y la vocaci\u00f3n p\u00fablica de los funcionarios y funcionarias de la repartici\u00f3n.<\/p>\n<p style=\"text-align: justify;\">La Direcci\u00f3n de Obras Hidr\u00e1ulicas (DOH) tambi\u00e9n tuvo una participaci\u00f3n clave durante el evento meteorol\u00f3gico, desplegando profesionales en terreno en Cochrane y R\u00edo Tranquilo para monitorear los caudales y coordinar maniobras que evitaran desbordes o da\u00f1os mayores. Adem\u00e1s, se mantuvo el seguimiento de los Sistemas de Servicios Sanitarios Rurales (SSR), que funcionaron sin afectaciones gracias a las medidas de prevenci\u00f3n implementadas por los comit\u00e9s locales.<\/p>\n<p style=\"text-align: justify;\">A su vez, la Direcci\u00f3n General de Aguas (DGA) mantuvo un monitoreo constante de los r\u00edos y estaciones hidrom\u00e9tricas de la regi\u00f3n, entregando informaci\u00f3n oportuna a los organismos de emergencia y autoridades comunales para apoyar la toma de decisiones durante la alerta.<\/p>\n<p style=\"text-align: justify;\">\u201cLa DOH tuvo presencia en terreno para enfrentar la salida de los r\u00edos y la DGA mantuvo un monitoreo constante de los caudales para informar a las instituciones que toman decisiones de evacuaci\u00f3n\u201d, remarc\u00f3 la Seremi Paloma Jara.<\/p>\n<\/div><\/section><\/div><div  style='height:50px' class='hr hr-invisible   avia-builder-el-6  el_after_av_one_full  el_before_av_social_share '><span class='hr-inner ' ><span class='hr-inner-style'><\/span><\/span><\/div><\/p>\n<div  class='av-social-sharing-box  avia-builder-el-7  el_after_av_hr  el_before_av_hr  '><div class='av-share-box'><h5 class='av-share-link-description av-no-toc '>Compartir esta noticia<\/h5><ul class='av-share-box-list noLightbox'><li class='av-share-link av-social-link-facebook' ><a target=\"_blank\" aria-label=\"Compartir en Facebook\" href='https:\/\/www.facebook.com\/sharer.php?u=https:\/\/radiorevelacionfm.cl\/?p=60208&#038;t=Seremi%20Paloma%20Jara%20destaca%20labor%20de%20vialidad%20y%20direcciones%20del%20MOP%20tras%20sistema%20frontal' aria-hidden='false' data-av_icon='\ue8f3' data-av_iconfont='entypo-fontello' title='' data-avia-related-tooltip='Compartir en Facebook' rel=\"noopener\"><span class='avia_hidden_link_text'>Compartir en Facebook<\/span><\/a><\/li><li class='av-share-link av-social-link-twitter' ><a target=\"_blank\" aria-label=\"Compartir en Twitter\" href='https:\/\/twitter.com\/share?text=Seremi%20Paloma%20Jara%20destaca%20labor%20de%20vialidad%20y%20direcciones%20del%20MOP%20tras%20sistema%20frontal&#038;url=https:\/\/radiorevelacionfm.cl\/?p=60208' aria-hidden='false' data-av_icon='\ue8f1' data-av_iconfont='entypo-fontello' title='' data-avia-related-tooltip='Compartir en Twitter' rel=\"noopener\"><span class='avia_hidden_link_text'>Compartir en Twitter<\/span><\/a><\/li><li class='av-share-link av-social-link-whatsapp' ><a target=\"_blank\" aria-label=\"Compartir en Whatsapp\" href='https:\/\/api.whatsapp.com\/send?text=https:\/\/radiorevelacionfm.cl\/?p=60208' aria-hidden='false' data-av_icon='\uf232' data-av_iconfont='entypo-fontello' title='' data-avia-related-tooltip='Compartir en Whatsapp' rel=\"noopener\"><span class='avia_hidden_link_text'>Compartir en Whatsapp<\/span><\/a><\/li><li class='av-share-link av-social-link-linkedin' ><a target=\"_blank\" aria-label=\"Compartir en LinkedIn\" href='https:\/\/linkedin.com\/shareArticle?mini=true&#038;title=Seremi%20Paloma%20Jara%20destaca%20labor%20de%20vialidad%20y%20direcciones%20del%20MOP%20tras%20sistema%20frontal&#038;url=https:\/\/radiorevelacionfm.cl\/?p=60208' aria-hidden='false' data-av_icon='\ue8fc' data-av_iconfont='entypo-fontello' title='' data-avia-related-tooltip='Compartir en LinkedIn' rel=\"noopener\"><span class='avia_hidden_link_text'>Compartir en LinkedIn<\/span><\/a><\/li><li class='av-share-link av-social-link-mail' ><a  aria-label=\"Compartir por correo\" href='mailto:?subject=Seremi%20Paloma%20Jara%20destaca%20labor%20de%20vialidad%20y%20direcciones%20del%20MOP%20tras%20sistema%20frontal&#038;body=https:\/\/radiorevelacionfm.cl\/?p=60208' aria-hidden='false' data-av_icon='\ue805' data-av_iconfont='entypo-fontello' title='' data-avia-related-tooltip='Compartir por correo'><span class='avia_hidden_link_text'>Compartir por correo<\/span><\/a><\/li><\/ul><\/div><\/div>\n<div  style='height:50px' class='hr hr-invisible   avia-builder-el-8  el_after_av_social_share  el_before_av_comments_list '><span class='hr-inner ' ><span class='hr-inner-style'><\/span><\/span><\/div>\n<div  class='av-buildercomment  av-blog-meta-html-info-disabled av-blog-meta-tag-disabled  '><\/div>\n","protected":false},"excerpt":{"rendered":"","protected":false},"author":1,"featured_media":60209,"comment_status":"closed","ping_status":"closed","sticky":false,"template":"","format":"standard","meta":{"footnotes":""},"categories":[38],"tags":[],"class_list":["post-60208","post","type-post","status-publish","format-standard","has-post-thumbnail","hentry","category-regional"],"jetpack_featured_media_url":"https:\/\/radiorevelacionfm.cl\/wp-content\/uploads\/2025\/10\/img_9765-1_optimized-1_optimized.jpg","_links":{"self":[{"href":"https:\/\/radiorevelacionfm.cl\/index.php?rest_route=\/wp\/v2\/posts\/60208","targetHints":{"allow":["GET"]}}],"collection":[{"href":"https:\/\/radiorevelacionfm.cl\/index.php?rest_route=\/wp\/v2\/posts"}],"about":[{"href":"https:\/\/radiorevelacionfm.cl\/index.php?rest_route=\/wp\/v2\/types\/post"}],"author":[{"embeddable":true,"href":"https:\/\/radiorevelacionfm.cl\/index.php?rest_route=\/wp\/v2\/users\/1"}],"replies":[{"embeddable":true,"href":"https:\/\/radiorevelacionfm.cl\/index.php?rest_route=%2Fwp%2Fv2%2Fcomments&post=60208"}],"version-history":[{"count":2,"href":"https:\/\/radiorevelacionfm.cl\/index.php?rest_route=\/wp\/v2\/posts\/60208\/revisions"}],"predecessor-version":[{"id":60211,"href":"https:\/\/radiorevelacionfm.cl\/index.php?rest_route=\/wp\/v2\/posts\/60208\/revisions\/60211"}],"wp:featuredmedia":[{"embeddable":true,"href":"https:\/\/radiorevelacionfm.cl\/index.php?rest_route=\/wp\/v2\/media\/60209"}],"wp:attachment":[{"href":"https:\/\/radiorevelacionfm.cl\/index.php?rest_route=%2Fwp%2Fv2%2Fmedia&parent=60208"}],"wp:term":[{"taxonomy":"category","embeddable":true,"href":"https:\/\/radiorevelacionfm.cl\/index.php?rest_route=%2Fwp%2Fv2%2Fcategories&post=60208"},{"taxonomy":"post_tag","embeddable":true,"href":"https:\/\/radiorevelacionfm.cl\/index.php?rest_route=%2Fwp%2Fv2%2Ftags&post=60208"}],"curies":[{"name":"wp","href":"https:\/\/api.w.org\/{rel}","templated":true}]}}