{"id":60200,"date":"2025-10-10T22:03:59","date_gmt":"2025-10-11T01:03:59","guid":{"rendered":"https:\/\/radiorevelacionfm.cl\/?p=60200"},"modified":"2025-10-10T22:03:59","modified_gmt":"2025-10-11T01:03:59","slug":"sectores-productivos-de-la-cuenca-del-general-carrera-coincidiran-en-seminario-para-dialogar-sobre-el-uso-del-agua","status":"publish","type":"post","link":"https:\/\/radiorevelacionfm.cl\/?p=60200","title":{"rendered":"Sectores productivos de la cuenca del General Carrera coincidir\u00e1n en seminario para dialogar sobre el uso del agua"},"content":{"rendered":"<div class=\"flex_column av_one_full  flex_column_div av-zero-column-padding first  avia-builder-el-0  el_before_av_one_full  avia-builder-el-first  \" style='border-radius:0px; '><div  class='avia-image-container  av-styling-    avia-builder-el-1  avia-builder-el-no-sibling  avia-align-center '  itemprop=\"image\" itemscope=\"itemscope\" itemtype=\"https:\/\/schema.org\/ImageObject\"  ><div class='avia-image-container-inner'><div class='avia-image-overlay-wrap'><img decoding=\"async\" class='wp-image-60201 avia-img-lazy-loading-not-60201 avia_image' src=\"https:\/\/radiorevelacionfm.cl\/wp-content\/uploads\/2025\/10\/afiche-seminario-puerto-rio-tranquilo_optimized-1_optimized-1-1.jpeg\" alt='' title='afiche-seminario-puerto-r\u00edo-tranquilo_optimized-(1)_optimized (1) (1)' height=\"1000\" width=\"800\"  itemprop=\"thumbnailUrl\" srcset=\"https:\/\/radiorevelacionfm.cl\/wp-content\/uploads\/2025\/10\/afiche-seminario-puerto-rio-tranquilo_optimized-1_optimized-1-1.jpeg 800w, https:\/\/radiorevelacionfm.cl\/wp-content\/uploads\/2025\/10\/afiche-seminario-puerto-rio-tranquilo_optimized-1_optimized-1-1-240x300.jpeg 240w, https:\/\/radiorevelacionfm.cl\/wp-content\/uploads\/2025\/10\/afiche-seminario-puerto-rio-tranquilo_optimized-1_optimized-1-1-768x960.jpeg 768w, https:\/\/radiorevelacionfm.cl\/wp-content\/uploads\/2025\/10\/afiche-seminario-puerto-rio-tranquilo_optimized-1_optimized-1-1-564x705.jpeg 564w, https:\/\/radiorevelacionfm.cl\/wp-content\/uploads\/2025\/10\/afiche-seminario-puerto-rio-tranquilo_optimized-1_optimized-1-1-450x563.jpeg 450w, https:\/\/radiorevelacionfm.cl\/wp-content\/uploads\/2025\/10\/afiche-seminario-puerto-rio-tranquilo_optimized-1_optimized-1-1-600x750.jpeg 600w\" sizes=\"(max-width: 800px) 100vw, 800px\" \/><\/div><\/div><\/div><\/div><div class=\"flex_column av_one_full  flex_column_div av-zero-column-padding first  avia-builder-el-2  el_after_av_one_full  el_before_av_one_full  column-top-margin\" style='border-radius:0px; '><section class=\"av_textblock_section \"  itemscope=\"itemscope\" itemtype=\"https:\/\/schema.org\/BlogPosting\" itemprop=\"blogPost\" ><div class='avia_textblock  '   itemprop=\"text\" ><p style=\"text-align: center;\"><strong><span style=\"font-size: 18pt;\">Sectores productivos de la cuenca del General Carrera coincidir\u00e1n en seminario para dialogar sobre el uso del agua<\/span><\/strong><\/p>\n<div id=\"gtx-trans\" style=\"position: absolute; left: -50px; top: 4.31534px;\">\n<div class=\"gtx-trans-icon\"><\/div>\n<\/div>\n<\/div><\/section><\/div><div class=\"flex_column av_one_full  flex_column_div av-zero-column-padding first  avia-builder-el-4  el_after_av_one_full  el_before_av_hr  column-top-margin\" style='border-radius:0px; '><section class=\"av_textblock_section \"  itemscope=\"itemscope\" itemtype=\"https:\/\/schema.org\/BlogPosting\" itemprop=\"blogPost\" ><div class='avia_textblock  '   itemprop=\"text\" ><ul>\n<li dir=\"ltr\">\n<p dir=\"ltr\" style=\"text-align: justify;\" role=\"presentation\"><em>Para la jornada de la ma\u00f1ana se ha convocado a representantes del \u00e1rea inmobiliaria, ganader\u00eda, agricultura, forestal, horticultura, industria del salm\u00f3n, miner\u00eda, artesan\u00eda, construcci\u00f3n, adem\u00e1s de turismo.\u00a0\u00a0\u00a0<\/em><\/p>\n<\/li>\n<li dir=\"ltr\" style=\"text-align: justify;\">\n<p dir=\"ltr\" role=\"presentation\"><em>En la tarde, en tanto, se contemplar\u00e1n experiencias regionales, charlas de invitados nacionales, talleres y degustaci\u00f3n de productos locales.<\/em><\/p>\n<\/li>\n<\/ul>\n<p dir=\"ltr\" style=\"text-align: justify;\">\u201cPor un habitar y producir sustentable en la Zona de Inter\u00e9s Tur\u00edstico Chelenko\u201d.<\/p>\n<p dir=\"ltr\" style=\"text-align: justify;\">Bajo este nombre, la Corporaci\u00f3n Chelenko reunir\u00e1 a expositores nacionales y regionales en torno a reflexiones y pr\u00e1cticas relacionadas con la gastronom\u00eda sustentable bajo el concepto cocina huella cero y la gesti\u00f3n de residuos, pasando por su reducci\u00f3n, reutilizaci\u00f3n, reparaci\u00f3n, reciclaje y el manejo integral.<\/p>\n<p dir=\"ltr\" style=\"text-align: justify;\"><strong>El encuentro se desarrollar\u00e1 en Puerto R\u00edo Tranquilo la tarde del jueves 30 de octubre.\u00a0\u00a0<\/strong><\/p>\n<p dir=\"ltr\" style=\"text-align: justify;\">En la ma\u00f1ana se desarrollar\u00e1n exposiciones de diversos sectores productivos y sociales para elaborar una estrategia del agua en la cuenca.<\/p>\n<p dir=\"ltr\" style=\"text-align: justify;\">La actividad se enmarca en el cierre del Bien P\u00fablico \u201cTurismo Cero Impacto: Valor agregado y adaptaci\u00f3n clim\u00e1tica con cocina local y gesti\u00f3n de residuos\u201d, que ejecut\u00f3 la Corporaci\u00f3n Chelenko con fondos de CORFO y mandato de SERNATUR Ays\u00e9n.<\/p>\n<p dir=\"ltr\" style=\"text-align: justify;\">JORNADA DE LA MA\u00d1ANA: Compatibilidades en torno al agua<\/p>\n<p dir=\"ltr\" style=\"text-align: justify;\">Durante la jornada de la ma\u00f1ana se tienen contempladas las exposiciones de diversas \u00e1reas productivas y sociales que operan en la cuenca, respondiendo a tres preguntas: \u00bfPara qu\u00e9 usan el agua en sus actividades?; \u00bfQu\u00e9 problemas fundamentales han tenido con respecto al agua?; \u00bfQu\u00e9 puntos de encuentro tienen con otros sectores productivos en torno al agua?<\/p>\n<p dir=\"ltr\" style=\"text-align: justify;\">Para ello, se est\u00e1n extendiendo invitaciones a representantes del sector inmobiliario, ganader\u00eda, agricultura, industria del salm\u00f3n, forestal, horticultura, miner\u00eda, artesan\u00eda, construcci\u00f3n, adem\u00e1s de turismo. Tras e<span class=\"gmail_default\">l<\/span> di\u00e1logo con los asistentes, se intencionar\u00e1 un trabajo tipo taller con el fin de establecer confluencias con el turismo, en materia de gesti\u00f3n.<\/p>\n<p dir=\"ltr\" style=\"text-align: justify;\">La sistematizaci\u00f3n de este trabajo permitir\u00e1 avanzar en la elaboraci\u00f3n de una Estrategia de Gesti\u00f3n del Agua en la cuenca del lago General Carrera.<\/p>\n<p dir=\"ltr\" style=\"text-align: justify;\">JORNADA DE LA TARDE: Cocina huella cero y residuos en el turismo<\/p>\n<p dir=\"ltr\" style=\"text-align: justify;\">Para la tarde, en tanto, est\u00e1 programado el conversatorio con las charlas tem\u00e1ticas bajo el concepto \u201cVecinos y Productores Unidos en la Acci\u00f3n y el Cuidado ante la Crisis Clim\u00e1tica\u201d.<\/p>\n<p dir=\"ltr\" style=\"text-align: justify;\">La directora de la Fundaci\u00f3n Ecosur, Pamela Poo, presentar\u00e1 los resultados del libro \u201c<a href=\"https:\/\/accionconsumidores.cl\/CocinaSustentable_y_ConsumoResponsable.pdf\" target=\"_blank\" rel=\"noopener\" data-saferedirecturl=\"https:\/\/www.google.com\/url?q=https:\/\/accionconsumidores.cl\/CocinaSustentable_y_ConsumoResponsable.pdf&amp;source=gmail&amp;ust=1760229841191000&amp;usg=AOvVaw0O88mMLXIoSMoEVF-VHySA\">Cocina Sustentable y Consumo Responsable<\/a>\u201d, en el cual entrega el marco de los puntos cr\u00edticos y oportunidades que representa la alimentaci\u00f3n ante los desaf\u00edos clim\u00e1ticos, adem\u00e1s de presentar consejos para la eficiencia en el uso de recursos.<\/p>\n<p dir=\"ltr\" style=\"text-align: justify;\">Junto a ella, se expondr\u00e1n experiencias de comercializaci\u00f3n y producci\u00f3n local como Mesa Verde Food y la consultora Daniela Lara, quien asesora emprendimientos en materia de dise\u00f1o sustentable.<\/p>\n<p dir=\"ltr\" style=\"text-align: justify;\">Posteriormente se tiene programada la charla de un representante de la Fundaci\u00f3n Reparemos, que impulsa la cultura de la reparaci\u00f3n como una forma de evitar la generaci\u00f3n de basura.<\/p>\n<p dir=\"ltr\" style=\"text-align: justify;\">En la misma l\u00ednea de reducir residuos, se presentar\u00e1n las experiencias de Confecciones \u00abStylo\u2019s\u00bb, que usa lana de oveja para confeccionar vestuario, y la Ecotienda Sustentable de Coyhaique\u00a0 Esto, como una forma de compartir con quienes est\u00e1n incursionando en productos sustentables las preferencias de los consumidores regionales.<\/p>\n<p dir=\"ltr\" style=\"text-align: justify;\">Este encuentro concluir\u00e1 con la degustaci\u00f3n de los men\u00fas \u201cDel Maqui a la Escondida\u201d (Puerto Guadal) y \u201cEntre Carnes y Berries\u201d (Bah\u00eda Murta), que fueron elaborados durante el piloto de \u201cCocina Huella Cero\u201d que ejecut\u00f3 entre 2024 y 2025 la Corporaci\u00f3n Chelenko en el marco del bien p\u00fablico \u201cTurismo Cero Impacto\u201d.<\/p>\n<p dir=\"ltr\" style=\"text-align: justify;\">El proyecto contempl\u00f3, tambi\u00e9n, un piloto de \u201cGesti\u00f3n Integral de Residuos S\u00f3lidos\u201d y la propuesta de un \u201cObservatorio de Turismo Sustentable y Cambio Clim\u00e1tico\u201d.<\/p>\n<p dir=\"ltr\" style=\"text-align: justify;\">Interesado\/as en participar en el seminario, que no tiene costo, se pueden inscribir en <a href=\"https:\/\/docs.google.com\/forms\/d\/e\/1FAIpQLSfLe4IWB30r2hkOCI69hWhG79F25271D7H79IFF9TwmhevU6A\/viewform?usp=header\" target=\"_blank\" rel=\"noopener\" data-saferedirecturl=\"https:\/\/www.google.com\/url?q=https:\/\/docs.google.com\/forms\/d\/e\/1FAIpQLSfLe4IWB30r2hkOCI69hWhG79F25271D7H79IFF9TwmhevU6A\/viewform?usp%3Dheader&amp;source=gmail&amp;ust=1760229841191000&amp;usg=AOvVaw3jWQB_6quknmQRCEayG51r\">formulario online<\/a> que se ha habilitado para ello. Mayores informaciones se pueden encontrar en las <a href=\"https:\/\/www.instagram.com\/corporacion_chelenko\/\" target=\"_blank\" rel=\"noopener\" data-saferedirecturl=\"https:\/\/www.google.com\/url?q=https:\/\/www.instagram.com\/corporacion_chelenko\/&amp;source=gmail&amp;ust=1760229841191000&amp;usg=AOvVaw31Z4w9jM4Rhd1KMYnWX42d\">redes sociales<\/a> de la Corporaci\u00f3n Chelenko.<\/p>\n<div class=\"yj6qo\" style=\"text-align: justify;\"><\/div>\n<\/div><\/section><\/div><div  style='height:50px' class='hr hr-invisible   avia-builder-el-6  el_after_av_one_full  el_before_av_social_share '><span class='hr-inner ' ><span class='hr-inner-style'><\/span><\/span><\/div><\/p>\n<div  class='av-social-sharing-box  avia-builder-el-7  el_after_av_hr  el_before_av_hr  '><div class='av-share-box'><h5 class='av-share-link-description av-no-toc '>Compartir esta noticia<\/h5><ul class='av-share-box-list noLightbox'><li class='av-share-link av-social-link-facebook' ><a target=\"_blank\" aria-label=\"Compartir en Facebook\" href='https:\/\/www.facebook.com\/sharer.php?u=https:\/\/radiorevelacionfm.cl\/?p=60200&#038;t=Sectores%20productivos%20de%20la%20cuenca%20del%20General%20Carrera%20coincidir%C3%A1n%20en%20seminario%20para%20dialogar%20sobre%20el%20uso%20del%20agua' aria-hidden='false' data-av_icon='\ue8f3' data-av_iconfont='entypo-fontello' title='' data-avia-related-tooltip='Compartir en Facebook' rel=\"noopener\"><span class='avia_hidden_link_text'>Compartir en Facebook<\/span><\/a><\/li><li class='av-share-link av-social-link-twitter' ><a target=\"_blank\" aria-label=\"Compartir en Twitter\" href='https:\/\/twitter.com\/share?text=Sectores%20productivos%20de%20la%20cuenca%20del%20General%20Carrera%20coincidir%C3%A1n%20en%20seminario%20para%20dialogar%20sobre%20el%20uso%20del%20agua&#038;url=https:\/\/radiorevelacionfm.cl\/?p=60200' aria-hidden='false' data-av_icon='\ue8f1' data-av_iconfont='entypo-fontello' title='' data-avia-related-tooltip='Compartir en Twitter' rel=\"noopener\"><span class='avia_hidden_link_text'>Compartir en Twitter<\/span><\/a><\/li><li class='av-share-link av-social-link-whatsapp' ><a target=\"_blank\" aria-label=\"Compartir en Whatsapp\" href='https:\/\/api.whatsapp.com\/send?text=https:\/\/radiorevelacionfm.cl\/?p=60200' aria-hidden='false' data-av_icon='\uf232' data-av_iconfont='entypo-fontello' title='' data-avia-related-tooltip='Compartir en Whatsapp' rel=\"noopener\"><span class='avia_hidden_link_text'>Compartir en Whatsapp<\/span><\/a><\/li><li class='av-share-link av-social-link-linkedin' ><a target=\"_blank\" aria-label=\"Compartir en LinkedIn\" href='https:\/\/linkedin.com\/shareArticle?mini=true&#038;title=Sectores%20productivos%20de%20la%20cuenca%20del%20General%20Carrera%20coincidir%C3%A1n%20en%20seminario%20para%20dialogar%20sobre%20el%20uso%20del%20agua&#038;url=https:\/\/radiorevelacionfm.cl\/?p=60200' aria-hidden='false' data-av_icon='\ue8fc' data-av_iconfont='entypo-fontello' title='' data-avia-related-tooltip='Compartir en LinkedIn' rel=\"noopener\"><span class='avia_hidden_link_text'>Compartir en LinkedIn<\/span><\/a><\/li><li class='av-share-link av-social-link-mail' ><a  aria-label=\"Compartir por correo\" href='mailto:?subject=Sectores%20productivos%20de%20la%20cuenca%20del%20General%20Carrera%20coincidir%C3%A1n%20en%20seminario%20para%20dialogar%20sobre%20el%20uso%20del%20agua&#038;body=https:\/\/radiorevelacionfm.cl\/?p=60200' aria-hidden='false' data-av_icon='\ue805' data-av_iconfont='entypo-fontello' title='' data-avia-related-tooltip='Compartir por correo'><span class='avia_hidden_link_text'>Compartir por correo<\/span><\/a><\/li><\/ul><\/div><\/div>\n<div  style='height:50px' class='hr hr-invisible   avia-builder-el-8  el_after_av_social_share  el_before_av_comments_list '><span class='hr-inner ' ><span class='hr-inner-style'><\/span><\/span><\/div>\n<div  class='av-buildercomment  av-blog-meta-html-info-disabled av-blog-meta-tag-disabled  '><\/div>\n","protected":false},"excerpt":{"rendered":"","protected":false},"author":1,"featured_media":60201,"comment_status":"closed","ping_status":"closed","sticky":false,"template":"","format":"standard","meta":{"footnotes":""},"categories":[38],"tags":[],"class_list":["post-60200","post","type-post","status-publish","format-standard","has-post-thumbnail","hentry","category-regional"],"jetpack_featured_media_url":"https:\/\/radiorevelacionfm.cl\/wp-content\/uploads\/2025\/10\/afiche-seminario-puerto-rio-tranquilo_optimized-1_optimized-1-1.jpeg","_links":{"self":[{"href":"https:\/\/radiorevelacionfm.cl\/index.php?rest_route=\/wp\/v2\/posts\/60200","targetHints":{"allow":["GET"]}}],"collection":[{"href":"https:\/\/radiorevelacionfm.cl\/index.php?rest_route=\/wp\/v2\/posts"}],"about":[{"href":"https:\/\/radiorevelacionfm.cl\/index.php?rest_route=\/wp\/v2\/types\/post"}],"author":[{"embeddable":true,"href":"https:\/\/radiorevelacionfm.cl\/index.php?rest_route=\/wp\/v2\/users\/1"}],"replies":[{"embeddable":true,"href":"https:\/\/radiorevelacionfm.cl\/index.php?rest_route=%2Fwp%2Fv2%2Fcomments&post=60200"}],"version-history":[{"count":2,"href":"https:\/\/radiorevelacionfm.cl\/index.php?rest_route=\/wp\/v2\/posts\/60200\/revisions"}],"predecessor-version":[{"id":60207,"href":"https:\/\/radiorevelacionfm.cl\/index.php?rest_route=\/wp\/v2\/posts\/60200\/revisions\/60207"}],"wp:featuredmedia":[{"embeddable":true,"href":"https:\/\/radiorevelacionfm.cl\/index.php?rest_route=\/wp\/v2\/media\/60201"}],"wp:attachment":[{"href":"https:\/\/radiorevelacionfm.cl\/index.php?rest_route=%2Fwp%2Fv2%2Fmedia&parent=60200"}],"wp:term":[{"taxonomy":"category","embeddable":true,"href":"https:\/\/radiorevelacionfm.cl\/index.php?rest_route=%2Fwp%2Fv2%2Fcategories&post=60200"},{"taxonomy":"post_tag","embeddable":true,"href":"https:\/\/radiorevelacionfm.cl\/index.php?rest_route=%2Fwp%2Fv2%2Ftags&post=60200"}],"curies":[{"name":"wp","href":"https:\/\/api.w.org\/{rel}","templated":true}]}}