{"id":60196,"date":"2025-10-10T21:39:05","date_gmt":"2025-10-11T00:39:05","guid":{"rendered":"https:\/\/radiorevelacionfm.cl\/?p=60196"},"modified":"2025-10-10T21:39:05","modified_gmt":"2025-10-11T00:39:05","slug":"alcalde-de-rio-ibanez-el-apoyo-de-bomberos-fue-fundamental-para-contener-el-inicio-de-la-emergencia-climatica","status":"publish","type":"post","link":"https:\/\/radiorevelacionfm.cl\/?p=60196","title":{"rendered":"Alcalde de R\u00edo Ib\u00e1\u00f1ez: \u201cEl apoyo de Bomberos fue fundamental para contener el inicio de la emergencia clim\u00e1tica\u201d"},"content":{"rendered":"<div class=\"flex_column av_one_full  flex_column_div av-zero-column-padding first  avia-builder-el-0  el_before_av_one_full  avia-builder-el-first  \" style='border-radius:0px; '><div  class='avia-image-container  av-styling-    avia-builder-el-1  avia-builder-el-no-sibling  avia-align-center '  itemprop=\"image\" itemscope=\"itemscope\" itemtype=\"https:\/\/schema.org\/ImageObject\"  ><div class='avia-image-container-inner'><div class='avia-image-overlay-wrap'><img decoding=\"async\" class='wp-image-60197 avia-img-lazy-loading-not-60197 avia_image' src=\"https:\/\/radiorevelacionfm.cl\/wp-content\/uploads\/2025\/10\/03-11-1-1-1.jpeg\" alt='' title='03 (11) (1) (1) (1)' height=\"600\" width=\"1067\"  itemprop=\"thumbnailUrl\" srcset=\"https:\/\/radiorevelacionfm.cl\/wp-content\/uploads\/2025\/10\/03-11-1-1-1.jpeg 1067w, https:\/\/radiorevelacionfm.cl\/wp-content\/uploads\/2025\/10\/03-11-1-1-1-300x169.jpeg 300w, https:\/\/radiorevelacionfm.cl\/wp-content\/uploads\/2025\/10\/03-11-1-1-1-1030x579.jpeg 1030w, https:\/\/radiorevelacionfm.cl\/wp-content\/uploads\/2025\/10\/03-11-1-1-1-768x432.jpeg 768w, https:\/\/radiorevelacionfm.cl\/wp-content\/uploads\/2025\/10\/03-11-1-1-1-705x396.jpeg 705w, https:\/\/radiorevelacionfm.cl\/wp-content\/uploads\/2025\/10\/03-11-1-1-1-450x253.jpeg 450w, https:\/\/radiorevelacionfm.cl\/wp-content\/uploads\/2025\/10\/03-11-1-1-1-600x337.jpeg 600w\" sizes=\"(max-width: 1067px) 100vw, 1067px\" \/><\/div><\/div><\/div><\/div><div class=\"flex_column av_one_full  flex_column_div av-zero-column-padding first  avia-builder-el-2  el_after_av_one_full  el_before_av_one_full  column-top-margin\" style='border-radius:0px; '><section class=\"av_textblock_section \"  itemscope=\"itemscope\" itemtype=\"https:\/\/schema.org\/BlogPosting\" itemprop=\"blogPost\" ><div class='avia_textblock  '   itemprop=\"text\" ><p style=\"text-align: center;\"><strong><span style=\"font-size: 18pt;\">Alcalde de R\u00edo Ib\u00e1\u00f1ez: \u201cEl apoyo de Bomberos fue fundamental para contener el inicio de la emergencia clim\u00e1tica\u201d<\/span><\/strong><\/p>\n<div id=\"gtx-trans\" style=\"position: absolute; left: -50px; top: 4.31534px;\">\n<div class=\"gtx-trans-icon\"><\/div>\n<\/div>\n<\/div><\/section><\/div><div class=\"flex_column av_one_full  flex_column_div av-zero-column-padding first  avia-builder-el-4  el_after_av_one_full  el_before_av_hr  column-top-margin\" style='border-radius:0px; '><section class=\"av_textblock_section \"  itemscope=\"itemscope\" itemtype=\"https:\/\/schema.org\/BlogPosting\" itemprop=\"blogPost\" ><div class='avia_textblock  '   itemprop=\"text\" ><ul>\n<li style=\"text-align: justify;\"><em> La primera respuesta a las contingencias se articul\u00f3 mediante un trabajo coordinado entre las compa\u00f1\u00edas de bomberos locales y los equipos y maquinaria municipal presentes en las localidades afectadas.<\/em><\/li>\n<\/ul>\n<p style=\"text-align: justify;\">R\u00edo Ib\u00e1\u00f1ez fue una de las zonas m\u00e1s afectadas de la Regi\u00f3n de Ays\u00e9n por el reciente frente de mal clima, un intenso sistema que trajo fuertes lluvias y una gran acumulaci\u00f3n de nieve durante por varios d\u00edas a partir del 2 de octubre. Este evento clim\u00e1tico gener\u00f3 importantes da\u00f1os, especialmente en el mundo campesino del sur de la comuna.<\/p>\n<p style=\"text-align: justify;\">Bah\u00eda Murta, Puerto S\u00e1nchez y Valle Exploradores fueron los sectores m\u00e1s impactados, registrando aludes en rutas principales, cortes prolongados del suministro el\u00e9ctrico, una alta mortandad de animales y p\u00e9rdidas en campos productivos, invernaderos y siembras.<\/p>\n<p style=\"text-align: justify;\">En este contexto, el alcalde Marcelo J\u00e9lvez C\u00e1rdenas explic\u00f3 que, desde el momento en que comenzaron las primeras contingencias, se activ\u00f3 un plan de acci\u00f3n mediante las delegaciones municipales. \u201cProducto del corte que se gener\u00f3 con el rodado en el Puente Traihuanca, nos vimos obligados a prestar ayuda a nuestras comunidades a trav\u00e9s de nuestros equipos municipales presentes en las localidades afectadas\u201d, se\u00f1al\u00f3.<\/p>\n<p style=\"text-align: justify;\">Asimismo, destac\u00f3 la coordinaci\u00f3n con instituciones locales, especialmente Bomberos, como un factor clave en la respuesta inicial. \u201cEl apoyo de la 4\u00b0 Compa\u00f1\u00eda de Bomberos de Puerto R\u00edo Tranquilo, de la 6\u00b0 Compa\u00f1\u00eda de Bomberos de Bah\u00eda Murta y la 7\u00b0 Compa\u00f1\u00eda de Bomberos de Puerto S\u00e1nchez fue fundamental para contener el inicio de la emergencia clim\u00e1tica. Desde el comienzo de esta contingencia estuvimos disponibles para asistir a nuestros vecinos\u201d, enfatiz\u00f3 la primera autoridad comunal.<\/p>\n<p style=\"text-align: justify;\">Por su parte, Jos\u00e9 Miguel Contreras, director de la 4\u00b0 Compa\u00f1\u00eda de Bomberos de Puerto R\u00edo Tranquilo, relat\u00f3 que fueron \u201cdos d\u00edas de arduo trabajo, sin descanso, preocupados por la motivaci\u00f3n hacia los vecinos, finalizando labores a altas horas de la noche. Varios puentes resultaron con da\u00f1os, dejando a familias sin conexi\u00f3n con el radio urbano\u201d.<\/p>\n<p style=\"text-align: justify;\">Adem\u00e1s, detall\u00f3 que durante ambos d\u00edas \u201cse realizaron coordinaciones con la delegaci\u00f3n municipal para el ingreso de maquinaria pesada para el despeje y mitigaci\u00f3n de riesgos, as\u00ed como la coordinaci\u00f3n para el suministro de combustible utilizado en los trabajos con motobomba\u201d.<\/p>\n<p style=\"text-align: justify;\">Durante esta semana, la Municipalidad de R\u00edo Ib\u00e1\u00f1ez ha complementado su presencia en terreno con un despliegue de sus equipos t\u00e9cnicos y sociales para levantar un catastro detallado de los da\u00f1os sufridos por las familias y coordinar distintos tipos de apoyo para enfrentar y superar las dificultades generadas por esta emergencia clim\u00e1tica.<\/p>\n<p style=\"text-align: justify;\">Finalmente, Fernando Gallardo Pillancari, director de Dideco, inform\u00f3 que se est\u00e1 finalizando un informe para gestionar recursos destinados a un apoyo en el corto plazo para las comunidades damnificadas. \u201cEn estos momentos, a trav\u00e9s de nuestras profesionales de Prodesal, Fomento Productivo y Social estamos enfocados en generar un catastro real de los da\u00f1os y conocer la situaci\u00f3n actual de nuestras familias afectadas en la comuna. La idea es llegar lo m\u00e1s pronto posible para atender esta urgencia\u201d, explic\u00f3.<\/p>\n<\/div><\/section><\/div><div  style='height:50px' class='hr hr-invisible   avia-builder-el-6  el_after_av_one_full  el_before_av_social_share '><span class='hr-inner ' ><span class='hr-inner-style'><\/span><\/span><\/div><\/p>\n<div  class='av-social-sharing-box  avia-builder-el-7  el_after_av_hr  el_before_av_hr  '><div class='av-share-box'><h5 class='av-share-link-description av-no-toc '>Compartir esta noticia<\/h5><ul class='av-share-box-list noLightbox'><li class='av-share-link av-social-link-facebook' ><a target=\"_blank\" aria-label=\"Compartir en Facebook\" href='https:\/\/www.facebook.com\/sharer.php?u=https:\/\/radiorevelacionfm.cl\/?p=60196&#038;t=Alcalde%20de%20R%C3%ADo%20Ib%C3%A1%C3%B1ez%3A%20%E2%80%9CEl%20apoyo%20de%20Bomberos%20fue%20fundamental%20para%20contener%20el%20inicio%20de%20la%20emergencia%20clim%C3%A1tica%E2%80%9D' aria-hidden='false' data-av_icon='\ue8f3' data-av_iconfont='entypo-fontello' title='' data-avia-related-tooltip='Compartir en Facebook' rel=\"noopener\"><span class='avia_hidden_link_text'>Compartir en Facebook<\/span><\/a><\/li><li class='av-share-link av-social-link-twitter' ><a target=\"_blank\" aria-label=\"Compartir en Twitter\" href='https:\/\/twitter.com\/share?text=Alcalde%20de%20R%C3%ADo%20Ib%C3%A1%C3%B1ez%3A%20%E2%80%9CEl%20apoyo%20de%20Bomberos%20fue%20fundamental%20para%20contener%20el%20inicio%20de%20la%20emergencia%20clim%C3%A1tica%E2%80%9D&#038;url=https:\/\/radiorevelacionfm.cl\/?p=60196' aria-hidden='false' data-av_icon='\ue8f1' data-av_iconfont='entypo-fontello' title='' data-avia-related-tooltip='Compartir en Twitter' rel=\"noopener\"><span class='avia_hidden_link_text'>Compartir en Twitter<\/span><\/a><\/li><li class='av-share-link av-social-link-whatsapp' ><a target=\"_blank\" aria-label=\"Compartir en Whatsapp\" href='https:\/\/api.whatsapp.com\/send?text=https:\/\/radiorevelacionfm.cl\/?p=60196' aria-hidden='false' data-av_icon='\uf232' data-av_iconfont='entypo-fontello' title='' data-avia-related-tooltip='Compartir en Whatsapp' rel=\"noopener\"><span class='avia_hidden_link_text'>Compartir en Whatsapp<\/span><\/a><\/li><li class='av-share-link av-social-link-linkedin' ><a target=\"_blank\" aria-label=\"Compartir en LinkedIn\" href='https:\/\/linkedin.com\/shareArticle?mini=true&#038;title=Alcalde%20de%20R%C3%ADo%20Ib%C3%A1%C3%B1ez%3A%20%E2%80%9CEl%20apoyo%20de%20Bomberos%20fue%20fundamental%20para%20contener%20el%20inicio%20de%20la%20emergencia%20clim%C3%A1tica%E2%80%9D&#038;url=https:\/\/radiorevelacionfm.cl\/?p=60196' aria-hidden='false' data-av_icon='\ue8fc' data-av_iconfont='entypo-fontello' title='' data-avia-related-tooltip='Compartir en LinkedIn' rel=\"noopener\"><span class='avia_hidden_link_text'>Compartir en LinkedIn<\/span><\/a><\/li><li class='av-share-link av-social-link-mail' ><a  aria-label=\"Compartir por correo\" href='mailto:?subject=Alcalde%20de%20R%C3%ADo%20Ib%C3%A1%C3%B1ez%3A%20%E2%80%9CEl%20apoyo%20de%20Bomberos%20fue%20fundamental%20para%20contener%20el%20inicio%20de%20la%20emergencia%20clim%C3%A1tica%E2%80%9D&#038;body=https:\/\/radiorevelacionfm.cl\/?p=60196' aria-hidden='false' data-av_icon='\ue805' data-av_iconfont='entypo-fontello' title='' data-avia-related-tooltip='Compartir por correo'><span class='avia_hidden_link_text'>Compartir por correo<\/span><\/a><\/li><\/ul><\/div><\/div>\n<div  style='height:50px' class='hr hr-invisible   avia-builder-el-8  el_after_av_social_share  el_before_av_comments_list '><span class='hr-inner ' ><span class='hr-inner-style'><\/span><\/span><\/div>\n<div  class='av-buildercomment  av-blog-meta-html-info-disabled av-blog-meta-tag-disabled  '><\/div>\n","protected":false},"excerpt":{"rendered":"","protected":false},"author":1,"featured_media":60197,"comment_status":"closed","ping_status":"closed","sticky":false,"template":"","format":"standard","meta":{"footnotes":""},"categories":[38],"tags":[],"class_list":["post-60196","post","type-post","status-publish","format-standard","has-post-thumbnail","hentry","category-regional"],"jetpack_featured_media_url":"https:\/\/radiorevelacionfm.cl\/wp-content\/uploads\/2025\/10\/03-11-1-1-1.jpeg","_links":{"self":[{"href":"https:\/\/radiorevelacionfm.cl\/index.php?rest_route=\/wp\/v2\/posts\/60196","targetHints":{"allow":["GET"]}}],"collection":[{"href":"https:\/\/radiorevelacionfm.cl\/index.php?rest_route=\/wp\/v2\/posts"}],"about":[{"href":"https:\/\/radiorevelacionfm.cl\/index.php?rest_route=\/wp\/v2\/types\/post"}],"author":[{"embeddable":true,"href":"https:\/\/radiorevelacionfm.cl\/index.php?rest_route=\/wp\/v2\/users\/1"}],"replies":[{"embeddable":true,"href":"https:\/\/radiorevelacionfm.cl\/index.php?rest_route=%2Fwp%2Fv2%2Fcomments&post=60196"}],"version-history":[{"count":2,"href":"https:\/\/radiorevelacionfm.cl\/index.php?rest_route=\/wp\/v2\/posts\/60196\/revisions"}],"predecessor-version":[{"id":60199,"href":"https:\/\/radiorevelacionfm.cl\/index.php?rest_route=\/wp\/v2\/posts\/60196\/revisions\/60199"}],"wp:featuredmedia":[{"embeddable":true,"href":"https:\/\/radiorevelacionfm.cl\/index.php?rest_route=\/wp\/v2\/media\/60197"}],"wp:attachment":[{"href":"https:\/\/radiorevelacionfm.cl\/index.php?rest_route=%2Fwp%2Fv2%2Fmedia&parent=60196"}],"wp:term":[{"taxonomy":"category","embeddable":true,"href":"https:\/\/radiorevelacionfm.cl\/index.php?rest_route=%2Fwp%2Fv2%2Fcategories&post=60196"},{"taxonomy":"post_tag","embeddable":true,"href":"https:\/\/radiorevelacionfm.cl\/index.php?rest_route=%2Fwp%2Fv2%2Ftags&post=60196"}],"curies":[{"name":"wp","href":"https:\/\/api.w.org\/{rel}","templated":true}]}}