{"id":60186,"date":"2025-10-10T15:29:48","date_gmt":"2025-10-10T18:29:48","guid":{"rendered":"https:\/\/radiorevelacionfm.cl\/?p=60186"},"modified":"2025-10-10T15:32:27","modified_gmt":"2025-10-10T18:32:27","slug":"decretan-arraigo-nacional-al-suspendido-fiscal-regional-carlos-palma-por-revelacion-de-secreto","status":"publish","type":"post","link":"https:\/\/radiorevelacionfm.cl\/?p=60186","title":{"rendered":"Decretan arraigo nacional al suspendido fiscal regional de Ays\u00e9n Carlos Palma"},"content":{"rendered":"<div class=\"flex_column av_one_full  flex_column_div av-zero-column-padding first  avia-builder-el-0  el_before_av_one_full  avia-builder-el-first  \" style='border-radius:0px; '><div  class='avia-image-container  av-styling-    avia-builder-el-1  avia-builder-el-no-sibling  avia-align-center '  itemprop=\"image\" itemscope=\"itemscope\" itemtype=\"https:\/\/schema.org\/ImageObject\"  ><div class='avia-image-container-inner'><div class='avia-image-overlay-wrap'><img decoding=\"async\" class='wp-image-60187 avia-img-lazy-loading-not-60187 avia_image' src=\"https:\/\/radiorevelacionfm.cl\/wp-content\/uploads\/2025\/10\/foto-1-audiencia-carlos-palma-1_optimized.jpg\" alt='' title='foto-1-audiencia-carlos-palma-(1)_optimized' height=\"600\" width=\"1327\"  itemprop=\"thumbnailUrl\" srcset=\"https:\/\/radiorevelacionfm.cl\/wp-content\/uploads\/2025\/10\/foto-1-audiencia-carlos-palma-1_optimized.jpg 1327w, https:\/\/radiorevelacionfm.cl\/wp-content\/uploads\/2025\/10\/foto-1-audiencia-carlos-palma-1_optimized-300x136.jpg 300w, https:\/\/radiorevelacionfm.cl\/wp-content\/uploads\/2025\/10\/foto-1-audiencia-carlos-palma-1_optimized-1030x466.jpg 1030w, https:\/\/radiorevelacionfm.cl\/wp-content\/uploads\/2025\/10\/foto-1-audiencia-carlos-palma-1_optimized-768x347.jpg 768w, https:\/\/radiorevelacionfm.cl\/wp-content\/uploads\/2025\/10\/foto-1-audiencia-carlos-palma-1_optimized-705x319.jpg 705w, https:\/\/radiorevelacionfm.cl\/wp-content\/uploads\/2025\/10\/foto-1-audiencia-carlos-palma-1_optimized-450x203.jpg 450w, https:\/\/radiorevelacionfm.cl\/wp-content\/uploads\/2025\/10\/foto-1-audiencia-carlos-palma-1_optimized-600x271.jpg 600w\" sizes=\"(max-width: 1327px) 100vw, 1327px\" \/><\/div><\/div><\/div><\/div>\n<div class=\"flex_column av_one_full  flex_column_div av-zero-column-padding first  avia-builder-el-2  el_after_av_one_full  el_before_av_one_full  column-top-margin\" style='border-radius:0px; '><section class=\"av_textblock_section \"  itemscope=\"itemscope\" itemtype=\"https:\/\/schema.org\/BlogPosting\" itemprop=\"blogPost\" ><div class='avia_textblock  '   itemprop=\"text\" ><p style=\"text-align: center;\"><strong><span style=\"font-size: 18pt;\">Decretan arraigo nacional al suspendido fiscal regional de Ays\u00e9n Carlos Palma\u00a0<\/span><\/strong><\/p>\n<div id=\"gtx-trans\" style=\"position: absolute; left: -50px; top: 4.31534px;\">\n<div class=\"gtx-trans-icon\"><\/div>\n<\/div>\n<\/div><\/section><\/div><div class=\"flex_column av_one_full  flex_column_div av-zero-column-padding first  avia-builder-el-4  el_after_av_one_full  el_before_av_hr  column-top-margin\" style='border-radius:0px; '><section class=\"av_textblock_section \"  itemscope=\"itemscope\" itemtype=\"https:\/\/schema.org\/BlogPosting\" itemprop=\"blogPost\" ><div class='avia_textblock  '   itemprop=\"text\" ><p style=\"font-weight: 400; text-align: justify;\">El Juzgado de Garant\u00eda de Coyhaique dej\u00f3 hoy \u2013viernes 10 de octubre\u2013 sujeto a la medida cautelar de arraigo nacional del fiscal regional de Ays\u00e9n, Carlos Palma Guerra, imputado por el Ministerio P\u00fablico como autor del delito de revelaci\u00f3n de secretos. Il\u00edcito que habr\u00eda perpetrado en octubre de 2022.<\/p>\n<p style=\"font-weight: 400; text-align: justify;\">En la audiencia de formalizaci\u00f3n (causa rol 2.073-2024), el magistrado Carlos Astudillo acogi\u00f3 la medida cautelar solicitada por el Ministerio P\u00fablico y la querellante Consejo de Defensa del Estado por considerarla proporcional y apropiada a los fines del procedimiento. Adem\u00e1s, fij\u00f3 en 120 d\u00edas el plazo de investigaci\u00f3n.<\/p>\n<p style=\"font-weight: 400; text-align: justify;\">Seg\u00fan el ente persecutor, el 20 de octubre de 2022, el entonces fiscal regional tom\u00f3 conocimiento que se realizaba de forma telem\u00e1tica, una audiencia de control de detenci\u00f3n ante el Juzgado de Garant\u00eda de Coyhaique, por delitos contemplados en la Ley N\u00b020.000, que sanciona el tr\u00e1fico il\u00edcito de drogas. Pese a no intervenir en dicha audiencia, el imputado habr\u00eda procedido a difundir y divulgar informaci\u00f3n reservada de la investigaci\u00f3n a un tercero ajeno al procedimiento: el abogado Luis Hermosilla Osorio, mediante la aplicaci\u00f3n de mensajer\u00eda WhatsApp. Asimismo, Palma Guerra remiti\u00f3 al abogado una grabaci\u00f3n telef\u00f3nica obtenida con autorizaci\u00f3n judicial, evidencia que a\u00fan no hab\u00eda sido presentada en audiencia, y advirti\u00e9ndole el car\u00e1cter reservado del material que le compart\u00eda.<\/p>\n<p style=\"font-weight: 400; text-align: justify;\">Hechos que, para el Ministerio P\u00fablico, son constitutivos del delito de revelaci\u00f3n de secretos, previsto en el art\u00edculo 38 de la Ley N\u00b020.000, atribuyendo al imputado la calidad de autor, conforme al art\u00edculo 15 N\u00b01 del C\u00f3digo Penal, de un delito en grado de consumado.<\/p>\n<\/div><\/section><\/div><\/p>\n<div  style='height:50px' class='hr hr-invisible   avia-builder-el-6  el_after_av_one_full  el_before_av_social_share '><span class='hr-inner ' ><span class='hr-inner-style'><\/span><\/span><\/div>\n<div  class='av-social-sharing-box  avia-builder-el-7  el_after_av_hr  el_before_av_hr  '><div class='av-share-box'><h5 class='av-share-link-description av-no-toc '>Compartir esta noticia<\/h5><ul class='av-share-box-list noLightbox'><li class='av-share-link av-social-link-facebook' ><a target=\"_blank\" aria-label=\"Compartir en Facebook\" href='https:\/\/www.facebook.com\/sharer.php?u=https:\/\/radiorevelacionfm.cl\/?p=60186&#038;t=Decretan%20arraigo%20nacional%20al%20suspendido%20fiscal%20regional%20de%20Ays%C3%A9n%20Carlos%20Palma' aria-hidden='false' data-av_icon='\ue8f3' data-av_iconfont='entypo-fontello' title='' data-avia-related-tooltip='Compartir en Facebook' rel=\"noopener\"><span class='avia_hidden_link_text'>Compartir en Facebook<\/span><\/a><\/li><li class='av-share-link av-social-link-twitter' ><a target=\"_blank\" aria-label=\"Compartir en Twitter\" href='https:\/\/twitter.com\/share?text=Decretan%20arraigo%20nacional%20al%20suspendido%20fiscal%20regional%20de%20Ays%C3%A9n%20Carlos%20Palma&#038;url=https:\/\/radiorevelacionfm.cl\/?p=60186' aria-hidden='false' data-av_icon='\ue8f1' data-av_iconfont='entypo-fontello' title='' data-avia-related-tooltip='Compartir en Twitter' rel=\"noopener\"><span class='avia_hidden_link_text'>Compartir en Twitter<\/span><\/a><\/li><li class='av-share-link av-social-link-whatsapp' ><a target=\"_blank\" aria-label=\"Compartir en Whatsapp\" href='https:\/\/api.whatsapp.com\/send?text=https:\/\/radiorevelacionfm.cl\/?p=60186' aria-hidden='false' data-av_icon='\uf232' data-av_iconfont='entypo-fontello' title='' data-avia-related-tooltip='Compartir en Whatsapp' rel=\"noopener\"><span class='avia_hidden_link_text'>Compartir en Whatsapp<\/span><\/a><\/li><li class='av-share-link av-social-link-linkedin' ><a target=\"_blank\" aria-label=\"Compartir en LinkedIn\" href='https:\/\/linkedin.com\/shareArticle?mini=true&#038;title=Decretan%20arraigo%20nacional%20al%20suspendido%20fiscal%20regional%20de%20Ays%C3%A9n%20Carlos%20Palma&#038;url=https:\/\/radiorevelacionfm.cl\/?p=60186' aria-hidden='false' data-av_icon='\ue8fc' data-av_iconfont='entypo-fontello' title='' data-avia-related-tooltip='Compartir en LinkedIn' rel=\"noopener\"><span class='avia_hidden_link_text'>Compartir en LinkedIn<\/span><\/a><\/li><li class='av-share-link av-social-link-mail' ><a  aria-label=\"Compartir por correo\" href='mailto:?subject=Decretan%20arraigo%20nacional%20al%20suspendido%20fiscal%20regional%20de%20Ays%C3%A9n%20Carlos%20Palma&#038;body=https:\/\/radiorevelacionfm.cl\/?p=60186' aria-hidden='false' data-av_icon='\ue805' data-av_iconfont='entypo-fontello' title='' data-avia-related-tooltip='Compartir por correo'><span class='avia_hidden_link_text'>Compartir por correo<\/span><\/a><\/li><\/ul><\/div><\/div>\n<div  style='height:50px' class='hr hr-invisible   avia-builder-el-8  el_after_av_social_share  el_before_av_comments_list '><span class='hr-inner ' ><span class='hr-inner-style'><\/span><\/span><\/div>\n<div  class='av-buildercomment  av-blog-meta-html-info-disabled av-blog-meta-tag-disabled  '><\/div>\n","protected":false},"excerpt":{"rendered":"","protected":false},"author":1,"featured_media":60187,"comment_status":"closed","ping_status":"closed","sticky":false,"template":"","format":"standard","meta":{"footnotes":""},"categories":[55],"tags":[],"class_list":["post-60186","post","type-post","status-publish","format-standard","has-post-thumbnail","hentry","category-justicia"],"jetpack_featured_media_url":"https:\/\/radiorevelacionfm.cl\/wp-content\/uploads\/2025\/10\/foto-1-audiencia-carlos-palma-1_optimized.jpg","_links":{"self":[{"href":"https:\/\/radiorevelacionfm.cl\/index.php?rest_route=\/wp\/v2\/posts\/60186","targetHints":{"allow":["GET"]}}],"collection":[{"href":"https:\/\/radiorevelacionfm.cl\/index.php?rest_route=\/wp\/v2\/posts"}],"about":[{"href":"https:\/\/radiorevelacionfm.cl\/index.php?rest_route=\/wp\/v2\/types\/post"}],"author":[{"embeddable":true,"href":"https:\/\/radiorevelacionfm.cl\/index.php?rest_route=\/wp\/v2\/users\/1"}],"replies":[{"embeddable":true,"href":"https:\/\/radiorevelacionfm.cl\/index.php?rest_route=%2Fwp%2Fv2%2Fcomments&post=60186"}],"version-history":[{"count":4,"href":"https:\/\/radiorevelacionfm.cl\/index.php?rest_route=\/wp\/v2\/posts\/60186\/revisions"}],"predecessor-version":[{"id":60189,"href":"https:\/\/radiorevelacionfm.cl\/index.php?rest_route=\/wp\/v2\/posts\/60186\/revisions\/60189"}],"wp:featuredmedia":[{"embeddable":true,"href":"https:\/\/radiorevelacionfm.cl\/index.php?rest_route=\/wp\/v2\/media\/60187"}],"wp:attachment":[{"href":"https:\/\/radiorevelacionfm.cl\/index.php?rest_route=%2Fwp%2Fv2%2Fmedia&parent=60186"}],"wp:term":[{"taxonomy":"category","embeddable":true,"href":"https:\/\/radiorevelacionfm.cl\/index.php?rest_route=%2Fwp%2Fv2%2Fcategories&post=60186"},{"taxonomy":"post_tag","embeddable":true,"href":"https:\/\/radiorevelacionfm.cl\/index.php?rest_route=%2Fwp%2Fv2%2Ftags&post=60186"}],"curies":[{"name":"wp","href":"https:\/\/api.w.org\/{rel}","templated":true}]}}