{"id":60182,"date":"2025-10-10T15:22:05","date_gmt":"2025-10-10T18:22:05","guid":{"rendered":"https:\/\/radiorevelacionfm.cl\/?p=60182"},"modified":"2025-10-10T15:22:05","modified_gmt":"2025-10-10T18:22:05","slug":"carabineros-despliega-amplio-operativo-de-seguridad-en-rally-mobil-2025-en-aysen-coyhaique","status":"publish","type":"post","link":"https:\/\/radiorevelacionfm.cl\/?p=60182","title":{"rendered":"Carabineros despliega amplio operativo de seguridad en Rally Mobil 2025 en Ays\u00e9n &#8211; Coyhaique"},"content":{"rendered":"<div class=\"flex_column av_one_full  flex_column_div av-zero-column-padding first  avia-builder-el-0  el_before_av_one_full  avia-builder-el-first  \" style='border-radius:0px; '><div  class='avia-image-container  av-styling-    avia-builder-el-1  avia-builder-el-no-sibling  avia-align-center '  itemprop=\"image\" itemscope=\"itemscope\" itemtype=\"https:\/\/schema.org\/ImageObject\"  ><div class='avia-image-container-inner'><div class='avia-image-overlay-wrap'><img decoding=\"async\" class='wp-image-60183 avia-img-lazy-loading-not-60183 avia_image' src=\"https:\/\/radiorevelacionfm.cl\/wp-content\/uploads\/2025\/10\/eae14770-c67c-4ea6-981e-229a142510df-1-1.jpg\" alt='' title='eae14770-c67c-4ea6-981e-229a142510df (1) (1)' height=\"600\" width=\"901\"  itemprop=\"thumbnailUrl\" srcset=\"https:\/\/radiorevelacionfm.cl\/wp-content\/uploads\/2025\/10\/eae14770-c67c-4ea6-981e-229a142510df-1-1.jpg 901w, https:\/\/radiorevelacionfm.cl\/wp-content\/uploads\/2025\/10\/eae14770-c67c-4ea6-981e-229a142510df-1-1-300x200.jpg 300w, https:\/\/radiorevelacionfm.cl\/wp-content\/uploads\/2025\/10\/eae14770-c67c-4ea6-981e-229a142510df-1-1-768x511.jpg 768w, https:\/\/radiorevelacionfm.cl\/wp-content\/uploads\/2025\/10\/eae14770-c67c-4ea6-981e-229a142510df-1-1-705x469.jpg 705w, https:\/\/radiorevelacionfm.cl\/wp-content\/uploads\/2025\/10\/eae14770-c67c-4ea6-981e-229a142510df-1-1-450x300.jpg 450w, https:\/\/radiorevelacionfm.cl\/wp-content\/uploads\/2025\/10\/eae14770-c67c-4ea6-981e-229a142510df-1-1-600x400.jpg 600w\" sizes=\"(max-width: 901px) 100vw, 901px\" \/><\/div><\/div><\/div><\/div><div class=\"flex_column av_one_full  flex_column_div av-zero-column-padding first  avia-builder-el-2  el_after_av_one_full  el_before_av_one_full  column-top-margin\" style='border-radius:0px; '><section class=\"av_textblock_section \"  itemscope=\"itemscope\" itemtype=\"https:\/\/schema.org\/BlogPosting\" itemprop=\"blogPost\" ><div class='avia_textblock  '   itemprop=\"text\" ><p style=\"text-align: center;\"><span style=\"font-size: 18pt;\"><b>Carabineros despliega amplio operativo de seguridad en Rally Mobil 2025 en Ays\u00e9n &#8211; Coyhaique<\/b><\/span><\/p>\n<div id=\"gtx-trans\" style=\"position: absolute; left: -50px; top: 4.31534px;\">\n<div class=\"gtx-trans-icon\"><\/div>\n<\/div>\n<\/div><\/section><\/div><div class=\"flex_column av_one_full  flex_column_div av-zero-column-padding first  avia-builder-el-4  el_after_av_one_full  el_before_av_hr  column-top-margin\" style='border-radius:0px; '><section class=\"av_textblock_section \"  itemscope=\"itemscope\" itemtype=\"https:\/\/schema.org\/BlogPosting\" itemprop=\"blogPost\" ><div class='avia_textblock  '   itemprop=\"text\" ><p style=\"text-align: justify;\">La Instituci\u00f3n record\u00f3 a la comunidad ubicarse en las zonas de seguridad demarcadas por la organizaci\u00f3n con la finalidad de prevenir accidentes. Asimismo, record\u00f3 al p\u00fablico asistente no dejar desechos o basura en los tramos en que se desarrolle cada especial.<\/p>\n<p style=\"text-align: justify;\">Con un fuerte \u00e9nfasis en la prevenci\u00f3n, Carabineros de Chile ha desplegado un operativo de seguridad que involucra a cerca de 60 funcionarios en diversos puntos de las comunas de Coyhaique y Puerto Ays\u00e9n, sedes de las distintas especiales de la 7ma Fecha del Rally Mobil 2025 que se desarrolla del 10 al 12 de octubre en la Regi\u00f3n de Ays\u00e9n.<\/p>\n<p style=\"text-align: justify;\">La instituci\u00f3n uniformada ha establecido una \u00abmuy profesional coordinaci\u00f3n\u00bb con la producci\u00f3n y equipos del Rally Mobil para garantizar el desarrollo seguro de la actividad deportiva.<br \/>\n\u201cTenemos un servicio desplegado de Carabineros en distintos puntos de Coyhaique y Puerto Ays\u00e9n espec\u00edficamente, dado que son los lugares donde tienen las distintas especiales del Rally Mobil 2025 que se est\u00e1 llevando a cabo en la regi\u00f3n de Ays\u00e9n. Son alrededor de 60 Carabineros los que est\u00e1n contemplados en los distintos servicios, en distintos tramos y diversos horarios\u201d, expres\u00f3 el Prefecto de Carabineros Ays\u00e9n, Coronel Juan Abarca Hern\u00e1ndez.<\/p>\n<p><strong>Seguridad para espectadores<\/strong><\/p>\n<p style=\"text-align: justify;\">El Oficial formul\u00f3 un llamado a los asistentes a seguir estrictamente las medidas de seguridad, especialmente considerando que las carreras se desarrollan en caminos secundarios o rurales.<\/p>\n<p style=\"text-align: justify;\">Zonas delimitadas: Los espectadores deben permanecer solamente en las \u00e1reas delimitadas por la organizaci\u00f3n (cinta amarilla), donde tambi\u00e9n habr\u00e1 personal del Rally Mobil indicando la ubicaci\u00f3n segura, mientras que \u00e1reas con cinta roja, indican zonas de peligro o prohibidas, nadie se puede ubicar en este lugar por su seguridad.<\/p>\n<p style=\"text-align: justify;\">Llegada anticipada: Quienes deseen asistir a los tramos de carrera deben llegar con un m\u00ednimo de dos horas de antelaci\u00f3n al inicio de la actividad.<br \/>\nRestricci\u00f3n de movimiento: Una vez que el p\u00fablico ingresa al punto de observaci\u00f3n, no podr\u00e1 salir hasta que finalice la especial. Esta medida se implementa por \u00abrazones de estricta seguridad\u00bb para proteger a los espectadores y vecinos.<\/p>\n<p><strong>Veh\u00edculos de seguridad<\/strong><\/p>\n<p style=\"text-align: justify;\">La organizaci\u00f3n ha dispuesto de diversos veh\u00edculos antes y despu\u00e9s de cada especial, con la finalidad de garantizar la seguridad y condiciones para el desarrollo del evento.<br \/>\n000:\u00a0Pasa primero verificando que todo est\u00e9 en orden en la ruta, as\u00ed como la correcta ubicaci\u00f3n del p\u00fablico.<br \/>\n00:\u00a0Efect\u00faa una revisi\u00f3n m\u00e1s detallada de los aspectos antes se\u00f1alados<br \/>\n0:\u00a0Indica que la competencia est\u00e1 apta para comenzar y m\u00e1s tarde pasar\u00e1n los veh\u00edculos a alta velocidad.<br \/>\nRastrillo:\u00a0es el \u00faltimo veh\u00edculo de la organizaci\u00f3n en pasar, asegurando que no hay m\u00e1s veh\u00edculos en competencias en la especial.<\/p>\n<p><strong>Responsabilidad y cuidado ambiental<\/strong><\/p>\n<p style=\"text-align: justify;\">Carabineros tambi\u00e9n enfatiz\u00f3 la importancia del rol protector de los adultos que asisten con menores de edad para prevenir accidentes.<br \/>\n\u201cEs importante destacar que cuidarnos es tarea de todos y es relevante el rol protector que tienen los padres o quienes asistan con menores de edad para evitar alg\u00fan accidente lamentable\u201d, indic\u00f3 el Coronel Abarca.<\/p>\n<p style=\"text-align: justify;\">Adem\u00e1s de las medidas de seguridad vial, la organizaci\u00f3n ha dispuesto el cierre de los tramos donde se realiza la carrera para evitar que animales crucen la v\u00eda.<\/p>\n<p style=\"text-align: justify;\">Debido a la duraci\u00f3n del evento y las condiciones clim\u00e1ticas de la zona, el Prefecto de Carabineros Ays\u00e9n record\u00f3 a los asistentes llevar abrigo suficiente, caf\u00e9, alimentos y todas las provisiones necesarias para permanecer durante varias horas en el lugar.<\/p>\n<p style=\"text-align: justify;\">Asimismo, la Instituci\u00f3n llam\u00f3 a la responsabilidad de conservaci\u00f3n de la naturaleza, instando a los asistentes a recoger la basura de los productos consumidos y depositarla en los basureros o lugares habilitados para ello.<\/p>\n<\/div><\/section><\/div><div  style='height:50px' class='hr hr-invisible   avia-builder-el-6  el_after_av_one_full  el_before_av_social_share '><span class='hr-inner ' ><span class='hr-inner-style'><\/span><\/span><\/div><\/p>\n<div  class='av-social-sharing-box  avia-builder-el-7  el_after_av_hr  el_before_av_hr  '><div class='av-share-box'><h5 class='av-share-link-description av-no-toc '>Compartir esta noticia<\/h5><ul class='av-share-box-list noLightbox'><li class='av-share-link av-social-link-facebook' ><a target=\"_blank\" aria-label=\"Compartir en Facebook\" href='https:\/\/www.facebook.com\/sharer.php?u=https:\/\/radiorevelacionfm.cl\/?p=60182&#038;t=Carabineros%20despliega%20amplio%20operativo%20de%20seguridad%20en%20Rally%20Mobil%202025%20en%20Ays%C3%A9n%20%E2%80%93%20Coyhaique' aria-hidden='false' data-av_icon='\ue8f3' data-av_iconfont='entypo-fontello' title='' data-avia-related-tooltip='Compartir en Facebook' rel=\"noopener\"><span class='avia_hidden_link_text'>Compartir en Facebook<\/span><\/a><\/li><li class='av-share-link av-social-link-twitter' ><a target=\"_blank\" aria-label=\"Compartir en Twitter\" href='https:\/\/twitter.com\/share?text=Carabineros%20despliega%20amplio%20operativo%20de%20seguridad%20en%20Rally%20Mobil%202025%20en%20Ays%C3%A9n%20%E2%80%93%20Coyhaique&#038;url=https:\/\/radiorevelacionfm.cl\/?p=60182' aria-hidden='false' data-av_icon='\ue8f1' data-av_iconfont='entypo-fontello' title='' data-avia-related-tooltip='Compartir en Twitter' rel=\"noopener\"><span class='avia_hidden_link_text'>Compartir en Twitter<\/span><\/a><\/li><li class='av-share-link av-social-link-whatsapp' ><a target=\"_blank\" aria-label=\"Compartir en Whatsapp\" href='https:\/\/api.whatsapp.com\/send?text=https:\/\/radiorevelacionfm.cl\/?p=60182' aria-hidden='false' data-av_icon='\uf232' data-av_iconfont='entypo-fontello' title='' data-avia-related-tooltip='Compartir en Whatsapp' rel=\"noopener\"><span class='avia_hidden_link_text'>Compartir en Whatsapp<\/span><\/a><\/li><li class='av-share-link av-social-link-linkedin' ><a target=\"_blank\" aria-label=\"Compartir en LinkedIn\" href='https:\/\/linkedin.com\/shareArticle?mini=true&#038;title=Carabineros%20despliega%20amplio%20operativo%20de%20seguridad%20en%20Rally%20Mobil%202025%20en%20Ays%C3%A9n%20%E2%80%93%20Coyhaique&#038;url=https:\/\/radiorevelacionfm.cl\/?p=60182' aria-hidden='false' data-av_icon='\ue8fc' data-av_iconfont='entypo-fontello' title='' data-avia-related-tooltip='Compartir en LinkedIn' rel=\"noopener\"><span class='avia_hidden_link_text'>Compartir en LinkedIn<\/span><\/a><\/li><li class='av-share-link av-social-link-mail' ><a  aria-label=\"Compartir por correo\" href='mailto:?subject=Carabineros%20despliega%20amplio%20operativo%20de%20seguridad%20en%20Rally%20Mobil%202025%20en%20Ays%C3%A9n%20%E2%80%93%20Coyhaique&#038;body=https:\/\/radiorevelacionfm.cl\/?p=60182' aria-hidden='false' data-av_icon='\ue805' data-av_iconfont='entypo-fontello' title='' data-avia-related-tooltip='Compartir por correo'><span class='avia_hidden_link_text'>Compartir por correo<\/span><\/a><\/li><\/ul><\/div><\/div>\n<div  style='height:50px' class='hr hr-invisible   avia-builder-el-8  el_after_av_social_share  el_before_av_comments_list '><span class='hr-inner ' ><span class='hr-inner-style'><\/span><\/span><\/div>\n<div  class='av-buildercomment  av-blog-meta-html-info-disabled av-blog-meta-tag-disabled  '><\/div>\n","protected":false},"excerpt":{"rendered":"","protected":false},"author":1,"featured_media":60183,"comment_status":"closed","ping_status":"closed","sticky":false,"template":"","format":"standard","meta":{"footnotes":""},"categories":[36],"tags":[],"class_list":["post-60182","post","type-post","status-publish","format-standard","has-post-thumbnail","hentry","category-policial"],"jetpack_featured_media_url":"https:\/\/radiorevelacionfm.cl\/wp-content\/uploads\/2025\/10\/eae14770-c67c-4ea6-981e-229a142510df-1-1.jpg","_links":{"self":[{"href":"https:\/\/radiorevelacionfm.cl\/index.php?rest_route=\/wp\/v2\/posts\/60182","targetHints":{"allow":["GET"]}}],"collection":[{"href":"https:\/\/radiorevelacionfm.cl\/index.php?rest_route=\/wp\/v2\/posts"}],"about":[{"href":"https:\/\/radiorevelacionfm.cl\/index.php?rest_route=\/wp\/v2\/types\/post"}],"author":[{"embeddable":true,"href":"https:\/\/radiorevelacionfm.cl\/index.php?rest_route=\/wp\/v2\/users\/1"}],"replies":[{"embeddable":true,"href":"https:\/\/radiorevelacionfm.cl\/index.php?rest_route=%2Fwp%2Fv2%2Fcomments&post=60182"}],"version-history":[{"count":2,"href":"https:\/\/radiorevelacionfm.cl\/index.php?rest_route=\/wp\/v2\/posts\/60182\/revisions"}],"predecessor-version":[{"id":60185,"href":"https:\/\/radiorevelacionfm.cl\/index.php?rest_route=\/wp\/v2\/posts\/60182\/revisions\/60185"}],"wp:featuredmedia":[{"embeddable":true,"href":"https:\/\/radiorevelacionfm.cl\/index.php?rest_route=\/wp\/v2\/media\/60183"}],"wp:attachment":[{"href":"https:\/\/radiorevelacionfm.cl\/index.php?rest_route=%2Fwp%2Fv2%2Fmedia&parent=60182"}],"wp:term":[{"taxonomy":"category","embeddable":true,"href":"https:\/\/radiorevelacionfm.cl\/index.php?rest_route=%2Fwp%2Fv2%2Fcategories&post=60182"},{"taxonomy":"post_tag","embeddable":true,"href":"https:\/\/radiorevelacionfm.cl\/index.php?rest_route=%2Fwp%2Fv2%2Ftags&post=60182"}],"curies":[{"name":"wp","href":"https:\/\/api.w.org\/{rel}","templated":true}]}}