{"id":60169,"date":"2025-10-10T11:15:48","date_gmt":"2025-10-10T14:15:48","guid":{"rendered":"https:\/\/radiorevelacionfm.cl\/?p=60169"},"modified":"2025-10-10T11:15:48","modified_gmt":"2025-10-10T14:15:48","slug":"ante-situaciones-de-emergencia-core-guglielmi-y-presidente-aremu-proponen-invertir-en-un-helicoptero-para-la-region","status":"publish","type":"post","link":"https:\/\/radiorevelacionfm.cl\/?p=60169","title":{"rendered":"Ante situaciones de emergencia: CORE Guglielmi y presidente AREMU proponen invertir en un helic\u00f3ptero para la regi\u00f3n"},"content":{"rendered":"<div class=\"flex_column av_one_full  flex_column_div av-zero-column-padding first  avia-builder-el-0  el_before_av_one_full  avia-builder-el-first  \" style='border-radius:0px; '><div  class='avia-image-container  av-styling-    avia-builder-el-1  avia-builder-el-no-sibling  avia-align-center '  itemprop=\"image\" itemscope=\"itemscope\" itemtype=\"https:\/\/schema.org\/ImageObject\"  ><div class='avia-image-container-inner'><div class='avia-image-overlay-wrap'><img decoding=\"async\" class='wp-image-60170 avia-img-lazy-loading-not-60170 avia_image' src=\"https:\/\/radiorevelacionfm.cl\/wp-content\/uploads\/2025\/10\/core-aremu-1_optimized.jpg\" alt='' title='core-aremu-(1)_optimized' height=\"600\" width=\"1372\"  itemprop=\"thumbnailUrl\" srcset=\"https:\/\/radiorevelacionfm.cl\/wp-content\/uploads\/2025\/10\/core-aremu-1_optimized.jpg 1372w, https:\/\/radiorevelacionfm.cl\/wp-content\/uploads\/2025\/10\/core-aremu-1_optimized-300x131.jpg 300w, https:\/\/radiorevelacionfm.cl\/wp-content\/uploads\/2025\/10\/core-aremu-1_optimized-1030x450.jpg 1030w, https:\/\/radiorevelacionfm.cl\/wp-content\/uploads\/2025\/10\/core-aremu-1_optimized-768x336.jpg 768w, https:\/\/radiorevelacionfm.cl\/wp-content\/uploads\/2025\/10\/core-aremu-1_optimized-705x308.jpg 705w, https:\/\/radiorevelacionfm.cl\/wp-content\/uploads\/2025\/10\/core-aremu-1_optimized-450x197.jpg 450w, https:\/\/radiorevelacionfm.cl\/wp-content\/uploads\/2025\/10\/core-aremu-1_optimized-600x262.jpg 600w\" sizes=\"(max-width: 1372px) 100vw, 1372px\" \/><\/div><\/div><\/div><\/div><div class=\"flex_column av_one_full  flex_column_div av-zero-column-padding first  avia-builder-el-2  el_after_av_one_full  el_before_av_one_full  column-top-margin\" style='border-radius:0px; '><section class=\"av_textblock_section \"  itemscope=\"itemscope\" itemtype=\"https:\/\/schema.org\/BlogPosting\" itemprop=\"blogPost\" ><div class='avia_textblock  '   itemprop=\"text\" ><p style=\"text-align: center;\"><strong><span style=\"font-size: 18pt;\">Ante situaciones de emergencia: CORE Guglielmi y presidente AREMU proponen invertir en un helic\u00f3ptero para la regi\u00f3n<\/span><\/strong><\/p>\n<div id=\"gtx-trans\" style=\"position: absolute; left: -50px; top: 4.31534px;\">\n<div class=\"gtx-trans-icon\"><\/div>\n<\/div>\n<\/div><\/section><\/div><div class=\"flex_column av_one_full  flex_column_div av-zero-column-padding first  avia-builder-el-4  el_after_av_one_full  el_before_av_hr  column-top-margin\" style='border-radius:0px; '><section class=\"av_textblock_section \"  itemscope=\"itemscope\" itemtype=\"https:\/\/schema.org\/BlogPosting\" itemprop=\"blogPost\" ><div class='avia_textblock  '   itemprop=\"text\" ><p style=\"font-weight: 400; text-align: justify;\"><em>Cabe destacar que actualmente se cuenta s\u00f3lo con un helic\u00f3ptero que pertenece a Carabineros y tiene un 30% de tiempo de permanencia en la zona. En tanto, un 70% del tiempo es utilizado en la Araucan\u00eda.<\/em><\/p>\n<p style=\"font-weight: 400; text-align: justify;\">En virtud de los acontecimientos que han afectado a diversos puntos de la regi\u00f3n tras el frente de mal tiempo y situaciones de emergencias que han requerido de una respuesta r\u00e1pida al requerirse traslados u otros apoyos, el consejero regional, Pablo Guglielmi y el alcalde, Francisco Roncagliolo en representaci\u00f3n de la Asociaci\u00f3n Regional de Municipios (AREMU) levantaron el requerimiento de la adquisici\u00f3n de un nuevo helic\u00f3ptero para la regi\u00f3n, cuyos recursos pudieran venir de aportes sectoriales y del Gobierno Regional de Ays\u00e9n.<\/p>\n<p style=\"font-weight: 400; text-align: justify;\">Tras presentar una moci\u00f3n en el pleno del Consejo Regional, Pablo Guglielmi detall\u00f3 que\u00a0\u201cante los acontecimientos que hemos tenido en nuestra Regi\u00f3n de Ays\u00e9n por fen\u00f3menos clim\u00e1ticos, aislamiento,\u00a0y desprendimientos\u00a0de terrenos\u00a0en el sur \u00a0hemos puesto a disposici\u00f3n una solicitud a trav\u00e9s del Gobierno\u00a0Regional con la participaci\u00f3n del gobernador,\u00a0Marcelo Santana y tambi\u00e9n todos los Consejeros Regionales para comenzar a trabajar y planificar la compra de un helic\u00f3ptero para nuestra regi\u00f3n\u201d.<\/p>\n<p style=\"font-weight: 400; text-align: justify;\">\u201cEsto\u00a0nos podr\u00eda\u00a0ayudar a enfrentar los distintos desaf\u00edos y necesidades que tenemos como territorio.\u00a0Tales como;\u00a0emergencias clim\u00e1ticas, situaciones de aislamiento\u00a0ante falta de conectividad y emergencias de salud, a fin de dar soluciones con\u00a0respuesta r\u00e1pida y efectiva para prevenir\u00a0o reaccionar a trav\u00e9s de los traslados a\u00e9reos\u201d, agreg\u00f3.<\/p>\n<p style=\"font-weight: 400; text-align: justify;\">\u201cLa adquisici\u00f3n de un helic\u00f3ptero para emergencias es una necesidad imperiosa para nuestra Regi\u00f3n de Ays\u00e9n. Con este recurso podr\u00edamos mejorar significativamente la respuesta ante diversas emergencias, proteger la vida de nuestros habitantes y fortalecer la resiliencia comunitaria frente a los desastres naturales. Es hora de tomar medidas para garantizar la seguridad y\u00a0el\u00a0bienestar de nuestros vecinos. Por eso,\u00a0desde hoy\u00a0y\u00a0con anuencia de todo el Consejo Regional, hemos presentado esta moci\u00f3n y comenzaremos a trabajar en\u00a0impulsar\u00a0este plan\u201d, enfatiz\u00f3 Guglielmi.<\/p>\n<p style=\"font-weight: 400; text-align: justify;\">En esa l\u00ednea y en representaci\u00f3n de la AREMU, el alcalde de Cisnes, Francisco Roncagliolo precis\u00f3 tambi\u00e9n que \u201choy nuestra regi\u00f3n depende solamente de sus rutas terrestres. Entonces, se hace tremendamente importante la posibilidad de contar con puentes a\u00e9reos y eso, significa tener disponibles equipos como helic\u00f3pteros, por ejemplo, que nos permitan acercarnos en caso de desastres como los recientes\u201d.<\/p>\n<p style=\"font-weight: 400; text-align: justify;\">\u201cCon esta contingencia de mal tiempo tenemos rutas cortadas, ciudades aisladas y \u00a0zonas rurales tambi\u00e9n aisladas con muy dif\u00edcil acceso y eso requiere llegar de una forma distinta. Entonces, hoy d\u00eda por la informaci\u00f3n que tenemos, solamente se cuenta con un helic\u00f3ptero que es de Carabineros, pero tampoco tiene todas las capacidades necesarias como para poder abastecer o llegar a distintos rincones del territorio\u201d, a\u00f1adi\u00f3 el alcalde.<\/p>\n<p style=\"font-weight: 400; text-align: justify;\">Finalmente, la autoridad de la zona norte, fue enf\u00e1tico en manifestar que \u201cnuestra regi\u00f3n es muy extensa y sobre todo lo que est\u00e1 pasando en las cinco comunas del sur, \u00a0limita bastante el poder llegar con ayuda. Entonces, tenemos que estudiar y analizar la posibilidad de implementar puentes a\u00e9reos para la Regi\u00f3n que nos permitan no solamente conectividad, sino que tambi\u00e9n llegar de una forma r\u00e1pida y oportuna ante las necesidades que tengan nuestros vecinos, sobre todo los territorios m\u00e1s aislados de nuestra regi\u00f3n de Ays\u00e9n\u201d.<\/p>\n<\/div><\/section><\/div><div  style='height:50px' class='hr hr-invisible   avia-builder-el-6  el_after_av_one_full  el_before_av_social_share '><span class='hr-inner ' ><span class='hr-inner-style'><\/span><\/span><\/div><\/p>\n<div  class='av-social-sharing-box  avia-builder-el-7  el_after_av_hr  el_before_av_hr  '><div class='av-share-box'><h5 class='av-share-link-description av-no-toc '>Compartir esta noticia<\/h5><ul class='av-share-box-list noLightbox'><li class='av-share-link av-social-link-facebook' ><a target=\"_blank\" aria-label=\"Compartir en Facebook\" href='https:\/\/www.facebook.com\/sharer.php?u=https:\/\/radiorevelacionfm.cl\/?p=60169&#038;t=Ante%20situaciones%20de%20emergencia%3A%20CORE%20Guglielmi%20y%20presidente%20AREMU%20proponen%20invertir%20en%20un%20helic%C3%B3ptero%20para%20la%20regi%C3%B3n' aria-hidden='false' data-av_icon='\ue8f3' data-av_iconfont='entypo-fontello' title='' data-avia-related-tooltip='Compartir en Facebook' rel=\"noopener\"><span class='avia_hidden_link_text'>Compartir en Facebook<\/span><\/a><\/li><li class='av-share-link av-social-link-twitter' ><a target=\"_blank\" aria-label=\"Compartir en Twitter\" href='https:\/\/twitter.com\/share?text=Ante%20situaciones%20de%20emergencia%3A%20CORE%20Guglielmi%20y%20presidente%20AREMU%20proponen%20invertir%20en%20un%20helic%C3%B3ptero%20para%20la%20regi%C3%B3n&#038;url=https:\/\/radiorevelacionfm.cl\/?p=60169' aria-hidden='false' data-av_icon='\ue8f1' data-av_iconfont='entypo-fontello' title='' data-avia-related-tooltip='Compartir en Twitter' rel=\"noopener\"><span class='avia_hidden_link_text'>Compartir en Twitter<\/span><\/a><\/li><li class='av-share-link av-social-link-whatsapp' ><a target=\"_blank\" aria-label=\"Compartir en Whatsapp\" href='https:\/\/api.whatsapp.com\/send?text=https:\/\/radiorevelacionfm.cl\/?p=60169' aria-hidden='false' data-av_icon='\uf232' data-av_iconfont='entypo-fontello' title='' data-avia-related-tooltip='Compartir en Whatsapp' rel=\"noopener\"><span class='avia_hidden_link_text'>Compartir en Whatsapp<\/span><\/a><\/li><li class='av-share-link av-social-link-linkedin' ><a target=\"_blank\" aria-label=\"Compartir en LinkedIn\" href='https:\/\/linkedin.com\/shareArticle?mini=true&#038;title=Ante%20situaciones%20de%20emergencia%3A%20CORE%20Guglielmi%20y%20presidente%20AREMU%20proponen%20invertir%20en%20un%20helic%C3%B3ptero%20para%20la%20regi%C3%B3n&#038;url=https:\/\/radiorevelacionfm.cl\/?p=60169' aria-hidden='false' data-av_icon='\ue8fc' data-av_iconfont='entypo-fontello' title='' data-avia-related-tooltip='Compartir en LinkedIn' rel=\"noopener\"><span class='avia_hidden_link_text'>Compartir en LinkedIn<\/span><\/a><\/li><li class='av-share-link av-social-link-mail' ><a  aria-label=\"Compartir por correo\" href='mailto:?subject=Ante%20situaciones%20de%20emergencia%3A%20CORE%20Guglielmi%20y%20presidente%20AREMU%20proponen%20invertir%20en%20un%20helic%C3%B3ptero%20para%20la%20regi%C3%B3n&#038;body=https:\/\/radiorevelacionfm.cl\/?p=60169' aria-hidden='false' data-av_icon='\ue805' data-av_iconfont='entypo-fontello' title='' data-avia-related-tooltip='Compartir por correo'><span class='avia_hidden_link_text'>Compartir por correo<\/span><\/a><\/li><\/ul><\/div><\/div>\n<div  style='height:50px' class='hr hr-invisible   avia-builder-el-8  el_after_av_social_share  el_before_av_comments_list '><span class='hr-inner ' ><span class='hr-inner-style'><\/span><\/span><\/div>\n<div  class='av-buildercomment  av-blog-meta-html-info-disabled av-blog-meta-tag-disabled  '><\/div>\n","protected":false},"excerpt":{"rendered":"","protected":false},"author":1,"featured_media":60170,"comment_status":"closed","ping_status":"closed","sticky":false,"template":"","format":"standard","meta":{"footnotes":""},"categories":[38],"tags":[],"class_list":["post-60169","post","type-post","status-publish","format-standard","has-post-thumbnail","hentry","category-regional"],"jetpack_featured_media_url":"https:\/\/radiorevelacionfm.cl\/wp-content\/uploads\/2025\/10\/core-aremu-1_optimized.jpg","_links":{"self":[{"href":"https:\/\/radiorevelacionfm.cl\/index.php?rest_route=\/wp\/v2\/posts\/60169","targetHints":{"allow":["GET"]}}],"collection":[{"href":"https:\/\/radiorevelacionfm.cl\/index.php?rest_route=\/wp\/v2\/posts"}],"about":[{"href":"https:\/\/radiorevelacionfm.cl\/index.php?rest_route=\/wp\/v2\/types\/post"}],"author":[{"embeddable":true,"href":"https:\/\/radiorevelacionfm.cl\/index.php?rest_route=\/wp\/v2\/users\/1"}],"replies":[{"embeddable":true,"href":"https:\/\/radiorevelacionfm.cl\/index.php?rest_route=%2Fwp%2Fv2%2Fcomments&post=60169"}],"version-history":[{"count":2,"href":"https:\/\/radiorevelacionfm.cl\/index.php?rest_route=\/wp\/v2\/posts\/60169\/revisions"}],"predecessor-version":[{"id":60179,"href":"https:\/\/radiorevelacionfm.cl\/index.php?rest_route=\/wp\/v2\/posts\/60169\/revisions\/60179"}],"wp:featuredmedia":[{"embeddable":true,"href":"https:\/\/radiorevelacionfm.cl\/index.php?rest_route=\/wp\/v2\/media\/60170"}],"wp:attachment":[{"href":"https:\/\/radiorevelacionfm.cl\/index.php?rest_route=%2Fwp%2Fv2%2Fmedia&parent=60169"}],"wp:term":[{"taxonomy":"category","embeddable":true,"href":"https:\/\/radiorevelacionfm.cl\/index.php?rest_route=%2Fwp%2Fv2%2Fcategories&post=60169"},{"taxonomy":"post_tag","embeddable":true,"href":"https:\/\/radiorevelacionfm.cl\/index.php?rest_route=%2Fwp%2Fv2%2Ftags&post=60169"}],"curies":[{"name":"wp","href":"https:\/\/api.w.org\/{rel}","templated":true}]}}