{"id":60166,"date":"2025-10-10T10:36:42","date_gmt":"2025-10-10T13:36:42","guid":{"rendered":"https:\/\/radiorevelacionfm.cl\/?p=60166"},"modified":"2025-10-10T10:36:42","modified_gmt":"2025-10-10T13:36:42","slug":"seremi-de-educacion-destaca-aprobacion-de-mas-de-2-mil-millones-de-pesos-para-el-mejoramiento-integral-de-la-escuela-de-balmaceda","status":"publish","type":"post","link":"https:\/\/radiorevelacionfm.cl\/?p=60166","title":{"rendered":"Seremi de Educaci\u00f3n destaca aprobaci\u00f3n de m\u00e1s de 2 mil millones de pesos para el mejoramiento integral de la Escuela de Balmaceda"},"content":{"rendered":"<div class=\"flex_column av_one_full  flex_column_div av-zero-column-padding first  avia-builder-el-0  el_before_av_one_full  avia-builder-el-first  \" style='border-radius:0px; '><div  class='avia-image-container  av-styling-    avia-builder-el-1  avia-builder-el-no-sibling  avia-align-center '  itemprop=\"image\" itemscope=\"itemscope\" itemtype=\"https:\/\/schema.org\/ImageObject\"  ><div class='avia-image-container-inner'><div class='avia-image-overlay-wrap'><img decoding=\"async\" class='wp-image-60167 avia-img-lazy-loading-not-60167 avia_image' src=\"https:\/\/radiorevelacionfm.cl\/wp-content\/uploads\/2025\/10\/grupal-con-slep-1_optimized.jpeg\" alt='' title='grupal-con-slep-(1)_optimized' height=\"600\" width=\"931\"  itemprop=\"thumbnailUrl\" srcset=\"https:\/\/radiorevelacionfm.cl\/wp-content\/uploads\/2025\/10\/grupal-con-slep-1_optimized.jpeg 931w, https:\/\/radiorevelacionfm.cl\/wp-content\/uploads\/2025\/10\/grupal-con-slep-1_optimized-300x193.jpeg 300w, https:\/\/radiorevelacionfm.cl\/wp-content\/uploads\/2025\/10\/grupal-con-slep-1_optimized-768x495.jpeg 768w, https:\/\/radiorevelacionfm.cl\/wp-content\/uploads\/2025\/10\/grupal-con-slep-1_optimized-705x454.jpeg 705w, https:\/\/radiorevelacionfm.cl\/wp-content\/uploads\/2025\/10\/grupal-con-slep-1_optimized-450x290.jpeg 450w, https:\/\/radiorevelacionfm.cl\/wp-content\/uploads\/2025\/10\/grupal-con-slep-1_optimized-600x387.jpeg 600w\" sizes=\"(max-width: 931px) 100vw, 931px\" \/><\/div><\/div><\/div><\/div><div class=\"flex_column av_one_full  flex_column_div av-zero-column-padding first  avia-builder-el-2  el_after_av_one_full  el_before_av_one_full  column-top-margin\" style='border-radius:0px; '><section class=\"av_textblock_section \"  itemscope=\"itemscope\" itemtype=\"https:\/\/schema.org\/BlogPosting\" itemprop=\"blogPost\" ><div class='avia_textblock  '   itemprop=\"text\" ><p style=\"text-align: center;\"><strong><span style=\"font-size: 18pt;\">Seremi de Educaci\u00f3n destaca aprobaci\u00f3n de m\u00e1s de 2 mil millones de pesos para el mejoramiento integral de la Escuela de Balmaceda<\/span><\/strong><\/p>\n<div id=\"gtx-trans\" style=\"position: absolute; left: -50px; top: 4.31534px;\">\n<div class=\"gtx-trans-icon\"><\/div>\n<\/div>\n<\/div><\/section><\/div><div class=\"flex_column av_one_full  flex_column_div av-zero-column-padding first  avia-builder-el-4  el_after_av_one_full  el_before_av_hr  column-top-margin\" style='border-radius:0px; '><section class=\"av_textblock_section \"  itemscope=\"itemscope\" itemtype=\"https:\/\/schema.org\/BlogPosting\" itemprop=\"blogPost\" ><div class='avia_textblock  '   itemprop=\"text\" ><p style=\"font-weight: 400; text-align: justify;\">La seremi de Educaci\u00f3n, Katherine Miqueles, destac\u00f3 la aprobaci\u00f3n de importantes recursos para proyectos de infraestructura de establecimientos y recintos educacionales por parte del Consejo Regional de Ays\u00e9n.<\/p>\n<p style=\"font-weight: 400; text-align: justify;\">El pleno del CORE aprob\u00f3 por unanimidad el financiamiento del proyecto de conservaci\u00f3n de la Escuela Jos\u00e9 Antol\u00edn Silva Orme\u00f1o de Balmaceda, con una inversi\u00f3n superior a 2 mil millones de pesos, iniciativa presentada por el Servicio Local de Educaci\u00f3n P\u00fablica (SLEP) Ays\u00e9n. El proyecto considera mejoras estructurales, revestimientos, pisos, cielos y equipamiento moderno. Adem\u00e1s, incluye una multibanca y espacios techados de esparcimiento.<\/p>\n<p style=\"font-weight: 400; text-align: justify;\">Tambi\u00e9n fue aprobado el financiamiento del gimnasio de la Escuela Gabriela Mistral de Puerto Tranquilo, iniciativa presentada por la Municipalidad de R\u00edo Ib\u00e1\u00f1ez.<\/p>\n<p style=\"font-weight: 400; text-align: justify;\">Al respecto, Katherine Miqueles afirm\u00f3: \u201cAgradecer lo que ha acontecido hoy en el Gobierno Regional, que es muy importante. Es una muy buena noticia para la educaci\u00f3n p\u00fablica; es justicia territorial. La aprobaci\u00f3n de la conservaci\u00f3n integral de la Escuela Antol\u00edn Silva Orme\u00f1o nos pone muy contentos, porque es una localidad fronteriza e hist\u00f3rica, la puerta de entrada a nuestra regi\u00f3n, y la escuela est\u00e1 a punto de cumplir cien a\u00f1os. Tambi\u00e9n nos alegra el mejoramiento del gimnasio de la Escuela Gabriela Mistral de Puerto Tranquilo, porque las escuelas son centros neur\u00e1lgicos de desarrollo local: all\u00ed la gente aprende, se re\u00fane y comparte. Por lo anterior, nos tiene muy contentos la noticia de hoy. Agradecemos al Servicio Local de Educaci\u00f3n P\u00fablica por la gesti\u00f3n de este proyecto, y al Gobierno Regional por esta visi\u00f3n transversal de la educaci\u00f3n, donde cada peso invertido es una apuesta de futuro que apunta al desarrollo local.\u201d<\/p>\n<p style=\"font-weight: 400; text-align: justify;\">En esa misma l\u00ednea, la presidenta del Centro de Padres y Apoderados de la Escuela Jos\u00e9 Antol\u00edn Silva Orme\u00f1o, Ang\u00e9lica Cifuentes, valor\u00f3 el financiamiento de esta iniciativa. \u201cEste proyecto es un beneficio no solo para la comunidad de nuestra escuela, sino tambi\u00e9n para toda la localidad de Balmaceda. Agradecemos a nuestra directora, que nos ha escuchado e impulsado buenas ideas. Estamos muy agradecidos, porque la Escuela de Balmaceda va a tener un gran cambio como establecimiento, y con ello se salda una deuda de muchos a\u00f1os.\u201d<\/p>\n<p style=\"font-weight: 400; text-align: justify;\">En tanto, la directora del plantel, Laura Ramos Olivares, expres\u00f3: \u201cHoy queremos agradecer a todos quienes hicieron un esfuerzo para que esto sea posible, ya que nuestras ni\u00f1as y nuestros ni\u00f1os merecen la dignidad necesaria para lograr los aprendizajes.\u201d<\/p>\n<\/div><\/section><\/div><div  style='height:50px' class='hr hr-invisible   avia-builder-el-6  el_after_av_one_full  el_before_av_social_share '><span class='hr-inner ' ><span class='hr-inner-style'><\/span><\/span><\/div><\/p>\n<div  class='av-social-sharing-box  avia-builder-el-7  el_after_av_hr  el_before_av_hr  '><div class='av-share-box'><h5 class='av-share-link-description av-no-toc '>Compartir esta noticia<\/h5><ul class='av-share-box-list noLightbox'><li class='av-share-link av-social-link-facebook' ><a target=\"_blank\" aria-label=\"Compartir en Facebook\" href='https:\/\/www.facebook.com\/sharer.php?u=https:\/\/radiorevelacionfm.cl\/?p=60166&#038;t=Seremi%20de%20Educaci%C3%B3n%20destaca%20aprobaci%C3%B3n%20de%20m%C3%A1s%20de%202%20mil%20millones%20de%20pesos%20para%20el%20mejoramiento%20integral%20de%20la%20Escuela%20de%20Balmaceda' aria-hidden='false' data-av_icon='\ue8f3' data-av_iconfont='entypo-fontello' title='' data-avia-related-tooltip='Compartir en Facebook' rel=\"noopener\"><span class='avia_hidden_link_text'>Compartir en Facebook<\/span><\/a><\/li><li class='av-share-link av-social-link-twitter' ><a target=\"_blank\" aria-label=\"Compartir en Twitter\" href='https:\/\/twitter.com\/share?text=Seremi%20de%20Educaci%C3%B3n%20destaca%20aprobaci%C3%B3n%20de%20m%C3%A1s%20de%202%20mil%20millones%20de%20pesos%20para%20el%20mejoramiento%20integral%20de%20la%20Escuela%20de%20Balmaceda&#038;url=https:\/\/radiorevelacionfm.cl\/?p=60166' aria-hidden='false' data-av_icon='\ue8f1' data-av_iconfont='entypo-fontello' title='' data-avia-related-tooltip='Compartir en Twitter' rel=\"noopener\"><span class='avia_hidden_link_text'>Compartir en Twitter<\/span><\/a><\/li><li class='av-share-link av-social-link-whatsapp' ><a target=\"_blank\" aria-label=\"Compartir en Whatsapp\" href='https:\/\/api.whatsapp.com\/send?text=https:\/\/radiorevelacionfm.cl\/?p=60166' aria-hidden='false' data-av_icon='\uf232' data-av_iconfont='entypo-fontello' title='' data-avia-related-tooltip='Compartir en Whatsapp' rel=\"noopener\"><span class='avia_hidden_link_text'>Compartir en Whatsapp<\/span><\/a><\/li><li class='av-share-link av-social-link-linkedin' ><a target=\"_blank\" aria-label=\"Compartir en LinkedIn\" href='https:\/\/linkedin.com\/shareArticle?mini=true&#038;title=Seremi%20de%20Educaci%C3%B3n%20destaca%20aprobaci%C3%B3n%20de%20m%C3%A1s%20de%202%20mil%20millones%20de%20pesos%20para%20el%20mejoramiento%20integral%20de%20la%20Escuela%20de%20Balmaceda&#038;url=https:\/\/radiorevelacionfm.cl\/?p=60166' aria-hidden='false' data-av_icon='\ue8fc' data-av_iconfont='entypo-fontello' title='' data-avia-related-tooltip='Compartir en LinkedIn' rel=\"noopener\"><span class='avia_hidden_link_text'>Compartir en LinkedIn<\/span><\/a><\/li><li class='av-share-link av-social-link-mail' ><a  aria-label=\"Compartir por correo\" href='mailto:?subject=Seremi%20de%20Educaci%C3%B3n%20destaca%20aprobaci%C3%B3n%20de%20m%C3%A1s%20de%202%20mil%20millones%20de%20pesos%20para%20el%20mejoramiento%20integral%20de%20la%20Escuela%20de%20Balmaceda&#038;body=https:\/\/radiorevelacionfm.cl\/?p=60166' aria-hidden='false' data-av_icon='\ue805' data-av_iconfont='entypo-fontello' title='' data-avia-related-tooltip='Compartir por correo'><span class='avia_hidden_link_text'>Compartir por correo<\/span><\/a><\/li><\/ul><\/div><\/div>\n<div  style='height:50px' class='hr hr-invisible   avia-builder-el-8  el_after_av_social_share  el_before_av_comments_list '><span class='hr-inner ' ><span class='hr-inner-style'><\/span><\/span><\/div>\n<div  class='av-buildercomment  av-blog-meta-html-info-disabled av-blog-meta-tag-disabled  '><\/div>\n","protected":false},"excerpt":{"rendered":"","protected":false},"author":1,"featured_media":60167,"comment_status":"closed","ping_status":"closed","sticky":false,"template":"","format":"standard","meta":{"footnotes":""},"categories":[49],"tags":[],"class_list":["post-60166","post","type-post","status-publish","format-standard","has-post-thumbnail","hentry","category-educacion"],"jetpack_featured_media_url":"https:\/\/radiorevelacionfm.cl\/wp-content\/uploads\/2025\/10\/grupal-con-slep-1_optimized.jpeg","_links":{"self":[{"href":"https:\/\/radiorevelacionfm.cl\/index.php?rest_route=\/wp\/v2\/posts\/60166","targetHints":{"allow":["GET"]}}],"collection":[{"href":"https:\/\/radiorevelacionfm.cl\/index.php?rest_route=\/wp\/v2\/posts"}],"about":[{"href":"https:\/\/radiorevelacionfm.cl\/index.php?rest_route=\/wp\/v2\/types\/post"}],"author":[{"embeddable":true,"href":"https:\/\/radiorevelacionfm.cl\/index.php?rest_route=\/wp\/v2\/users\/1"}],"replies":[{"embeddable":true,"href":"https:\/\/radiorevelacionfm.cl\/index.php?rest_route=%2Fwp%2Fv2%2Fcomments&post=60166"}],"version-history":[{"count":2,"href":"https:\/\/radiorevelacionfm.cl\/index.php?rest_route=\/wp\/v2\/posts\/60166\/revisions"}],"predecessor-version":[{"id":60178,"href":"https:\/\/radiorevelacionfm.cl\/index.php?rest_route=\/wp\/v2\/posts\/60166\/revisions\/60178"}],"wp:featuredmedia":[{"embeddable":true,"href":"https:\/\/radiorevelacionfm.cl\/index.php?rest_route=\/wp\/v2\/media\/60167"}],"wp:attachment":[{"href":"https:\/\/radiorevelacionfm.cl\/index.php?rest_route=%2Fwp%2Fv2%2Fmedia&parent=60166"}],"wp:term":[{"taxonomy":"category","embeddable":true,"href":"https:\/\/radiorevelacionfm.cl\/index.php?rest_route=%2Fwp%2Fv2%2Fcategories&post=60166"},{"taxonomy":"post_tag","embeddable":true,"href":"https:\/\/radiorevelacionfm.cl\/index.php?rest_route=%2Fwp%2Fv2%2Ftags&post=60166"}],"curies":[{"name":"wp","href":"https:\/\/api.w.org\/{rel}","templated":true}]}}