{"id":60163,"date":"2025-10-10T21:58:49","date_gmt":"2025-10-11T00:58:49","guid":{"rendered":"https:\/\/radiorevelacionfm.cl\/?p=60163"},"modified":"2025-10-10T21:58:49","modified_gmt":"2025-10-11T00:58:49","slug":"consejero-regional-arcadio-soto-advierte-sobre-grave-emergencia-climatica-y-agricola-en-la-zona-sur-de-la-region-de-aysen-y-exige-respuestas-del-nivel-central","status":"publish","type":"post","link":"https:\/\/radiorevelacionfm.cl\/?p=60163","title":{"rendered":"Consejero Regional Arcadio Soto advierte sobre grave emergencia clim\u00e1tica y agr\u00edcola en la zona sur de la regi\u00f3n de Ays\u00e9n y exige respuestas del nivel central"},"content":{"rendered":"<div class=\"flex_column av_one_full  flex_column_div av-zero-column-padding first  avia-builder-el-0  el_before_av_one_full  avia-builder-el-first  \" style='border-radius:0px; '><div  class='avia-image-container  av-styling-    avia-builder-el-1  avia-builder-el-no-sibling  avia-align-center '  itemprop=\"image\" itemscope=\"itemscope\" itemtype=\"https:\/\/schema.org\/ImageObject\"  ><div class='avia-image-container-inner'><div class='avia-image-overlay-wrap'><img decoding=\"async\" class='wp-image-60164 avia-img-lazy-loading-not-60164 avia_image' src=\"https:\/\/radiorevelacionfm.cl\/wp-content\/uploads\/2025\/10\/CORE-SOTO-1-1-1.jpg\" alt='' title='CORE SOTO (1) (1) (1)' height=\"600\" width=\"899\"  itemprop=\"thumbnailUrl\" srcset=\"https:\/\/radiorevelacionfm.cl\/wp-content\/uploads\/2025\/10\/CORE-SOTO-1-1-1.jpg 899w, https:\/\/radiorevelacionfm.cl\/wp-content\/uploads\/2025\/10\/CORE-SOTO-1-1-1-300x200.jpg 300w, https:\/\/radiorevelacionfm.cl\/wp-content\/uploads\/2025\/10\/CORE-SOTO-1-1-1-768x513.jpg 768w, https:\/\/radiorevelacionfm.cl\/wp-content\/uploads\/2025\/10\/CORE-SOTO-1-1-1-705x471.jpg 705w, https:\/\/radiorevelacionfm.cl\/wp-content\/uploads\/2025\/10\/CORE-SOTO-1-1-1-450x300.jpg 450w, https:\/\/radiorevelacionfm.cl\/wp-content\/uploads\/2025\/10\/CORE-SOTO-1-1-1-600x400.jpg 600w\" sizes=\"(max-width: 899px) 100vw, 899px\" \/><\/div><\/div><\/div><\/div><div class=\"flex_column av_one_full  flex_column_div av-zero-column-padding first  avia-builder-el-2  el_after_av_one_full  el_before_av_one_full  column-top-margin\" style='border-radius:0px; '><section class=\"av_textblock_section \"  itemscope=\"itemscope\" itemtype=\"https:\/\/schema.org\/BlogPosting\" itemprop=\"blogPost\" ><div class='avia_textblock  '   itemprop=\"text\" ><p style=\"text-align: center;\"><strong><span style=\"font-size: 18pt;\">Consejero Regional Arcadio Soto advierte sobre grave emergencia clim\u00e1tica y agr\u00edcola en la zona sur de la regi\u00f3n de Ays\u00e9n y exige respuestas del nivel central<\/span><\/strong><\/p>\n<div id=\"gtx-trans\" style=\"position: absolute; left: -50px; top: 4.31534px;\">\n<div class=\"gtx-trans-icon\"><\/div>\n<\/div>\n<\/div><\/section><\/div><div class=\"flex_column av_one_full  flex_column_div av-zero-column-padding first  avia-builder-el-4  el_after_av_one_full  el_before_av_hr  column-top-margin\" style='border-radius:0px; '><section class=\"av_textblock_section \"  itemscope=\"itemscope\" itemtype=\"https:\/\/schema.org\/BlogPosting\" itemprop=\"blogPost\" ><div class='avia_textblock  '   itemprop=\"text\" ><p style=\"text-align: justify;\">Una fuerte preocupaci\u00f3n expres\u00f3 el Consejero Regional por la Provincia General Carrera, Arcadio Soto, ante la compleja emergencia clim\u00e1tica que afecta a diversos sectores del sur de Ays\u00e9n, especialmente en las provincias de General Carrera y Capit\u00e1n Prat. Las intensas precipitaciones de lluvia y nieve, que provocaron desborde de r\u00edos, arroyos y deslizamientos, han generado graves cortes de caminos, dejando a numerosas familias campesinas aisladas y con importantes p\u00e9rdidas de ganado en plena \u00e9poca de parici\u00f3n.<\/p>\n<p style=\"text-align: justify;\">\u201cEstamos frente a una situaci\u00f3n cr\u00edtica. Esta emergencia ha provocado un da\u00f1o profundo al mundo rural de nuestras provincias. Hay familias que han perdido animales, han quedado incomunicadas, sin poder acceder a servicios b\u00e1sicos ni recibir ayuda. Y, lamentablemente, desde el nivel central no se ha dimensionado a\u00fan la gravedad del problema\u201d, se\u00f1al\u00f3 Soto.<\/p>\n<p style=\"text-align: justify;\">A pesar de los impactos evidentes en el territorio, el Ministerio de Agricultura a\u00fan no ha declarado emergencia agr\u00edcola, y la reciente visita del Subsecretario a la regi\u00f3n no entreg\u00f3 anuncios concretos ni soluciones acordes a la afectaci\u00f3n que han sufrido los vecinos.<\/p>\n<p style=\"text-align: justify;\">Frente a esto, Soto inform\u00f3 que ha solicitado que el Consejo Regional de Ays\u00e9n sesione prontamente en las provincias afectadas, para recoger en terreno las urgencias de las comunidades y reforzar la articulaci\u00f3n con los distintos actores del Estado. En la misma l\u00ednea, valor\u00f3 la r\u00e1pida reacci\u00f3n de Municipios de las respectivas provincias y del Gobernador Regional, Marcelo Santana quien ya eval\u00faa la revisi\u00f3n de programas financiados con recursos FNDR en el \u00e1rea del agro, para redestinar fondos en apoyo a las zonas afectadas por esta emergencia.<\/p>\n<p style=\"text-align: justify;\">Asimismo, el consejero insisti\u00f3 en la necesidad de priorizar en las pr\u00f3ximas sesiones del Consejo Regional los temas de conectividad y apoyo al sector campesino, considerando obras de caminos secundarios, puentes y accesos estrat\u00e9gicos que permitan enfrentar de mejor manera estas situaciones en el futuro.<\/p>\n<p style=\"text-align: justify;\">\u201cEsta emergencia debe ser entendida como tal. No podemos seguir actuando como si fuera un episodio aislado. Estamos hablando de familias campesinas que hoy han perdido el trabajo de a\u00f1os, y que no pueden seguir esperando. Desde Ays\u00e9n exigimos al Gobierno Central actuar con urgencia y con empat\u00eda. Necesitamos estar todos en la misma sinton\u00eda para salir adelante\u201d, enfatiz\u00f3 Arcadio Soto.<\/p>\n<\/div><\/section><\/div><div  style='height:50px' class='hr hr-invisible   avia-builder-el-6  el_after_av_one_full  el_before_av_social_share '><span class='hr-inner ' ><span class='hr-inner-style'><\/span><\/span><\/div><\/p>\n<div  class='av-social-sharing-box  avia-builder-el-7  el_after_av_hr  el_before_av_hr  '><div class='av-share-box'><h5 class='av-share-link-description av-no-toc '>Compartir esta noticia<\/h5><ul class='av-share-box-list noLightbox'><li class='av-share-link av-social-link-facebook' ><a target=\"_blank\" aria-label=\"Compartir en Facebook\" href='https:\/\/www.facebook.com\/sharer.php?u=https:\/\/radiorevelacionfm.cl\/?p=60163&#038;t=Consejero%20Regional%20Arcadio%20Soto%20advierte%20sobre%20grave%20emergencia%20clim%C3%A1tica%20y%20agr%C3%ADcola%20en%20la%20zona%20sur%20de%20la%20regi%C3%B3n%20de%20Ays%C3%A9n%20y%20exige%20respuestas%20del%20nivel%20central' aria-hidden='false' data-av_icon='\ue8f3' data-av_iconfont='entypo-fontello' title='' data-avia-related-tooltip='Compartir en Facebook' rel=\"noopener\"><span class='avia_hidden_link_text'>Compartir en Facebook<\/span><\/a><\/li><li class='av-share-link av-social-link-twitter' ><a target=\"_blank\" aria-label=\"Compartir en Twitter\" href='https:\/\/twitter.com\/share?text=Consejero%20Regional%20Arcadio%20Soto%20advierte%20sobre%20grave%20emergencia%20clim%C3%A1tica%20y%20agr%C3%ADcola%20en%20la%20zona%20sur%20de%20la%20regi%C3%B3n%20de%20Ays%C3%A9n%20y%20exige%20respuestas%20del%20nivel%20central&#038;url=https:\/\/radiorevelacionfm.cl\/?p=60163' aria-hidden='false' data-av_icon='\ue8f1' data-av_iconfont='entypo-fontello' title='' data-avia-related-tooltip='Compartir en Twitter' rel=\"noopener\"><span class='avia_hidden_link_text'>Compartir en Twitter<\/span><\/a><\/li><li class='av-share-link av-social-link-whatsapp' ><a target=\"_blank\" aria-label=\"Compartir en Whatsapp\" href='https:\/\/api.whatsapp.com\/send?text=https:\/\/radiorevelacionfm.cl\/?p=60163' aria-hidden='false' data-av_icon='\uf232' data-av_iconfont='entypo-fontello' title='' data-avia-related-tooltip='Compartir en Whatsapp' rel=\"noopener\"><span class='avia_hidden_link_text'>Compartir en Whatsapp<\/span><\/a><\/li><li class='av-share-link av-social-link-linkedin' ><a target=\"_blank\" aria-label=\"Compartir en LinkedIn\" href='https:\/\/linkedin.com\/shareArticle?mini=true&#038;title=Consejero%20Regional%20Arcadio%20Soto%20advierte%20sobre%20grave%20emergencia%20clim%C3%A1tica%20y%20agr%C3%ADcola%20en%20la%20zona%20sur%20de%20la%20regi%C3%B3n%20de%20Ays%C3%A9n%20y%20exige%20respuestas%20del%20nivel%20central&#038;url=https:\/\/radiorevelacionfm.cl\/?p=60163' aria-hidden='false' data-av_icon='\ue8fc' data-av_iconfont='entypo-fontello' title='' data-avia-related-tooltip='Compartir en LinkedIn' rel=\"noopener\"><span class='avia_hidden_link_text'>Compartir en LinkedIn<\/span><\/a><\/li><li class='av-share-link av-social-link-mail' ><a  aria-label=\"Compartir por correo\" href='mailto:?subject=Consejero%20Regional%20Arcadio%20Soto%20advierte%20sobre%20grave%20emergencia%20clim%C3%A1tica%20y%20agr%C3%ADcola%20en%20la%20zona%20sur%20de%20la%20regi%C3%B3n%20de%20Ays%C3%A9n%20y%20exige%20respuestas%20del%20nivel%20central&#038;body=https:\/\/radiorevelacionfm.cl\/?p=60163' aria-hidden='false' data-av_icon='\ue805' data-av_iconfont='entypo-fontello' title='' data-avia-related-tooltip='Compartir por correo'><span class='avia_hidden_link_text'>Compartir por correo<\/span><\/a><\/li><\/ul><\/div><\/div>\n<div  style='height:50px' class='hr hr-invisible   avia-builder-el-8  el_after_av_social_share  el_before_av_comments_list '><span class='hr-inner ' ><span class='hr-inner-style'><\/span><\/span><\/div>\n<div  class='av-buildercomment  av-blog-meta-html-info-disabled av-blog-meta-tag-disabled  '><\/div>\n","protected":false},"excerpt":{"rendered":"","protected":false},"author":1,"featured_media":60164,"comment_status":"closed","ping_status":"closed","sticky":false,"template":"","format":"standard","meta":{"footnotes":""},"categories":[38],"tags":[],"class_list":["post-60163","post","type-post","status-publish","format-standard","has-post-thumbnail","hentry","category-regional"],"jetpack_featured_media_url":"https:\/\/radiorevelacionfm.cl\/wp-content\/uploads\/2025\/10\/CORE-SOTO-1-1-1.jpg","_links":{"self":[{"href":"https:\/\/radiorevelacionfm.cl\/index.php?rest_route=\/wp\/v2\/posts\/60163","targetHints":{"allow":["GET"]}}],"collection":[{"href":"https:\/\/radiorevelacionfm.cl\/index.php?rest_route=\/wp\/v2\/posts"}],"about":[{"href":"https:\/\/radiorevelacionfm.cl\/index.php?rest_route=\/wp\/v2\/types\/post"}],"author":[{"embeddable":true,"href":"https:\/\/radiorevelacionfm.cl\/index.php?rest_route=\/wp\/v2\/users\/1"}],"replies":[{"embeddable":true,"href":"https:\/\/radiorevelacionfm.cl\/index.php?rest_route=%2Fwp%2Fv2%2Fcomments&post=60163"}],"version-history":[{"count":2,"href":"https:\/\/radiorevelacionfm.cl\/index.php?rest_route=\/wp\/v2\/posts\/60163\/revisions"}],"predecessor-version":[{"id":60206,"href":"https:\/\/radiorevelacionfm.cl\/index.php?rest_route=\/wp\/v2\/posts\/60163\/revisions\/60206"}],"wp:featuredmedia":[{"embeddable":true,"href":"https:\/\/radiorevelacionfm.cl\/index.php?rest_route=\/wp\/v2\/media\/60164"}],"wp:attachment":[{"href":"https:\/\/radiorevelacionfm.cl\/index.php?rest_route=%2Fwp%2Fv2%2Fmedia&parent=60163"}],"wp:term":[{"taxonomy":"category","embeddable":true,"href":"https:\/\/radiorevelacionfm.cl\/index.php?rest_route=%2Fwp%2Fv2%2Fcategories&post=60163"},{"taxonomy":"post_tag","embeddable":true,"href":"https:\/\/radiorevelacionfm.cl\/index.php?rest_route=%2Fwp%2Fv2%2Ftags&post=60163"}],"curies":[{"name":"wp","href":"https:\/\/api.w.org\/{rel}","templated":true}]}}