{"id":60160,"date":"2025-10-09T17:45:44","date_gmt":"2025-10-09T20:45:44","guid":{"rendered":"https:\/\/radiorevelacionfm.cl\/?p=60160"},"modified":"2025-10-13T22:11:02","modified_gmt":"2025-10-14T01:11:02","slug":"senador-sandoval-valora-apoyo-transversal-a-proyecto-de-envejecimiento-positivo","status":"publish","type":"post","link":"https:\/\/radiorevelacionfm.cl\/?p=60160","title":{"rendered":"Senador Sandoval valora apoyo transversal a proyecto de Envejecimiento Positivo"},"content":{"rendered":"<div class=\"flex_column av_one_full  flex_column_div av-zero-column-padding first  avia-builder-el-0  el_before_av_one_full  avia-builder-el-first  \" style='border-radius:0px; '><div  class='avia-image-container  av-styling-    avia-builder-el-1  avia-builder-el-no-sibling  avia-align-center '  itemprop=\"image\" itemscope=\"itemscope\" itemtype=\"https:\/\/schema.org\/ImageObject\"  ><div class='avia-image-container-inner'><div class='avia-image-overlay-wrap'><img decoding=\"async\" class='wp-image-60161 avia-img-lazy-loading-not-60161 avia_image' src=\"https:\/\/radiorevelacionfm.cl\/wp-content\/uploads\/2025\/10\/senador-Sandoval-18-1-2.jpg\" alt='' title='senador Sandoval (18) (1) (2)' height=\"600\" width=\"900\"  itemprop=\"thumbnailUrl\" srcset=\"https:\/\/radiorevelacionfm.cl\/wp-content\/uploads\/2025\/10\/senador-Sandoval-18-1-2.jpg 900w, https:\/\/radiorevelacionfm.cl\/wp-content\/uploads\/2025\/10\/senador-Sandoval-18-1-2-300x200.jpg 300w, https:\/\/radiorevelacionfm.cl\/wp-content\/uploads\/2025\/10\/senador-Sandoval-18-1-2-768x512.jpg 768w, https:\/\/radiorevelacionfm.cl\/wp-content\/uploads\/2025\/10\/senador-Sandoval-18-1-2-705x470.jpg 705w, https:\/\/radiorevelacionfm.cl\/wp-content\/uploads\/2025\/10\/senador-Sandoval-18-1-2-450x300.jpg 450w, https:\/\/radiorevelacionfm.cl\/wp-content\/uploads\/2025\/10\/senador-Sandoval-18-1-2-600x400.jpg 600w\" sizes=\"(max-width: 900px) 100vw, 900px\" \/><\/div><\/div><\/div><\/div><div class=\"flex_column av_one_full  flex_column_div av-zero-column-padding first  avia-builder-el-2  el_after_av_one_full  el_before_av_one_full  column-top-margin\" style='border-radius:0px; '><section class=\"av_textblock_section \"  itemscope=\"itemscope\" itemtype=\"https:\/\/schema.org\/BlogPosting\" itemprop=\"blogPost\" ><div class='avia_textblock  '   itemprop=\"text\" ><p style=\"text-align: center;\"><strong><span style=\"font-size: 18pt;\">Senador Sandoval valora apoyo transversal a proyecto de Envejecimiento Positivo<\/span><\/strong><\/p>\n<div id=\"gtx-trans\" style=\"position: absolute; left: -50px; top: 4.31534px;\">\n<div class=\"gtx-trans-icon\"><\/div>\n<\/div>\n<\/div><\/section><\/div><div class=\"flex_column av_one_full  flex_column_div av-zero-column-padding first  avia-builder-el-4  el_after_av_one_full  el_before_av_hr  column-top-margin\" style='border-radius:0px; '><section class=\"av_textblock_section \"  itemscope=\"itemscope\" itemtype=\"https:\/\/schema.org\/BlogPosting\" itemprop=\"blogPost\" ><div class='avia_textblock  '   itemprop=\"text\" ><p style=\"text-align: justify;\"><em>Iniciativa fue aprobada de manera un\u00e1nime por la sala del Senado, si bien ahora deber\u00e1 ir a una comisi\u00f3n mixta para zanjar los temas que quedaron pendientes.<\/em><\/p>\n<p style=\"text-align: justify;\">\u201cM\u00e1s all\u00e1 de las diferencias, creo que se ha dado un paso fundamental e hist\u00f3rico en poner a Chile a la vanguardia, para enfrentar el desaf\u00edo que significa el envejecimiento en nuestro pa\u00eds\u201d. As\u00ed lo se\u00f1al\u00f3 el senador David Sandoval, luego de que esta semana la sala del Senado aprobara de manera un\u00e1nime el proyecto de ley sobre Envejecimiento Positivo.<\/p>\n<p style=\"text-align: justify;\">El parlamentario se\u00f1al\u00f3 que lo m\u00e1s importante es que hubo un respaldo significativo a la iniciativa, con 41 votos a favor y ninguna en contra. \u201cEl proyecto est\u00e1 en el mejor escenario desde el punto de vista del apoyo transversal y as\u00ed ha sido la t\u00f3nica de todos los temas que dicen relaci\u00f3n con los mayores\u201d, agregando que \u201caqu\u00ed normalmente no se suelen poner las diferencias, sino que el com\u00fan denominador que significa la urgente necesidad de mejorar, perfeccionar y crear una institucionalidad para el mundo de los mayores que se haga cargo de este desaf\u00edo\u201d.<\/p>\n<p style=\"text-align: justify;\">Con todo, una comisi\u00f3n mixta deber\u00e1 ahora zanjar dos temas que generaron discrepancias entre ambas c\u00e1maras del Congreso. Por un lado, se sugiri\u00f3 rechazar la sustituci\u00f3n del art\u00edculo 1, sobre el objeto de la ley y la incorporaci\u00f3n de un art\u00edculo 8, nuevo, relativo a la promoci\u00f3n y protecci\u00f3n de los derechos humanos de las personas mayores.<\/p>\n<p style=\"text-align: justify;\">En esa l\u00ednea, Sandoval se\u00f1al\u00f3 que en el Senado se busca ampliar el objeto de la ley, reconociendo la promoci\u00f3n del envejecimiento en todo el ciclo de la vida, mientras que sobre el art\u00edculo 8 precis\u00f3 \u201cse le otorga cierto grado de representatividad al INDH para hacer frente al proceso en una eventual defensa a las personas mayores (\u2026)\u201d, precisando que la defensa est\u00e1 consignada por ejemplo \u201cen el proyecto de ley que crea el Servicio Nacional de Acceso a la Justicia y la Defensor\u00eda de V\u00edctimas de Delitos\u201d, iniciativa que fue despachada a ley durante los \u00faltimos d\u00edas.<\/p>\n<p style=\"text-align: justify;\">En todo caso, el legislador se\u00f1al\u00f3 que \u201cm\u00e1s all\u00e1 de todas estas diferencias menores\u201d, lo importante es que \u201cse ha dado un paso fundamental e hist\u00f3rico en poner a Chile en la vanguardia\u201d en esta materia, reiterando la necesidad de abordar de manera integral \u201cel desaf\u00edo que significa el envejecimiento de nuestro pa\u00eds\u201d.<\/p>\n<p style=\"text-align: justify;\">Otro de los temas que tambi\u00e9n se inst\u00f3 a analizar en la comisi\u00f3n mixta es lo relativo al contrato de trabajo. \u201cEl mayor nivel de informalidad (laboral) lo tienen los mayores. Y al estar en la informalidad, no tienen resguardo, y creemos que es un tema que hay que resolver\u201d, concluy\u00f3.<\/p>\n<\/div><\/section><\/div><div  style='height:50px' class='hr hr-invisible   avia-builder-el-6  el_after_av_one_full  el_before_av_social_share '><span class='hr-inner ' ><span class='hr-inner-style'><\/span><\/span><\/div><\/p>\n<div  class='av-social-sharing-box  avia-builder-el-7  el_after_av_hr  el_before_av_hr  '><div class='av-share-box'><h5 class='av-share-link-description av-no-toc '>Compartir esta noticia<\/h5><ul class='av-share-box-list noLightbox'><li class='av-share-link av-social-link-facebook' ><a target=\"_blank\" aria-label=\"Compartir en Facebook\" href='https:\/\/www.facebook.com\/sharer.php?u=https:\/\/radiorevelacionfm.cl\/?p=60160&#038;t=Senador%20Sandoval%20valora%20apoyo%20transversal%20a%20proyecto%20de%20Envejecimiento%20Positivo' aria-hidden='false' data-av_icon='\ue8f3' data-av_iconfont='entypo-fontello' title='' data-avia-related-tooltip='Compartir en Facebook' rel=\"noopener\"><span class='avia_hidden_link_text'>Compartir en Facebook<\/span><\/a><\/li><li class='av-share-link av-social-link-twitter' ><a target=\"_blank\" aria-label=\"Compartir en Twitter\" href='https:\/\/twitter.com\/share?text=Senador%20Sandoval%20valora%20apoyo%20transversal%20a%20proyecto%20de%20Envejecimiento%20Positivo&#038;url=https:\/\/radiorevelacionfm.cl\/?p=60160' aria-hidden='false' data-av_icon='\ue8f1' data-av_iconfont='entypo-fontello' title='' data-avia-related-tooltip='Compartir en Twitter' rel=\"noopener\"><span class='avia_hidden_link_text'>Compartir en Twitter<\/span><\/a><\/li><li class='av-share-link av-social-link-whatsapp' ><a target=\"_blank\" aria-label=\"Compartir en Whatsapp\" href='https:\/\/api.whatsapp.com\/send?text=https:\/\/radiorevelacionfm.cl\/?p=60160' aria-hidden='false' data-av_icon='\uf232' data-av_iconfont='entypo-fontello' title='' data-avia-related-tooltip='Compartir en Whatsapp' rel=\"noopener\"><span class='avia_hidden_link_text'>Compartir en Whatsapp<\/span><\/a><\/li><li class='av-share-link av-social-link-linkedin' ><a target=\"_blank\" aria-label=\"Compartir en LinkedIn\" href='https:\/\/linkedin.com\/shareArticle?mini=true&#038;title=Senador%20Sandoval%20valora%20apoyo%20transversal%20a%20proyecto%20de%20Envejecimiento%20Positivo&#038;url=https:\/\/radiorevelacionfm.cl\/?p=60160' aria-hidden='false' data-av_icon='\ue8fc' data-av_iconfont='entypo-fontello' title='' data-avia-related-tooltip='Compartir en LinkedIn' rel=\"noopener\"><span class='avia_hidden_link_text'>Compartir en LinkedIn<\/span><\/a><\/li><li class='av-share-link av-social-link-mail' ><a  aria-label=\"Compartir por correo\" href='mailto:?subject=Senador%20Sandoval%20valora%20apoyo%20transversal%20a%20proyecto%20de%20Envejecimiento%20Positivo&#038;body=https:\/\/radiorevelacionfm.cl\/?p=60160' aria-hidden='false' data-av_icon='\ue805' data-av_iconfont='entypo-fontello' title='' data-avia-related-tooltip='Compartir por correo'><span class='avia_hidden_link_text'>Compartir por correo<\/span><\/a><\/li><\/ul><\/div><\/div>\n<div  style='height:50px' class='hr hr-invisible   avia-builder-el-8  el_after_av_social_share  el_before_av_comments_list '><span class='hr-inner ' ><span class='hr-inner-style'><\/span><\/span><\/div>\n<div  class='av-buildercomment  av-blog-meta-html-info-disabled av-blog-meta-tag-disabled  '><\/div>\n","protected":false},"excerpt":{"rendered":"","protected":false},"author":1,"featured_media":60161,"comment_status":"closed","ping_status":"closed","sticky":false,"template":"","format":"standard","meta":{"footnotes":""},"categories":[35],"tags":[],"class_list":["post-60160","post","type-post","status-publish","format-standard","has-post-thumbnail","hentry","category-politica"],"jetpack_featured_media_url":"https:\/\/radiorevelacionfm.cl\/wp-content\/uploads\/2025\/10\/senador-Sandoval-18-1-2.jpg","_links":{"self":[{"href":"https:\/\/radiorevelacionfm.cl\/index.php?rest_route=\/wp\/v2\/posts\/60160","targetHints":{"allow":["GET"]}}],"collection":[{"href":"https:\/\/radiorevelacionfm.cl\/index.php?rest_route=\/wp\/v2\/posts"}],"about":[{"href":"https:\/\/radiorevelacionfm.cl\/index.php?rest_route=\/wp\/v2\/types\/post"}],"author":[{"embeddable":true,"href":"https:\/\/radiorevelacionfm.cl\/index.php?rest_route=\/wp\/v2\/users\/1"}],"replies":[{"embeddable":true,"href":"https:\/\/radiorevelacionfm.cl\/index.php?rest_route=%2Fwp%2Fv2%2Fcomments&post=60160"}],"version-history":[{"count":2,"href":"https:\/\/radiorevelacionfm.cl\/index.php?rest_route=\/wp\/v2\/posts\/60160\/revisions"}],"predecessor-version":[{"id":60310,"href":"https:\/\/radiorevelacionfm.cl\/index.php?rest_route=\/wp\/v2\/posts\/60160\/revisions\/60310"}],"wp:featuredmedia":[{"embeddable":true,"href":"https:\/\/radiorevelacionfm.cl\/index.php?rest_route=\/wp\/v2\/media\/60161"}],"wp:attachment":[{"href":"https:\/\/radiorevelacionfm.cl\/index.php?rest_route=%2Fwp%2Fv2%2Fmedia&parent=60160"}],"wp:term":[{"taxonomy":"category","embeddable":true,"href":"https:\/\/radiorevelacionfm.cl\/index.php?rest_route=%2Fwp%2Fv2%2Fcategories&post=60160"},{"taxonomy":"post_tag","embeddable":true,"href":"https:\/\/radiorevelacionfm.cl\/index.php?rest_route=%2Fwp%2Fv2%2Ftags&post=60160"}],"curies":[{"name":"wp","href":"https:\/\/api.w.org\/{rel}","templated":true}]}}