{"id":60156,"date":"2025-10-10T10:10:39","date_gmt":"2025-10-10T13:10:39","guid":{"rendered":"https:\/\/radiorevelacionfm.cl\/?p=60156"},"modified":"2025-10-10T10:10:39","modified_gmt":"2025-10-10T13:10:39","slug":"lideresas-academicas-inspiran-tercera-sesion-de-la-mesa-energia-mujer","status":"publish","type":"post","link":"https:\/\/radiorevelacionfm.cl\/?p=60156","title":{"rendered":"Lideresas acad\u00e9micas inspiran tercera sesi\u00f3n de la Mesa Energ\u00eda + Mujer"},"content":{"rendered":"<div class=\"flex_column av_one_full  flex_column_div av-zero-column-padding first  avia-builder-el-0  el_before_av_one_full  avia-builder-el-first  \" style='border-radius:0px; '><div  class='avia-image-container  av-styling-    avia-builder-el-1  avia-builder-el-no-sibling  avia-align-center '  itemprop=\"image\" itemscope=\"itemscope\" itemtype=\"https:\/\/schema.org\/ImageObject\"  ><div class='avia-image-container-inner'><div class='avia-image-overlay-wrap'><img decoding=\"async\" class='wp-image-60157 avia-img-lazy-loading-not-60157 avia_image' src=\"https:\/\/radiorevelacionfm.cl\/wp-content\/uploads\/2025\/10\/foto-1-87-1-1.jpeg\" alt='' title='foto 1 (87) (1) (1)' height=\"600\" width=\"801\"  itemprop=\"thumbnailUrl\" srcset=\"https:\/\/radiorevelacionfm.cl\/wp-content\/uploads\/2025\/10\/foto-1-87-1-1.jpeg 801w, https:\/\/radiorevelacionfm.cl\/wp-content\/uploads\/2025\/10\/foto-1-87-1-1-300x225.jpeg 300w, https:\/\/radiorevelacionfm.cl\/wp-content\/uploads\/2025\/10\/foto-1-87-1-1-768x575.jpeg 768w, https:\/\/radiorevelacionfm.cl\/wp-content\/uploads\/2025\/10\/foto-1-87-1-1-705x528.jpeg 705w, https:\/\/radiorevelacionfm.cl\/wp-content\/uploads\/2025\/10\/foto-1-87-1-1-450x337.jpeg 450w, https:\/\/radiorevelacionfm.cl\/wp-content\/uploads\/2025\/10\/foto-1-87-1-1-600x449.jpeg 600w\" sizes=\"(max-width: 801px) 100vw, 801px\" \/><\/div><\/div><\/div><\/div><div class=\"flex_column av_one_full  flex_column_div av-zero-column-padding first  avia-builder-el-2  el_after_av_one_full  el_before_av_one_full  column-top-margin\" style='border-radius:0px; '><section class=\"av_textblock_section \"  itemscope=\"itemscope\" itemtype=\"https:\/\/schema.org\/BlogPosting\" itemprop=\"blogPost\" ><div class='avia_textblock  '   itemprop=\"text\" ><p style=\"text-align: center;\"><strong><span style=\"font-size: 18pt;\">Lideresas acad\u00e9micas inspiran tercera sesi\u00f3n de la Mesa Energ\u00eda + Mujer<\/span><\/strong><\/p>\n<div id=\"gtx-trans\" style=\"position: absolute; left: -50px; top: 4.31534px;\">\n<div class=\"gtx-trans-icon\"><\/div>\n<\/div>\n<\/div><\/section><\/div><div class=\"flex_column av_one_full  flex_column_div av-zero-column-padding first  avia-builder-el-4  el_after_av_one_full  el_before_av_hr  column-top-margin\" style='border-radius:0px; '><section class=\"av_textblock_section \"  itemscope=\"itemscope\" itemtype=\"https:\/\/schema.org\/BlogPosting\" itemprop=\"blogPost\" ><div class='avia_textblock  '   itemprop=\"text\" ><p style=\"text-align: justify;\">La Mesa de Energ\u00eda + Mujer llev\u00f3 a cabo su tercera sesi\u00f3n, encabezada por el Seremi de Energ\u00eda (s), Felipe Rojas, y la Seremi de la Mujer y la Equidad de G\u00e9nero, Isidora Gacit\u00faa, y cont\u00f3 con la participaci\u00f3n de destacadas lideresas del mundo acad\u00e9mico y energ\u00e9tico de la regi\u00f3n.<\/p>\n<p style=\"text-align: justify;\">Esta iniciativa que tiene como objetivo aumentar la participaci\u00f3n de mujeres en el sector energ\u00e9tico, en esta ocasi\u00f3n se centr\u00f3 en analizar c\u00f3mo la educaci\u00f3n puede transformarse en una herramienta clave para impulsar el desarrollo de talentos femeninos y abrir mayores oportunidades para mujeres un rubro hist\u00f3ricamente masculinizado.<\/p>\n<p style=\"text-align: justify;\">Al respecto el Seremi de Energ\u00eda (s) Felipe Rojas recalc\u00f3 que \u201cavanzar hacia un sistema energ\u00e9tico m\u00e1s sostenible requiere incorporar la mirada de g\u00e9nero, en este sentido, la educaci\u00f3n no solo entrega conocimientos, tambi\u00e9n abre puertas, derriba barreras y potencia los talentos femeninos, en donde las trabajadoras y trabajadores pueden acceder a empleos de mejor calidad. El sector energ\u00e9tico est\u00e1 fuertemente masculinizado, por eso es clave trabajar en la reducci\u00f3n de esa brecha de manera colaborativa con el sector educativo, impulsando una mayor equidad e inclusi\u00f3n a nivel regional\u201d.<\/p>\n<p style=\"text-align: justify;\">Por su parte la Seremi Gacit\u00faa dijo que \u201cesta mesa nos permiti\u00f3 conocer de cerca el trabajo que est\u00e1n desarrollando dos instituciones del \u00e1mbito educacional en materia de g\u00e9nero. Con ello, sentamos las bases para un trabajo futuro que favorezca la incorporaci\u00f3n de m\u00e1s mujeres en el sector energ\u00e9tico, ampliando sus oportunidades de liderazgo y participaci\u00f3n en un \u00e1mbito clave para el desarrollo de Ays\u00e9n.\u201d<\/p>\n<p style=\"text-align: justify;\">Durante la jornada se realizaron dos presentaciones la primera de ellas a cargo de Hayley Dur\u00e1n, Coordinadora de la Unidad de G\u00e9nero e Inclusi\u00f3n de la Universidad de Ays\u00e9n, qui\u00e9n dio a conocer los avances del proyecto STEM G\u00e9nero y Desarrollo Local ejecutado con todas las universidades estatales de la Macrozona Sur \u00a0y que tiene como finalidad que m\u00e1s ni\u00f1as y j\u00f3venes ingresen a las carreras STEM \u201cpara nosotros es muy importante estar en esta mesa porque lo vemos como un lugar donde se pueden articular relaciones virtuosas, entre todas las instituciones que participan podamos generar acciones que fomenten un mayor inter\u00e9s por parte de las estudiantes y sus familias a que puedan ingresar a carreras STEM y desarrollar sus vocaciones en el \u00e1rea cient\u00edfica y en particular en el \u00e1rea energ\u00e9tica la Universidad de Ays\u00e9n el pr\u00f3ximo a\u00f1o ya va contar con una carrera en el \u00e1mbito de energ\u00eda, entonces queremos que muchas mujeres accedan a esa carrera\u201d indic\u00f3 Dur\u00e1n.<\/p>\n<p style=\"text-align: justify;\">A continuaci\u00f3n, Eva Bahamondez, Encargada de G\u00e9nero y Diversidad Servicio Local de Educaci\u00f3n P\u00fablica de Ays\u00e9n (SLEP Ays\u00e9n), expuso sobre el trabajo que se encuentra desarrollando en materia de fortalecimiento de la transversalizaci\u00f3n de g\u00e9nero, capacitaci\u00f3n en inclusi\u00f3n y g\u00e9nero, iniciativas institucionales y normativas, destacando que\u00a0 \u201cpara nosotros es fundamental la participaci\u00f3n en esta mesa de g\u00e9nero Mujer y energ\u00eda, en la cual nosotros transversalizamos g\u00e9nero, pero adem\u00e1s podemos fortalecer los v\u00ednculos con las ingenier\u00edas con los STEM de las universidades que hoy est\u00e1n presentes en la regi\u00f3n de Ays\u00e9n\u201d.<\/p>\n<p style=\"text-align: justify;\">Para la pr\u00f3xima sesi\u00f3n, la Universidad Austral de Chile \u2013 Sede Patagonia presentar\u00e1 el trabajo que desarrolla en torno a un plan de reducci\u00f3n de brechas de g\u00e9nero en escuelas de Coyhaique, y se comenzar\u00e1 a avanzar en acciones concretas para promover la participaci\u00f3n femenina en la transici\u00f3n energ\u00e9tica regional.<\/p>\n<\/div><\/section><\/div><div  style='height:50px' class='hr hr-invisible   avia-builder-el-6  el_after_av_one_full  el_before_av_social_share '><span class='hr-inner ' ><span class='hr-inner-style'><\/span><\/span><\/div><\/p>\n<div  class='av-social-sharing-box  avia-builder-el-7  el_after_av_hr  el_before_av_hr  '><div class='av-share-box'><h5 class='av-share-link-description av-no-toc '>Compartir esta noticia<\/h5><ul class='av-share-box-list noLightbox'><li class='av-share-link av-social-link-facebook' ><a target=\"_blank\" aria-label=\"Compartir en Facebook\" href='https:\/\/www.facebook.com\/sharer.php?u=https:\/\/radiorevelacionfm.cl\/?p=60156&#038;t=Lideresas%20acad%C3%A9micas%20inspiran%20tercera%20sesi%C3%B3n%20de%20la%20Mesa%20Energ%C3%ADa%20%2B%20Mujer' aria-hidden='false' data-av_icon='\ue8f3' data-av_iconfont='entypo-fontello' title='' data-avia-related-tooltip='Compartir en Facebook' rel=\"noopener\"><span class='avia_hidden_link_text'>Compartir en Facebook<\/span><\/a><\/li><li class='av-share-link av-social-link-twitter' ><a target=\"_blank\" aria-label=\"Compartir en Twitter\" href='https:\/\/twitter.com\/share?text=Lideresas%20acad%C3%A9micas%20inspiran%20tercera%20sesi%C3%B3n%20de%20la%20Mesa%20Energ%C3%ADa%20%2B%20Mujer&#038;url=https:\/\/radiorevelacionfm.cl\/?p=60156' aria-hidden='false' data-av_icon='\ue8f1' data-av_iconfont='entypo-fontello' title='' data-avia-related-tooltip='Compartir en Twitter' rel=\"noopener\"><span class='avia_hidden_link_text'>Compartir en Twitter<\/span><\/a><\/li><li class='av-share-link av-social-link-whatsapp' ><a target=\"_blank\" aria-label=\"Compartir en Whatsapp\" href='https:\/\/api.whatsapp.com\/send?text=https:\/\/radiorevelacionfm.cl\/?p=60156' aria-hidden='false' data-av_icon='\uf232' data-av_iconfont='entypo-fontello' title='' data-avia-related-tooltip='Compartir en Whatsapp' rel=\"noopener\"><span class='avia_hidden_link_text'>Compartir en Whatsapp<\/span><\/a><\/li><li class='av-share-link av-social-link-linkedin' ><a target=\"_blank\" aria-label=\"Compartir en LinkedIn\" href='https:\/\/linkedin.com\/shareArticle?mini=true&#038;title=Lideresas%20acad%C3%A9micas%20inspiran%20tercera%20sesi%C3%B3n%20de%20la%20Mesa%20Energ%C3%ADa%20%2B%20Mujer&#038;url=https:\/\/radiorevelacionfm.cl\/?p=60156' aria-hidden='false' data-av_icon='\ue8fc' data-av_iconfont='entypo-fontello' title='' data-avia-related-tooltip='Compartir en LinkedIn' rel=\"noopener\"><span class='avia_hidden_link_text'>Compartir en LinkedIn<\/span><\/a><\/li><li class='av-share-link av-social-link-mail' ><a  aria-label=\"Compartir por correo\" href='mailto:?subject=Lideresas%20acad%C3%A9micas%20inspiran%20tercera%20sesi%C3%B3n%20de%20la%20Mesa%20Energ%C3%ADa%20%2B%20Mujer&#038;body=https:\/\/radiorevelacionfm.cl\/?p=60156' aria-hidden='false' data-av_icon='\ue805' data-av_iconfont='entypo-fontello' title='' data-avia-related-tooltip='Compartir por correo'><span class='avia_hidden_link_text'>Compartir por correo<\/span><\/a><\/li><\/ul><\/div><\/div>\n<div  style='height:50px' class='hr hr-invisible   avia-builder-el-8  el_after_av_social_share  el_before_av_comments_list '><span class='hr-inner ' ><span class='hr-inner-style'><\/span><\/span><\/div>\n<div  class='av-buildercomment  av-blog-meta-html-info-disabled av-blog-meta-tag-disabled  '><\/div>\n","protected":false},"excerpt":{"rendered":"","protected":false},"author":1,"featured_media":60157,"comment_status":"closed","ping_status":"closed","sticky":false,"template":"","format":"standard","meta":{"footnotes":""},"categories":[38],"tags":[],"class_list":["post-60156","post","type-post","status-publish","format-standard","has-post-thumbnail","hentry","category-regional"],"jetpack_featured_media_url":"https:\/\/radiorevelacionfm.cl\/wp-content\/uploads\/2025\/10\/foto-1-87-1-1.jpeg","_links":{"self":[{"href":"https:\/\/radiorevelacionfm.cl\/index.php?rest_route=\/wp\/v2\/posts\/60156","targetHints":{"allow":["GET"]}}],"collection":[{"href":"https:\/\/radiorevelacionfm.cl\/index.php?rest_route=\/wp\/v2\/posts"}],"about":[{"href":"https:\/\/radiorevelacionfm.cl\/index.php?rest_route=\/wp\/v2\/types\/post"}],"author":[{"embeddable":true,"href":"https:\/\/radiorevelacionfm.cl\/index.php?rest_route=\/wp\/v2\/users\/1"}],"replies":[{"embeddable":true,"href":"https:\/\/radiorevelacionfm.cl\/index.php?rest_route=%2Fwp%2Fv2%2Fcomments&post=60156"}],"version-history":[{"count":2,"href":"https:\/\/radiorevelacionfm.cl\/index.php?rest_route=\/wp\/v2\/posts\/60156\/revisions"}],"predecessor-version":[{"id":60177,"href":"https:\/\/radiorevelacionfm.cl\/index.php?rest_route=\/wp\/v2\/posts\/60156\/revisions\/60177"}],"wp:featuredmedia":[{"embeddable":true,"href":"https:\/\/radiorevelacionfm.cl\/index.php?rest_route=\/wp\/v2\/media\/60157"}],"wp:attachment":[{"href":"https:\/\/radiorevelacionfm.cl\/index.php?rest_route=%2Fwp%2Fv2%2Fmedia&parent=60156"}],"wp:term":[{"taxonomy":"category","embeddable":true,"href":"https:\/\/radiorevelacionfm.cl\/index.php?rest_route=%2Fwp%2Fv2%2Fcategories&post=60156"},{"taxonomy":"post_tag","embeddable":true,"href":"https:\/\/radiorevelacionfm.cl\/index.php?rest_route=%2Fwp%2Fv2%2Ftags&post=60156"}],"curies":[{"name":"wp","href":"https:\/\/api.w.org\/{rel}","templated":true}]}}