{"id":60152,"date":"2025-10-09T21:27:56","date_gmt":"2025-10-10T00:27:56","guid":{"rendered":"https:\/\/radiorevelacionfm.cl\/?p=60152"},"modified":"2025-10-09T21:27:56","modified_gmt":"2025-10-10T00:27:56","slug":"gobierno-prioriza-recursos-para-mas-de-640-productores-y-conectividad","status":"publish","type":"post","link":"https:\/\/radiorevelacionfm.cl\/?p=60152","title":{"rendered":"Gobierno prioriza recursos para m\u00e1s de 640 productores y conectividad"},"content":{"rendered":"<div class=\"flex_column av_one_full  flex_column_div av-zero-column-padding first  avia-builder-el-0  el_before_av_one_full  avia-builder-el-first  \" style='border-radius:0px; '><div  class='avia-image-container  av-styling-    avia-builder-el-1  avia-builder-el-no-sibling  avia-align-center '  itemprop=\"image\" itemscope=\"itemscope\" itemtype=\"https:\/\/schema.org\/ImageObject\"  ><div class='avia-image-container-inner'><div class='avia-image-overlay-wrap'><img decoding=\"async\" class='wp-image-60153 avia-img-lazy-loading-not-60153 avia_image' src=\"https:\/\/radiorevelacionfm.cl\/wp-content\/uploads\/2025\/10\/whatsapp-image-2025-10-09-at-15_optimized.24.10-1.jpeg\" alt='' title='whatsapp-image-2025-10-09-at-15_optimized.24.10-(1)' height=\"600\" width=\"934\"  itemprop=\"thumbnailUrl\" srcset=\"https:\/\/radiorevelacionfm.cl\/wp-content\/uploads\/2025\/10\/whatsapp-image-2025-10-09-at-15_optimized.24.10-1.jpeg 934w, https:\/\/radiorevelacionfm.cl\/wp-content\/uploads\/2025\/10\/whatsapp-image-2025-10-09-at-15_optimized.24.10-1-300x193.jpeg 300w, https:\/\/radiorevelacionfm.cl\/wp-content\/uploads\/2025\/10\/whatsapp-image-2025-10-09-at-15_optimized.24.10-1-768x493.jpeg 768w, https:\/\/radiorevelacionfm.cl\/wp-content\/uploads\/2025\/10\/whatsapp-image-2025-10-09-at-15_optimized.24.10-1-705x453.jpeg 705w, https:\/\/radiorevelacionfm.cl\/wp-content\/uploads\/2025\/10\/whatsapp-image-2025-10-09-at-15_optimized.24.10-1-450x289.jpeg 450w, https:\/\/radiorevelacionfm.cl\/wp-content\/uploads\/2025\/10\/whatsapp-image-2025-10-09-at-15_optimized.24.10-1-600x385.jpeg 600w\" sizes=\"(max-width: 934px) 100vw, 934px\" \/><\/div><\/div><\/div><\/div><div class=\"flex_column av_one_full  flex_column_div av-zero-column-padding first  avia-builder-el-2  el_after_av_one_full  el_before_av_one_full  column-top-margin\" style='border-radius:0px; '><section class=\"av_textblock_section \"  itemscope=\"itemscope\" itemtype=\"https:\/\/schema.org\/BlogPosting\" itemprop=\"blogPost\" ><div class='avia_textblock  '   itemprop=\"text\" ><p style=\"text-align: center;\"><span style=\"font-size: 18pt;\"><b>Gobierno prioriza recursos para m\u00e1s de 640 productores y conectividad<\/b><\/span><\/p>\n<div id=\"gtx-trans\" style=\"position: absolute; left: -50px; top: 4.31534px;\">\n<div class=\"gtx-trans-icon\"><\/div>\n<\/div>\n<\/div><\/section><\/div><div class=\"flex_column av_one_full  flex_column_div av-zero-column-padding first  avia-builder-el-4  el_after_av_one_full  el_before_av_hr  column-top-margin\" style='border-radius:0px; '><section class=\"av_textblock_section \"  itemscope=\"itemscope\" itemtype=\"https:\/\/schema.org\/BlogPosting\" itemprop=\"blogPost\" ><div class='avia_textblock  '   itemprop=\"text\" ><p style=\"font-weight: 400; text-align: justify;\">La entrega de recursos extraordinarios para m\u00e1s de 640 productoras y productores agropecuarios y el tr\u00e1nsito seguro en toda la Ruta 7, son las prioridades establecidas por el Gobierno tras el evento clim\u00e1tico con precipitaciones registrado en la Regi\u00f3n de Ays\u00e9n.<\/p>\n<p style=\"font-weight: 400; text-align: justify;\">\u201cEl acento est\u00e1 puesto en atender a nuestros campesinos y campesinas. Luego del trabajo que realiz\u00f3 el Subsecretario de Agricultura en la provincia Capit\u00e1n Prat, en Cochrane, con los dirigentes, los servicios del agro est\u00e1n implementando los planes y programas con los recursos extraordinarios que se han destinado. Este es un trabajo m\u00e1s de mediano plazo, en el que est\u00e1 trabajando todo el gabinete del agro en la Regi\u00f3n de Ays\u00e9n. La Ruta 7 sigue con conectividad en todas sus direcciones, sin embargo, mantendremos los cortes preventivos nocturnos, de 19:00 a 08:00 horas, de manera de asegurar el libre tr\u00e1nsito de la ciudadan\u00eda,\u00a0 sin exponerla a ning\u00fan riesgo\u201d, expres\u00f3 este jueves el Delegado Presidencial Regional de Ays\u00e9n, Jorge D\u00edaz Guzm\u00e1n.<\/p>\n<p style=\"font-weight: 400; text-align: justify;\">El subsecretario de Agricultura, Alan Espinoza Ortiz, indic\u00f3 que 649 agricultores y agricultoras de Chile Chico, Rio Ib\u00e1\u00f1ez, Cochrane, Villa O\u00b4Higgins y Tortel, acceder\u00e1n a recursos extraordinarios por 259 millones de pesos dispuestos por INDAP como ayuda temprana para las urgencias del evento clim\u00e1tico.<\/p>\n<p style=\"font-weight: 400; text-align: justify;\">Al mismo tiempo, se eval\u00faan caso a caso las medidas o instrumentos pertinentes para las y los agricultores, a trav\u00e9s del programa regional de suelos y acompa\u00f1amiento del SAG para la atenci\u00f3n del ganado ovino y bovino, seg\u00fan el catastro levantado por INDAP y la informaci\u00f3n recabada en terreno.<\/p>\n<p style=\"font-weight: 400; text-align: justify;\">\u201cDesde el Ministerio de Agricultura, a trav\u00e9s de nuestra Seremi y todos los servicios del agro, estamos desplegando un trabajo coordinado para enfrentar las complicaciones inmediatas y las que puedan surgir en nuestros campos, especialmente, en lo que respecta al bienestar animal. Ya hemos iniciado la entrega de apoyo directo a las y los productores agropecuarios afectados, y junto al Gobierno Regional estamos avanzando en soluciones para llegar tambi\u00e9n a quienes no son usuarios de INDAP, pero que igualmente han sido golpeados por esta contingencia clim\u00e1tica. Aqu\u00ed estamos, trabajando unidos: Gobierno, Gobierno Regional, Seremi, parlamentarios, alcaldes, dirigentes y servicios del Ministerio, para construir una red de apoyo s\u00f3lida, tanto en el corto como en el mediano plazo.\u201d<\/p>\n<p style=\"font-weight: 400; text-align: justify;\">Teresa Cruces, secretaria de la Asociaci\u00f3n Gremial R\u00edo Baker, y representante del Consejo Asesor de \u00c1rea (CADA) de INDAP, valor\u00f3 el di\u00e1logo directo y la coordinaci\u00f3n.<\/p>\n<p style=\"font-weight: 400; text-align: justify;\">\u201cQue haya venido el Subsecretario de Agricultura a conocer la realidad de boca nuestra, es importante y que pueda coordinar con\u00a0 los servicios del agro que, efectivamente, lleguen los recursos a las personas afectadas es realmente importante\u201d, concluy\u00f3.<\/p>\n<p style=\"font-weight: 400; text-align: justify;\">Del mismo modo, Mar\u00eda Elena Inostroza Rivera, agricultora del sector Tres Lagos, mencion\u00f3 la importancia de los primeros insumos recibidos a trav\u00e9s de INDAP.<\/p>\n<p style=\"font-weight: 400; text-align: justify;\">\u201cMe quedaba alimento para dos o tres d\u00edas m\u00e1s y ha llegado esta comitiva que me ha tra\u00eddo forraje, justo a tiempo, que me ha llenado de alegr\u00eda y esperanza nuevamente\u201d, mencion\u00f3.<\/p>\n<p style=\"font-weight: 400; text-align: justify;\">La Direcci\u00f3n Meteorol\u00f3gica de Chile cancel\u00f3 el aviso de precipitaciones normales a moderadas debido al debilitamiento de las condiciones meteorol\u00f3gicas, sin embargo, se mantiene el monitoreo de la red hidrom\u00e9trica, as\u00ed como el llamado a la prevenci\u00f3n y autocuidado para un tr\u00e1nsito seguro.<\/p>\n<\/div><\/section><\/div><div  style='height:50px' class='hr hr-invisible   avia-builder-el-6  el_after_av_one_full  el_before_av_social_share '><span class='hr-inner ' ><span class='hr-inner-style'><\/span><\/span><\/div><\/p>\n<div  class='av-social-sharing-box  avia-builder-el-7  el_after_av_hr  el_before_av_hr  '><div class='av-share-box'><h5 class='av-share-link-description av-no-toc '>Compartir esta noticia<\/h5><ul class='av-share-box-list noLightbox'><li class='av-share-link av-social-link-facebook' ><a target=\"_blank\" aria-label=\"Compartir en Facebook\" href='https:\/\/www.facebook.com\/sharer.php?u=https:\/\/radiorevelacionfm.cl\/?p=60152&#038;t=Gobierno%20prioriza%20recursos%20para%20m%C3%A1s%20de%20640%20productores%20y%20conectividad' aria-hidden='false' data-av_icon='\ue8f3' data-av_iconfont='entypo-fontello' title='' data-avia-related-tooltip='Compartir en Facebook' rel=\"noopener\"><span class='avia_hidden_link_text'>Compartir en Facebook<\/span><\/a><\/li><li class='av-share-link av-social-link-twitter' ><a target=\"_blank\" aria-label=\"Compartir en Twitter\" href='https:\/\/twitter.com\/share?text=Gobierno%20prioriza%20recursos%20para%20m%C3%A1s%20de%20640%20productores%20y%20conectividad&#038;url=https:\/\/radiorevelacionfm.cl\/?p=60152' aria-hidden='false' data-av_icon='\ue8f1' data-av_iconfont='entypo-fontello' title='' data-avia-related-tooltip='Compartir en Twitter' rel=\"noopener\"><span class='avia_hidden_link_text'>Compartir en Twitter<\/span><\/a><\/li><li class='av-share-link av-social-link-whatsapp' ><a target=\"_blank\" aria-label=\"Compartir en Whatsapp\" href='https:\/\/api.whatsapp.com\/send?text=https:\/\/radiorevelacionfm.cl\/?p=60152' aria-hidden='false' data-av_icon='\uf232' data-av_iconfont='entypo-fontello' title='' data-avia-related-tooltip='Compartir en Whatsapp' rel=\"noopener\"><span class='avia_hidden_link_text'>Compartir en Whatsapp<\/span><\/a><\/li><li class='av-share-link av-social-link-linkedin' ><a target=\"_blank\" aria-label=\"Compartir en LinkedIn\" href='https:\/\/linkedin.com\/shareArticle?mini=true&#038;title=Gobierno%20prioriza%20recursos%20para%20m%C3%A1s%20de%20640%20productores%20y%20conectividad&#038;url=https:\/\/radiorevelacionfm.cl\/?p=60152' aria-hidden='false' data-av_icon='\ue8fc' data-av_iconfont='entypo-fontello' title='' data-avia-related-tooltip='Compartir en LinkedIn' rel=\"noopener\"><span class='avia_hidden_link_text'>Compartir en LinkedIn<\/span><\/a><\/li><li class='av-share-link av-social-link-mail' ><a  aria-label=\"Compartir por correo\" href='mailto:?subject=Gobierno%20prioriza%20recursos%20para%20m%C3%A1s%20de%20640%20productores%20y%20conectividad&#038;body=https:\/\/radiorevelacionfm.cl\/?p=60152' aria-hidden='false' data-av_icon='\ue805' data-av_iconfont='entypo-fontello' title='' data-avia-related-tooltip='Compartir por correo'><span class='avia_hidden_link_text'>Compartir por correo<\/span><\/a><\/li><\/ul><\/div><\/div>\n<div  style='height:50px' class='hr hr-invisible   avia-builder-el-8  el_after_av_social_share  el_before_av_comments_list '><span class='hr-inner ' ><span class='hr-inner-style'><\/span><\/span><\/div>\n<div  class='av-buildercomment  av-blog-meta-html-info-disabled av-blog-meta-tag-disabled  '><\/div>\n","protected":false},"excerpt":{"rendered":"","protected":false},"author":1,"featured_media":60153,"comment_status":"closed","ping_status":"closed","sticky":false,"template":"","format":"standard","meta":{"footnotes":""},"categories":[38],"tags":[],"class_list":["post-60152","post","type-post","status-publish","format-standard","has-post-thumbnail","hentry","category-regional"],"jetpack_featured_media_url":"https:\/\/radiorevelacionfm.cl\/wp-content\/uploads\/2025\/10\/whatsapp-image-2025-10-09-at-15_optimized.24.10-1.jpeg","_links":{"self":[{"href":"https:\/\/radiorevelacionfm.cl\/index.php?rest_route=\/wp\/v2\/posts\/60152","targetHints":{"allow":["GET"]}}],"collection":[{"href":"https:\/\/radiorevelacionfm.cl\/index.php?rest_route=\/wp\/v2\/posts"}],"about":[{"href":"https:\/\/radiorevelacionfm.cl\/index.php?rest_route=\/wp\/v2\/types\/post"}],"author":[{"embeddable":true,"href":"https:\/\/radiorevelacionfm.cl\/index.php?rest_route=\/wp\/v2\/users\/1"}],"replies":[{"embeddable":true,"href":"https:\/\/radiorevelacionfm.cl\/index.php?rest_route=%2Fwp%2Fv2%2Fcomments&post=60152"}],"version-history":[{"count":2,"href":"https:\/\/radiorevelacionfm.cl\/index.php?rest_route=\/wp\/v2\/posts\/60152\/revisions"}],"predecessor-version":[{"id":60176,"href":"https:\/\/radiorevelacionfm.cl\/index.php?rest_route=\/wp\/v2\/posts\/60152\/revisions\/60176"}],"wp:featuredmedia":[{"embeddable":true,"href":"https:\/\/radiorevelacionfm.cl\/index.php?rest_route=\/wp\/v2\/media\/60153"}],"wp:attachment":[{"href":"https:\/\/radiorevelacionfm.cl\/index.php?rest_route=%2Fwp%2Fv2%2Fmedia&parent=60152"}],"wp:term":[{"taxonomy":"category","embeddable":true,"href":"https:\/\/radiorevelacionfm.cl\/index.php?rest_route=%2Fwp%2Fv2%2Fcategories&post=60152"},{"taxonomy":"post_tag","embeddable":true,"href":"https:\/\/radiorevelacionfm.cl\/index.php?rest_route=%2Fwp%2Fv2%2Ftags&post=60152"}],"curies":[{"name":"wp","href":"https:\/\/api.w.org\/{rel}","templated":true}]}}