{"id":6015,"date":"2021-07-07T11:55:46","date_gmt":"2021-07-07T14:55:46","guid":{"rendered":"https:\/\/radiorevelacionfm.cl\/?p=6015"},"modified":"2021-07-07T11:55:46","modified_gmt":"2021-07-07T14:55:46","slug":"consejeros-trabajan-con-ministra-de-transportes-en-prioridades-de-conectividad-para-aysen","status":"publish","type":"post","link":"https:\/\/radiorevelacionfm.cl\/?p=6015","title":{"rendered":"Consejeros trabajan con ministra de Transportes en prioridades de conectividad para Ays\u00e9n"},"content":{"rendered":"<div class=\"flex_column av_one_full  flex_column_div av-zero-column-padding first  avia-builder-el-0  el_before_av_one_full  avia-builder-el-first  \" style='border-radius:0px; '><div  class='avia-image-container  av-styling-    avia-builder-el-1  avia-builder-el-no-sibling  avia-align-center '  itemprop=\"image\" itemscope=\"itemscope\" itemtype=\"https:\/\/schema.org\/ImageObject\"  ><div class='avia-image-container-inner'><div class='avia-image-overlay-wrap'><img decoding=\"async\" class='wp-image-6016 avia-img-lazy-loading-not-6016 avia_image' src=\"https:\/\/radiorevelacionfm.cl\/wp-content\/uploads\/2021\/07\/Consejeros_Ministra-1-1.jpg\" alt='' title='Consejeros_Ministra (1) (1)' height=\"600\" width=\"1091\"  itemprop=\"thumbnailUrl\" srcset=\"https:\/\/radiorevelacionfm.cl\/wp-content\/uploads\/2021\/07\/Consejeros_Ministra-1-1.jpg 1091w, https:\/\/radiorevelacionfm.cl\/wp-content\/uploads\/2021\/07\/Consejeros_Ministra-1-1-300x165.jpg 300w, https:\/\/radiorevelacionfm.cl\/wp-content\/uploads\/2021\/07\/Consejeros_Ministra-1-1-1030x566.jpg 1030w, https:\/\/radiorevelacionfm.cl\/wp-content\/uploads\/2021\/07\/Consejeros_Ministra-1-1-768x422.jpg 768w, https:\/\/radiorevelacionfm.cl\/wp-content\/uploads\/2021\/07\/Consejeros_Ministra-1-1-705x388.jpg 705w, https:\/\/radiorevelacionfm.cl\/wp-content\/uploads\/2021\/07\/Consejeros_Ministra-1-1-600x330.jpg 600w\" sizes=\"(max-width: 1091px) 100vw, 1091px\" \/><\/div><\/div><\/div><\/div><div class=\"flex_column av_one_full  flex_column_div av-zero-column-padding first  avia-builder-el-2  el_after_av_one_full  el_before_av_one_full  column-top-margin\" style='border-radius:0px; '><section class=\"av_textblock_section \"  itemscope=\"itemscope\" itemtype=\"https:\/\/schema.org\/BlogPosting\" itemprop=\"blogPost\" ><div class='avia_textblock  '   itemprop=\"text\" ><p style=\"text-align: center;\"><strong><span style=\"font-size: 18pt;\">Consejeros trabajan con ministra de Transportes en prioridades de conectividad para Ays\u00e9n<\/span><\/strong><\/p>\n<div id=\"gtx-trans\" style=\"position: absolute; left: -50px; top: 4.31534px;\">\n<div class=\"gtx-trans-icon\"><\/div>\n<\/div>\n<\/div><\/section><\/div><div class=\"flex_column av_one_full  flex_column_div av-zero-column-padding first  avia-builder-el-4  el_after_av_one_full  el_before_av_hr  column-top-margin\" style='border-radius:0px; '><section class=\"av_textblock_section \"  itemscope=\"itemscope\" itemtype=\"https:\/\/schema.org\/BlogPosting\" itemprop=\"blogPost\" ><div class='avia_textblock  '   itemprop=\"text\" ><p class=\"v1MsoNormal\" style=\"text-align: justify;\">Prioridades regionales en materia de conectividad terrestre y mar\u00edtima, plantearon consejeros regionales de Ays\u00e9n a la ministra de Transportes, Gloria Hutt, en el\u00a0 marco de una agenda de trabajo en la Regi\u00f3n Metropolitana.<\/p>\n<p class=\"v1MsoNormal\" style=\"text-align: justify;\">\u00abHemos visto temas de conectividad que hay que resolver, conectividad terrestre, mar\u00edtima, tambi\u00e9n hemos discutido la forma de resolver los contratos en algunas rutas espec\u00edficas, por ejemplo, a Islas Huichas o en el Lago General Carrera. Son todos temas que requieren atenci\u00f3n, as\u00ed es que nos hemos comprometido a tener reuniones de trabajo y perfeccionar las soluciones para esto\u00bb, indic\u00f3 la ministra Hutt.<\/p>\n<p class=\"v1MsoNormal\" style=\"text-align: justify;\">El presidente del Consejo, Sergio Gonz\u00e1lez, destac\u00f3 la importancia del sistema de barcazas entre Chacabuco e Islas Huichas y la ruta Cordillera. \u00abHemos tocado lo que es el funcionamiento el transporte y conectividad en el litoral, donde hay algunos temas en los que debemos poner el acento. Hemos tocado tambi\u00e9n el traslado de las sustancias peligrosas, es necesario tener prontamente un contrato que posibilite el abastecimiento normal de esa zona y, por otro lado, la revisi\u00f3n del contrato que existe entre el transporte mar\u00edtimo entre Puerto Chacabuco e Islas Huichas\u00bb, sintetiz\u00f3.<\/p>\n<p class=\"v1MsoNormal\" style=\"text-align: justify;\">El consejero Ra\u00fal Rudolphi enfatiz\u00f3 en el establecimiento de un puerto seco \u2013el primero de Chile- que conecte las regiones de Los Lagos y Ays\u00e9n en la localidad de La Junta, para mejorar la log\u00edstica y seguridad en el traslado de carga.<\/p>\n<p class=\"v1MsoNormal\" style=\"text-align: justify;\">\u00abTiene que ver con la necesidad de habilitar puertos secos en la Regi\u00f3n de Los Lagos, en la comuna de Chait\u00e9n, pero tambi\u00e9n en nuestra comuna de Cisnes, en la localidad de La Junta, porque hoy en d\u00eda es de conocimiento p\u00fablico la fatiga que tienen los puentes, el desag\u00fce del Lago Rosselot, el Puente que est\u00e1 sobre el R\u00edo Palena y los puentes de la zona sur de la regi\u00f3n de Los Lagos, destacando el puente Yelcho. Es una necesidad urgente, la ministra estaba en conocimiento y redoblamos esfuerzos y compromisos para liberar recursos\u00bb, recalc\u00f3.<\/p>\n<p class=\"v1MsoNormal\" style=\"text-align: justify;\">El consejero Carlos Quintul expres\u00f3 que para la provincia General Carrera es relevante reforzar el traslado lacustre, mediante una segunda barcaza entre R\u00edo Ib\u00e1\u00f1ez y Chile Chico.<\/p>\n<p class=\"v1MsoNormal\" style=\"text-align: justify;\">\u00abVimos el tema de conectividad entre Puerto Ib\u00e1\u00f1ez y Chile Chico, viendo que en el tiempo de verano llegan muchos turistas y muchos veh\u00edculos son trasladados de una localidad a otra, por lo cual es importante contar con los recursos para la conectividad. Si bien se plantea el compromiso del\u00a0 a\u00f1o 2019 de una nueva embarcaci\u00f3n\u00a0 y llegar a los mejores acuerdos, para que este sue\u00f1o tan anhelado sea realidad\u00bb, se\u00f1al\u00f3.<\/p>\n<p class=\"v1MsoNormal\" style=\"text-align: justify;\">En todos los casos se consider\u00f3 los requerimientos expresados por gremios y vecinos de los territorios, en cuanto a la necesidad de agilizar medidas para la seguridad, tiempos\u00a0 y calidad de los traslados tanto de personas como de carga.<\/p>\n<\/div><\/section><\/div><div  style='height:50px' class='hr hr-invisible   avia-builder-el-6  el_after_av_one_full  el_before_av_social_share '><span class='hr-inner ' ><span class='hr-inner-style'><\/span><\/span><\/div><\/p>\n<div  class='av-social-sharing-box  avia-builder-el-7  el_after_av_hr  el_before_av_hr  '><div class='av-share-box'><h5 class='av-share-link-description av-no-toc '>Compartir esta noticia<\/h5><ul class='av-share-box-list noLightbox'><li class='av-share-link av-social-link-facebook' ><a target=\"_blank\" aria-label=\"Compartir en Facebook\" href='https:\/\/www.facebook.com\/sharer.php?u=https:\/\/radiorevelacionfm.cl\/?p=6015&#038;t=Consejeros%20trabajan%20con%20ministra%20de%20Transportes%20en%20prioridades%20de%20conectividad%20para%20Ays%C3%A9n' aria-hidden='false' data-av_icon='\ue8f3' data-av_iconfont='entypo-fontello' title='' data-avia-related-tooltip='Compartir en Facebook' rel=\"noopener\"><span class='avia_hidden_link_text'>Compartir en Facebook<\/span><\/a><\/li><li class='av-share-link av-social-link-twitter' ><a target=\"_blank\" aria-label=\"Compartir en Twitter\" href='https:\/\/twitter.com\/share?text=Consejeros%20trabajan%20con%20ministra%20de%20Transportes%20en%20prioridades%20de%20conectividad%20para%20Ays%C3%A9n&#038;url=https:\/\/radiorevelacionfm.cl\/?p=6015' aria-hidden='false' data-av_icon='\ue8f1' data-av_iconfont='entypo-fontello' title='' data-avia-related-tooltip='Compartir en Twitter' rel=\"noopener\"><span class='avia_hidden_link_text'>Compartir en Twitter<\/span><\/a><\/li><li class='av-share-link av-social-link-whatsapp' ><a target=\"_blank\" aria-label=\"Compartir en Whatsapp\" href='https:\/\/api.whatsapp.com\/send?text=https:\/\/radiorevelacionfm.cl\/?p=6015' aria-hidden='false' data-av_icon='\uf232' data-av_iconfont='entypo-fontello' title='' data-avia-related-tooltip='Compartir en Whatsapp' rel=\"noopener\"><span class='avia_hidden_link_text'>Compartir en Whatsapp<\/span><\/a><\/li><li class='av-share-link av-social-link-linkedin' ><a target=\"_blank\" aria-label=\"Compartir en LinkedIn\" href='https:\/\/linkedin.com\/shareArticle?mini=true&#038;title=Consejeros%20trabajan%20con%20ministra%20de%20Transportes%20en%20prioridades%20de%20conectividad%20para%20Ays%C3%A9n&#038;url=https:\/\/radiorevelacionfm.cl\/?p=6015' aria-hidden='false' data-av_icon='\ue8fc' data-av_iconfont='entypo-fontello' title='' data-avia-related-tooltip='Compartir en LinkedIn' rel=\"noopener\"><span class='avia_hidden_link_text'>Compartir en LinkedIn<\/span><\/a><\/li><li class='av-share-link av-social-link-mail' ><a  aria-label=\"Compartir por correo\" href='mailto:?subject=Consejeros%20trabajan%20con%20ministra%20de%20Transportes%20en%20prioridades%20de%20conectividad%20para%20Ays%C3%A9n&#038;body=https:\/\/radiorevelacionfm.cl\/?p=6015' aria-hidden='false' data-av_icon='\ue805' data-av_iconfont='entypo-fontello' title='' data-avia-related-tooltip='Compartir por correo'><span class='avia_hidden_link_text'>Compartir por correo<\/span><\/a><\/li><\/ul><\/div><\/div>\n<div  style='height:50px' class='hr hr-invisible   avia-builder-el-8  el_after_av_social_share  el_before_av_comments_list '><span class='hr-inner ' ><span class='hr-inner-style'><\/span><\/span><\/div>\n<div  class='av-buildercomment  av-blog-meta-html-info-disabled av-blog-meta-tag-disabled  '><\/div>\n","protected":false},"excerpt":{"rendered":"","protected":false},"author":1,"featured_media":6016,"comment_status":"open","ping_status":"open","sticky":false,"template":"","format":"standard","meta":{"footnotes":""},"categories":[59],"tags":[],"class_list":["post-6015","post","type-post","status-publish","format-standard","has-post-thumbnail","hentry","category-transporte"],"jetpack_featured_media_url":"https:\/\/radiorevelacionfm.cl\/wp-content\/uploads\/2021\/07\/Consejeros_Ministra-1-1.jpg","_links":{"self":[{"href":"https:\/\/radiorevelacionfm.cl\/index.php?rest_route=\/wp\/v2\/posts\/6015","targetHints":{"allow":["GET"]}}],"collection":[{"href":"https:\/\/radiorevelacionfm.cl\/index.php?rest_route=\/wp\/v2\/posts"}],"about":[{"href":"https:\/\/radiorevelacionfm.cl\/index.php?rest_route=\/wp\/v2\/types\/post"}],"author":[{"embeddable":true,"href":"https:\/\/radiorevelacionfm.cl\/index.php?rest_route=\/wp\/v2\/users\/1"}],"replies":[{"embeddable":true,"href":"https:\/\/radiorevelacionfm.cl\/index.php?rest_route=%2Fwp%2Fv2%2Fcomments&post=6015"}],"version-history":[{"count":1,"href":"https:\/\/radiorevelacionfm.cl\/index.php?rest_route=\/wp\/v2\/posts\/6015\/revisions"}],"predecessor-version":[{"id":6017,"href":"https:\/\/radiorevelacionfm.cl\/index.php?rest_route=\/wp\/v2\/posts\/6015\/revisions\/6017"}],"wp:featuredmedia":[{"embeddable":true,"href":"https:\/\/radiorevelacionfm.cl\/index.php?rest_route=\/wp\/v2\/media\/6016"}],"wp:attachment":[{"href":"https:\/\/radiorevelacionfm.cl\/index.php?rest_route=%2Fwp%2Fv2%2Fmedia&parent=6015"}],"wp:term":[{"taxonomy":"category","embeddable":true,"href":"https:\/\/radiorevelacionfm.cl\/index.php?rest_route=%2Fwp%2Fv2%2Fcategories&post=6015"},{"taxonomy":"post_tag","embeddable":true,"href":"https:\/\/radiorevelacionfm.cl\/index.php?rest_route=%2Fwp%2Fv2%2Ftags&post=6015"}],"curies":[{"name":"wp","href":"https:\/\/api.w.org\/{rel}","templated":true}]}}