{"id":60149,"date":"2025-10-09T16:45:32","date_gmt":"2025-10-09T19:45:32","guid":{"rendered":"https:\/\/radiorevelacionfm.cl\/?p=60149"},"modified":"2025-10-09T16:45:32","modified_gmt":"2025-10-09T19:45:32","slug":"columna-de-opinion-cuando-la-urgencia-del-campo-no-puede-esperar","status":"publish","type":"post","link":"https:\/\/radiorevelacionfm.cl\/?p=60149","title":{"rendered":"Columna de Opini\u00f3n | Cuando la urgencia del campo no puede esperar"},"content":{"rendered":"<div class=\"flex_column av_one_full  flex_column_div av-zero-column-padding first  avia-builder-el-0  el_before_av_one_full  avia-builder-el-first  \" style='border-radius:0px; '><div  class='avia-image-container  av-styling-    avia-builder-el-1  avia-builder-el-no-sibling  avia-align-center '  itemprop=\"image\" itemscope=\"itemscope\" itemtype=\"https:\/\/schema.org\/ImageObject\"  ><div class='avia-image-container-inner'><div class='avia-image-overlay-wrap'><img decoding=\"async\" class='wp-image-60150 avia-img-lazy-loading-not-60150 avia_image' src=\"https:\/\/radiorevelacionfm.cl\/wp-content\/uploads\/2025\/10\/ALCALDE-PATRICIO-ULLOA-GEORGIA-1-1-1.jpg\" alt='' title='ALCALDE PATRICIO ULLOA GEORGIA (1) (1) (1)' height=\"600\" width=\"908\"  itemprop=\"thumbnailUrl\" srcset=\"https:\/\/radiorevelacionfm.cl\/wp-content\/uploads\/2025\/10\/ALCALDE-PATRICIO-ULLOA-GEORGIA-1-1-1.jpg 908w, https:\/\/radiorevelacionfm.cl\/wp-content\/uploads\/2025\/10\/ALCALDE-PATRICIO-ULLOA-GEORGIA-1-1-1-300x198.jpg 300w, https:\/\/radiorevelacionfm.cl\/wp-content\/uploads\/2025\/10\/ALCALDE-PATRICIO-ULLOA-GEORGIA-1-1-1-768x507.jpg 768w, https:\/\/radiorevelacionfm.cl\/wp-content\/uploads\/2025\/10\/ALCALDE-PATRICIO-ULLOA-GEORGIA-1-1-1-705x466.jpg 705w, https:\/\/radiorevelacionfm.cl\/wp-content\/uploads\/2025\/10\/ALCALDE-PATRICIO-ULLOA-GEORGIA-1-1-1-450x297.jpg 450w, https:\/\/radiorevelacionfm.cl\/wp-content\/uploads\/2025\/10\/ALCALDE-PATRICIO-ULLOA-GEORGIA-1-1-1-600x396.jpg 600w\" sizes=\"(max-width: 908px) 100vw, 908px\" \/><\/div><\/div><\/div><\/div><div class=\"flex_column av_one_full  flex_column_div av-zero-column-padding first  avia-builder-el-2  el_after_av_one_full  el_before_av_one_full  column-top-margin\" style='border-radius:0px; '><section class=\"av_textblock_section \"  itemscope=\"itemscope\" itemtype=\"https:\/\/schema.org\/BlogPosting\" itemprop=\"blogPost\" ><div class='avia_textblock  '   itemprop=\"text\" ><p style=\"text-align: center;\"><strong><span style=\"font-size: 18pt;\">Columna de Opini\u00f3n | Cuando la urgencia del campo no puede esperar<\/span><\/strong><\/p>\n<div id=\"gtx-trans\" style=\"position: absolute; left: -50px; top: 4.31534px;\">\n<div class=\"gtx-trans-icon\"><\/div>\n<\/div>\n<\/div><\/section><\/div><div class=\"flex_column av_one_full  flex_column_div av-zero-column-padding first  avia-builder-el-4  el_after_av_one_full  el_before_av_hr  column-top-margin\" style='border-radius:0px; '><section class=\"av_textblock_section \"  itemscope=\"itemscope\" itemtype=\"https:\/\/schema.org\/BlogPosting\" itemprop=\"blogPost\" ><div class='avia_textblock  '   itemprop=\"text\" ><p style=\"text-align: justify;\"><em>Por Patricio Ulloa Georgia, alcalde de Cochrane<\/em><\/p>\n<p style=\"text-align: justify;\">Esta semana recibimos en Cochrane la visita del Subsecretario de Agricultura, Alan Espinoza, quien lleg\u00f3 hasta nuestra comuna para conocer en terreno los graves efectos que ha dejado la emergencia clim\u00e1tica en el mundo rural de la provincia Capit\u00e1n Prat.<\/p>\n<p style=\"text-align: justify;\">Valoramos su presencia. Pero tambi\u00e9n debemos ser claros: la visita no basta si no se traduce en soluciones reales y urgentes para las familias y productores que hoy enfrentan una crisis profunda.<\/p>\n<p style=\"text-align: justify;\">Durante cerca de diez d\u00edas, Cochrane ha vivido una situaci\u00f3n extrema. Sectores aislados, animales muertos o enfermos, p\u00e9rdidas de forraje, caminos cortados y una agricultura golpeada por lluvias que no dan tregua. No estamos ante un episodio puntual, sino ante una crisis agropecuaria instalada que amenaza directamente la base de nuestra econom\u00eda local y el modo de vida rural que define a nuestra comuna.<\/p>\n<p style=\"text-align: justify;\">Por eso, lo que hoy se necesita no son diagn\u00f3sticos ni visitas protocolares, sino respuestas concretas del Estado. Los municipios de esta provincia hemos estado en la primera l\u00ednea, con nuestros equipos desplegados en terreno, con recursos limitados, sin descanso y muchas veces sin respaldo operativo oportuno.<\/p>\n<p style=\"text-align: justify;\">El mundo rural necesita presencia efectiva del Gobierno, coordinaci\u00f3n y enlace real entre servicios, y sobre todo una mirada descentralizada que entienda que las decisiones deben construirse desde el territorio, no desde Santiago.<\/p>\n<p style=\"text-align: justify;\">En la reuni\u00f3n sostenida con el Subsecretario fuimos directos: se entreg\u00f3 un oficio formal con las principales urgencias que el Gobierno a\u00fan no ha resuelto, entre ellas, el apoyo veterinario y antiparasitario inmediato, la reposici\u00f3n de forraje, la recuperaci\u00f3n de cercos y herramientas productivas, y un plan de trabajo de largo plazo para enfrentar las consecuencias del exceso de humedad y la p\u00e9rdida de praderas.<\/p>\n<p style=\"text-align: justify;\">No se trata solo de reparar da\u00f1os, sino de evitar que esta crisis se transforme en una p\u00e9rdida irrecuperable para nuestros peque\u00f1os productores y ganaderos.<\/p>\n<p style=\"text-align: justify;\">El Gobierno debe comprender que Cochrane no puede seguir esperando. El sacrificio del campo, de las familias que viven aisladas y que alimentan a parte de la regi\u00f3n y pa\u00eds, merece respeto y respuestas a la altura de su esfuerzo.<br \/>\nLa descentralizaci\u00f3n no se declama, se ejerce con hechos, con recursos y con presencia permanente en los territorios. En Cochrane lo seguiremos diciendo con claridad: el mundo rural no puede quedar solo.<br \/>\nMientras haya una familia aislada, un animal sin alimento o un productor que vea desaparecer su trabajo de a\u00f1os, la emergencia no habr\u00e1 terminado.<\/p>\n<p style=\"text-align: justify;\">Y frente a eso, nuestro compromiso como municipio seguir\u00e1 intacto: estar junto a nuestra gente, acompa\u00f1ando y exigiendo las soluciones que la ruralidad merece.<\/p>\n<\/div><\/section><\/div><div  style='height:50px' class='hr hr-invisible   avia-builder-el-6  el_after_av_one_full  el_before_av_social_share '><span class='hr-inner ' ><span class='hr-inner-style'><\/span><\/span><\/div><\/p>\n<div  class='av-social-sharing-box  avia-builder-el-7  el_after_av_hr  el_before_av_hr  '><div class='av-share-box'><h5 class='av-share-link-description av-no-toc '>Compartir esta noticia<\/h5><ul class='av-share-box-list noLightbox'><li class='av-share-link av-social-link-facebook' ><a target=\"_blank\" aria-label=\"Compartir en Facebook\" href='https:\/\/www.facebook.com\/sharer.php?u=https:\/\/radiorevelacionfm.cl\/?p=60149&#038;t=Columna%20de%20Opini%C3%B3n%20%7C%20Cuando%20la%20urgencia%20del%20campo%20no%20puede%20esperar' aria-hidden='false' data-av_icon='\ue8f3' data-av_iconfont='entypo-fontello' title='' data-avia-related-tooltip='Compartir en Facebook' rel=\"noopener\"><span class='avia_hidden_link_text'>Compartir en Facebook<\/span><\/a><\/li><li class='av-share-link av-social-link-twitter' ><a target=\"_blank\" aria-label=\"Compartir en Twitter\" href='https:\/\/twitter.com\/share?text=Columna%20de%20Opini%C3%B3n%20%7C%20Cuando%20la%20urgencia%20del%20campo%20no%20puede%20esperar&#038;url=https:\/\/radiorevelacionfm.cl\/?p=60149' aria-hidden='false' data-av_icon='\ue8f1' data-av_iconfont='entypo-fontello' title='' data-avia-related-tooltip='Compartir en Twitter' rel=\"noopener\"><span class='avia_hidden_link_text'>Compartir en Twitter<\/span><\/a><\/li><li class='av-share-link av-social-link-whatsapp' ><a target=\"_blank\" aria-label=\"Compartir en Whatsapp\" href='https:\/\/api.whatsapp.com\/send?text=https:\/\/radiorevelacionfm.cl\/?p=60149' aria-hidden='false' data-av_icon='\uf232' data-av_iconfont='entypo-fontello' title='' data-avia-related-tooltip='Compartir en Whatsapp' rel=\"noopener\"><span class='avia_hidden_link_text'>Compartir en Whatsapp<\/span><\/a><\/li><li class='av-share-link av-social-link-linkedin' ><a target=\"_blank\" aria-label=\"Compartir en LinkedIn\" href='https:\/\/linkedin.com\/shareArticle?mini=true&#038;title=Columna%20de%20Opini%C3%B3n%20%7C%20Cuando%20la%20urgencia%20del%20campo%20no%20puede%20esperar&#038;url=https:\/\/radiorevelacionfm.cl\/?p=60149' aria-hidden='false' data-av_icon='\ue8fc' data-av_iconfont='entypo-fontello' title='' data-avia-related-tooltip='Compartir en LinkedIn' rel=\"noopener\"><span class='avia_hidden_link_text'>Compartir en LinkedIn<\/span><\/a><\/li><li class='av-share-link av-social-link-mail' ><a  aria-label=\"Compartir por correo\" href='mailto:?subject=Columna%20de%20Opini%C3%B3n%20%7C%20Cuando%20la%20urgencia%20del%20campo%20no%20puede%20esperar&#038;body=https:\/\/radiorevelacionfm.cl\/?p=60149' aria-hidden='false' data-av_icon='\ue805' data-av_iconfont='entypo-fontello' title='' data-avia-related-tooltip='Compartir por correo'><span class='avia_hidden_link_text'>Compartir por correo<\/span><\/a><\/li><\/ul><\/div><\/div>\n<div  style='height:50px' class='hr hr-invisible   avia-builder-el-8  el_after_av_social_share  el_before_av_comments_list '><span class='hr-inner ' ><span class='hr-inner-style'><\/span><\/span><\/div>\n<div  class='av-buildercomment  av-blog-meta-html-info-disabled av-blog-meta-tag-disabled  '><\/div>\n","protected":false},"excerpt":{"rendered":"","protected":false},"author":1,"featured_media":60150,"comment_status":"closed","ping_status":"closed","sticky":false,"template":"","format":"standard","meta":{"footnotes":""},"categories":[50],"tags":[],"class_list":["post-60149","post","type-post","status-publish","format-standard","has-post-thumbnail","hentry","category-cartas-y-opinion"],"jetpack_featured_media_url":"https:\/\/radiorevelacionfm.cl\/wp-content\/uploads\/2025\/10\/ALCALDE-PATRICIO-ULLOA-GEORGIA-1-1-1.jpg","_links":{"self":[{"href":"https:\/\/radiorevelacionfm.cl\/index.php?rest_route=\/wp\/v2\/posts\/60149","targetHints":{"allow":["GET"]}}],"collection":[{"href":"https:\/\/radiorevelacionfm.cl\/index.php?rest_route=\/wp\/v2\/posts"}],"about":[{"href":"https:\/\/radiorevelacionfm.cl\/index.php?rest_route=\/wp\/v2\/types\/post"}],"author":[{"embeddable":true,"href":"https:\/\/radiorevelacionfm.cl\/index.php?rest_route=\/wp\/v2\/users\/1"}],"replies":[{"embeddable":true,"href":"https:\/\/radiorevelacionfm.cl\/index.php?rest_route=%2Fwp%2Fv2%2Fcomments&post=60149"}],"version-history":[{"count":2,"href":"https:\/\/radiorevelacionfm.cl\/index.php?rest_route=\/wp\/v2\/posts\/60149\/revisions"}],"predecessor-version":[{"id":60155,"href":"https:\/\/radiorevelacionfm.cl\/index.php?rest_route=\/wp\/v2\/posts\/60149\/revisions\/60155"}],"wp:featuredmedia":[{"embeddable":true,"href":"https:\/\/radiorevelacionfm.cl\/index.php?rest_route=\/wp\/v2\/media\/60150"}],"wp:attachment":[{"href":"https:\/\/radiorevelacionfm.cl\/index.php?rest_route=%2Fwp%2Fv2%2Fmedia&parent=60149"}],"wp:term":[{"taxonomy":"category","embeddable":true,"href":"https:\/\/radiorevelacionfm.cl\/index.php?rest_route=%2Fwp%2Fv2%2Fcategories&post=60149"},{"taxonomy":"post_tag","embeddable":true,"href":"https:\/\/radiorevelacionfm.cl\/index.php?rest_route=%2Fwp%2Fv2%2Ftags&post=60149"}],"curies":[{"name":"wp","href":"https:\/\/api.w.org\/{rel}","templated":true}]}}