{"id":60147,"date":"2025-10-09T21:12:35","date_gmt":"2025-10-10T00:12:35","guid":{"rendered":"https:\/\/radiorevelacionfm.cl\/?p=60147"},"modified":"2025-10-09T21:12:35","modified_gmt":"2025-10-10T00:12:35","slug":"corte-de-coyhaique-decreta-la-prision-preventiva-de-imputado-por-receptacion-y-cultivo-ilegal","status":"publish","type":"post","link":"https:\/\/radiorevelacionfm.cl\/?p=60147","title":{"rendered":"Corte de Coyhaique decreta la prisi\u00f3n preventiva de imputado por receptaci\u00f3n y cultivo ilegal"},"content":{"rendered":"<div class=\"flex_column av_one_full  flex_column_div av-zero-column-padding first  avia-builder-el-0  el_before_av_one_full  avia-builder-el-first  \" style='border-radius:0px; '><div  class='avia-image-container  av-styling-    avia-builder-el-1  avia-builder-el-no-sibling  avia-align-center '  itemprop=\"image\" itemscope=\"itemscope\" itemtype=\"https:\/\/schema.org\/ImageObject\"  ><div class='avia-image-container-inner'><div class='avia-image-overlay-wrap'><img decoding=\"async\" class='wp-image-44831 avia-img-lazy-loading-not-44831 avia_image' src=\"https:\/\/radiorevelacionfm.cl\/wp-content\/uploads\/2024\/08\/foto-02-corte-de-apelaciones-1-1_optimized-1.jpg\" alt='' title='foto-02-corte-de-apelaciones-(1)-(1)_optimized (1)' height=\"600\" width=\"934\"  itemprop=\"thumbnailUrl\" srcset=\"https:\/\/radiorevelacionfm.cl\/wp-content\/uploads\/2024\/08\/foto-02-corte-de-apelaciones-1-1_optimized-1.jpg 934w, https:\/\/radiorevelacionfm.cl\/wp-content\/uploads\/2024\/08\/foto-02-corte-de-apelaciones-1-1_optimized-1-300x193.jpg 300w, https:\/\/radiorevelacionfm.cl\/wp-content\/uploads\/2024\/08\/foto-02-corte-de-apelaciones-1-1_optimized-1-768x493.jpg 768w, https:\/\/radiorevelacionfm.cl\/wp-content\/uploads\/2024\/08\/foto-02-corte-de-apelaciones-1-1_optimized-1-705x453.jpg 705w, https:\/\/radiorevelacionfm.cl\/wp-content\/uploads\/2024\/08\/foto-02-corte-de-apelaciones-1-1_optimized-1-450x289.jpg 450w, https:\/\/radiorevelacionfm.cl\/wp-content\/uploads\/2024\/08\/foto-02-corte-de-apelaciones-1-1_optimized-1-600x385.jpg 600w\" sizes=\"(max-width: 934px) 100vw, 934px\" \/><\/div><\/div><\/div><\/div><div class=\"flex_column av_one_full  flex_column_div av-zero-column-padding first  avia-builder-el-2  el_after_av_one_full  el_before_av_one_full  column-top-margin\" style='border-radius:0px; '><section class=\"av_textblock_section \"  itemscope=\"itemscope\" itemtype=\"https:\/\/schema.org\/BlogPosting\" itemprop=\"blogPost\" ><div class='avia_textblock  '   itemprop=\"text\" ><p style=\"text-align: center;\"><span style=\"font-size: 18pt;\"><b>Corte de Coyhaique decreta la prisi\u00f3n preventiva de imputado por receptaci\u00f3n y cultivo ilegal<\/b><\/span><\/p>\n<div id=\"gtx-trans\" style=\"position: absolute; left: -50px; top: 4.31534px;\">\n<div class=\"gtx-trans-icon\"><\/div>\n<\/div>\n<\/div><\/section><\/div><div class=\"flex_column av_one_full  flex_column_div av-zero-column-padding first  avia-builder-el-4  el_after_av_one_full  el_before_av_hr  column-top-margin\" style='border-radius:0px; '><section class=\"av_textblock_section \"  itemscope=\"itemscope\" itemtype=\"https:\/\/schema.org\/BlogPosting\" itemprop=\"blogPost\" ><div class='avia_textblock  '   itemprop=\"text\" ><p style=\"font-weight: 400; text-align: justify;\">La Corte de Coyhaique acogi\u00f3 hoy \u2013mi\u00e9rcoles 8 de octubre de 2025\u2013 el recurso de apelaci\u00f3n presentado por el Ministerio P\u00fablico y decret\u00f3 la prisi\u00f3n preventiva de Manuel Antonio Sep\u00falveda Oyarzo, imputado como autor de los delitos de receptaci\u00f3n y cultivo ilegal de especies vegetales del g\u00e9nero cannabis. Il\u00edcitos perpetrados en septiembre pasado en la localidad de Fachinal, comuna de Chile Chico.<\/p>\n<p style=\"font-weight: 400; text-align: justify;\">En fallo un\u00e1nime (causa rol 360-2025), la Primera Sala del tribunal de alzada \u2013integrada por los ministros Jos\u00e9 Ignacio Mora Trujillo, Luis Aedo Mora y Natalia Rencoret Oliva\u2013 revoc\u00f3 la resoluci\u00f3n recurrida, dictada por el Juzgado de Garant\u00eda de Chile Chico, que rechaz\u00f3 la prisi\u00f3n preventiva del imputado.<\/p>\n<p style=\"font-weight: 400; text-align: justify;\">\u201c(\u2026) consider\u00e1ndose que se encuentran indicios suficientes que justifican la existencia de los hechos investigados, concurriendo, adem\u00e1s, presunciones fundadas de la participaci\u00f3n del encausado y, en cuanto a la necesidad de cautela, se advierte que el encartado posee condenas pret\u00e9ritas, e inclusive actualmente cumple una pena sustitutiva de reclusi\u00f3n parcial de fin de semana, a lo que se suma la vigencia de un proceso penal pendiente en su contra, adem\u00e1s de la gravedad de la pena de los delitos, su n\u00famero y car\u00e1cter, por lo que aparece que la medida cautelar personal de prisi\u00f3n preventiva pretendida por el ente persecutor resulta proporcionada para asegurar los fines del procedimiento, siendo las restantes insuficientes a dicho prop\u00f3sito; y conforme, adem\u00e1s, a lo dispuesto en los art\u00edculos 139, 140 y 367 del C\u00f3digo Procesal Penal,\u00a0SE REVOCA, la resoluci\u00f3n apelada de fecha 8 de octubre del 2025, dictada por el magistrado del Juzgado de Letras y\u00a0 Garant\u00eda de Chile Chico, en cuanto por ella se rechaz\u00f3 imponer la medida cautelar personal de prisi\u00f3n preventiva en contra de Manuel Antonio Sep\u00falveda Oyarzo y, en su lugar, se impone dicha medida\u201d.<\/p>\n<p style=\"font-weight: 400; text-align: justify;\">Seg\u00fan el Ministerio P\u00fablico, tras denuncias por robos ocurridos a fines de septiembre pasado, personal policial realiz\u00f3 un registro voluntario en el domicilio del imputado, ubicado en el sector Fachinal, donde se encontraron diversas especies sustra\u00eddas, entre ellas herramientas, bater\u00edas, focos, balizas y bidones con combustible, las que fueron reconocidas por las empresas afectadas.<\/p>\n<p style=\"font-weight: 400; text-align: justify;\">Asimismo, en el lugar se hallaron 14 plantas de marihuana de entre 4 y 26 cent\u00edmetros de altura, cuya composici\u00f3n qu\u00edmica confirm\u00f3 la presencia de THC. El imputado no contaba con autorizaci\u00f3n para el cultivo de dichas especies.<\/p>\n<\/div><\/section><\/div><div  style='height:50px' class='hr hr-invisible   avia-builder-el-6  el_after_av_one_full  el_before_av_social_share '><span class='hr-inner ' ><span class='hr-inner-style'><\/span><\/span><\/div><\/p>\n<div  class='av-social-sharing-box  avia-builder-el-7  el_after_av_hr  el_before_av_hr  '><div class='av-share-box'><h5 class='av-share-link-description av-no-toc '>Compartir esta noticia<\/h5><ul class='av-share-box-list noLightbox'><li class='av-share-link av-social-link-facebook' ><a target=\"_blank\" aria-label=\"Compartir en Facebook\" href='https:\/\/www.facebook.com\/sharer.php?u=https:\/\/radiorevelacionfm.cl\/?p=60147&#038;t=Corte%20de%20Coyhaique%20decreta%20la%20prisi%C3%B3n%20preventiva%20de%20imputado%20por%20receptaci%C3%B3n%20y%20cultivo%20ilegal' aria-hidden='false' data-av_icon='\ue8f3' data-av_iconfont='entypo-fontello' title='' data-avia-related-tooltip='Compartir en Facebook' rel=\"noopener\"><span class='avia_hidden_link_text'>Compartir en Facebook<\/span><\/a><\/li><li class='av-share-link av-social-link-twitter' ><a target=\"_blank\" aria-label=\"Compartir en Twitter\" href='https:\/\/twitter.com\/share?text=Corte%20de%20Coyhaique%20decreta%20la%20prisi%C3%B3n%20preventiva%20de%20imputado%20por%20receptaci%C3%B3n%20y%20cultivo%20ilegal&#038;url=https:\/\/radiorevelacionfm.cl\/?p=60147' aria-hidden='false' data-av_icon='\ue8f1' data-av_iconfont='entypo-fontello' title='' data-avia-related-tooltip='Compartir en Twitter' rel=\"noopener\"><span class='avia_hidden_link_text'>Compartir en Twitter<\/span><\/a><\/li><li class='av-share-link av-social-link-whatsapp' ><a target=\"_blank\" aria-label=\"Compartir en Whatsapp\" href='https:\/\/api.whatsapp.com\/send?text=https:\/\/radiorevelacionfm.cl\/?p=60147' aria-hidden='false' data-av_icon='\uf232' data-av_iconfont='entypo-fontello' title='' data-avia-related-tooltip='Compartir en Whatsapp' rel=\"noopener\"><span class='avia_hidden_link_text'>Compartir en Whatsapp<\/span><\/a><\/li><li class='av-share-link av-social-link-linkedin' ><a target=\"_blank\" aria-label=\"Compartir en LinkedIn\" href='https:\/\/linkedin.com\/shareArticle?mini=true&#038;title=Corte%20de%20Coyhaique%20decreta%20la%20prisi%C3%B3n%20preventiva%20de%20imputado%20por%20receptaci%C3%B3n%20y%20cultivo%20ilegal&#038;url=https:\/\/radiorevelacionfm.cl\/?p=60147' aria-hidden='false' data-av_icon='\ue8fc' data-av_iconfont='entypo-fontello' title='' data-avia-related-tooltip='Compartir en LinkedIn' rel=\"noopener\"><span class='avia_hidden_link_text'>Compartir en LinkedIn<\/span><\/a><\/li><li class='av-share-link av-social-link-mail' ><a  aria-label=\"Compartir por correo\" href='mailto:?subject=Corte%20de%20Coyhaique%20decreta%20la%20prisi%C3%B3n%20preventiva%20de%20imputado%20por%20receptaci%C3%B3n%20y%20cultivo%20ilegal&#038;body=https:\/\/radiorevelacionfm.cl\/?p=60147' aria-hidden='false' data-av_icon='\ue805' data-av_iconfont='entypo-fontello' title='' data-avia-related-tooltip='Compartir por correo'><span class='avia_hidden_link_text'>Compartir por correo<\/span><\/a><\/li><\/ul><\/div><\/div>\n<div  style='height:50px' class='hr hr-invisible   avia-builder-el-8  el_after_av_social_share  el_before_av_comments_list '><span class='hr-inner ' ><span class='hr-inner-style'><\/span><\/span><\/div>\n<div  class='av-buildercomment  av-blog-meta-html-info-disabled av-blog-meta-tag-disabled  '><\/div>\n","protected":false},"excerpt":{"rendered":"","protected":false},"author":1,"featured_media":44831,"comment_status":"closed","ping_status":"closed","sticky":false,"template":"","format":"standard","meta":{"footnotes":""},"categories":[55],"tags":[],"class_list":["post-60147","post","type-post","status-publish","format-standard","has-post-thumbnail","hentry","category-justicia"],"jetpack_featured_media_url":"https:\/\/radiorevelacionfm.cl\/wp-content\/uploads\/2024\/08\/foto-02-corte-de-apelaciones-1-1_optimized-1.jpg","_links":{"self":[{"href":"https:\/\/radiorevelacionfm.cl\/index.php?rest_route=\/wp\/v2\/posts\/60147","targetHints":{"allow":["GET"]}}],"collection":[{"href":"https:\/\/radiorevelacionfm.cl\/index.php?rest_route=\/wp\/v2\/posts"}],"about":[{"href":"https:\/\/radiorevelacionfm.cl\/index.php?rest_route=\/wp\/v2\/types\/post"}],"author":[{"embeddable":true,"href":"https:\/\/radiorevelacionfm.cl\/index.php?rest_route=\/wp\/v2\/users\/1"}],"replies":[{"embeddable":true,"href":"https:\/\/radiorevelacionfm.cl\/index.php?rest_route=%2Fwp%2Fv2%2Fcomments&post=60147"}],"version-history":[{"count":2,"href":"https:\/\/radiorevelacionfm.cl\/index.php?rest_route=\/wp\/v2\/posts\/60147\/revisions"}],"predecessor-version":[{"id":60172,"href":"https:\/\/radiorevelacionfm.cl\/index.php?rest_route=\/wp\/v2\/posts\/60147\/revisions\/60172"}],"wp:featuredmedia":[{"embeddable":true,"href":"https:\/\/radiorevelacionfm.cl\/index.php?rest_route=\/wp\/v2\/media\/44831"}],"wp:attachment":[{"href":"https:\/\/radiorevelacionfm.cl\/index.php?rest_route=%2Fwp%2Fv2%2Fmedia&parent=60147"}],"wp:term":[{"taxonomy":"category","embeddable":true,"href":"https:\/\/radiorevelacionfm.cl\/index.php?rest_route=%2Fwp%2Fv2%2Fcategories&post=60147"},{"taxonomy":"post_tag","embeddable":true,"href":"https:\/\/radiorevelacionfm.cl\/index.php?rest_route=%2Fwp%2Fv2%2Ftags&post=60147"}],"curies":[{"name":"wp","href":"https:\/\/api.w.org\/{rel}","templated":true}]}}