{"id":60137,"date":"2025-10-09T15:13:15","date_gmt":"2025-10-09T18:13:15","guid":{"rendered":"https:\/\/radiorevelacionfm.cl\/?p=60137"},"modified":"2025-10-09T15:13:15","modified_gmt":"2025-10-09T18:13:15","slug":"ayseninos-se-preparan-para-clasificatoria-de-para-araucania-en-el-polideportivo-21-de-abril","status":"publish","type":"post","link":"https:\/\/radiorevelacionfm.cl\/?p=60137","title":{"rendered":"Ayseninos se preparan para clasificatoria de Para Araucan\u00eda en el Polideportivo 21 de Abril"},"content":{"rendered":"<div class=\"flex_column av_one_full  flex_column_div av-zero-column-padding first  avia-builder-el-0  el_before_av_one_full  avia-builder-el-first  \" style='border-radius:0px; '><div  class='avia-image-container  av-styling-    avia-builder-el-1  avia-builder-el-no-sibling  avia-align-center '  itemprop=\"image\" itemscope=\"itemscope\" itemtype=\"https:\/\/schema.org\/ImageObject\"  ><div class='avia-image-container-inner'><div class='avia-image-overlay-wrap'><img decoding=\"async\" class='wp-image-60138 avia-img-lazy-loading-not-60138 avia_image' src=\"https:\/\/radiorevelacionfm.cl\/wp-content\/uploads\/2025\/10\/para-atletas-1_optimized-1.jpg\" alt='' title='para-atletas-(1)_optimized (1)' height=\"600\" width=\"1067\"  itemprop=\"thumbnailUrl\" srcset=\"https:\/\/radiorevelacionfm.cl\/wp-content\/uploads\/2025\/10\/para-atletas-1_optimized-1.jpg 1067w, https:\/\/radiorevelacionfm.cl\/wp-content\/uploads\/2025\/10\/para-atletas-1_optimized-1-300x169.jpg 300w, https:\/\/radiorevelacionfm.cl\/wp-content\/uploads\/2025\/10\/para-atletas-1_optimized-1-1030x579.jpg 1030w, https:\/\/radiorevelacionfm.cl\/wp-content\/uploads\/2025\/10\/para-atletas-1_optimized-1-768x432.jpg 768w, https:\/\/radiorevelacionfm.cl\/wp-content\/uploads\/2025\/10\/para-atletas-1_optimized-1-705x396.jpg 705w, https:\/\/radiorevelacionfm.cl\/wp-content\/uploads\/2025\/10\/para-atletas-1_optimized-1-450x253.jpg 450w, https:\/\/radiorevelacionfm.cl\/wp-content\/uploads\/2025\/10\/para-atletas-1_optimized-1-600x337.jpg 600w\" sizes=\"(max-width: 1067px) 100vw, 1067px\" \/><\/div><\/div><\/div><\/div><div class=\"flex_column av_one_full  flex_column_div av-zero-column-padding first  avia-builder-el-2  el_after_av_one_full  el_before_av_one_full  column-top-margin\" style='border-radius:0px; '><section class=\"av_textblock_section \"  itemscope=\"itemscope\" itemtype=\"https:\/\/schema.org\/BlogPosting\" itemprop=\"blogPost\" ><div class='avia_textblock  '   itemprop=\"text\" ><p style=\"text-align: center;\"><strong><span style=\"font-size: 18pt;\">Ayseninos se preparan para clasificatoria de Para Araucan\u00eda en el Polideportivo 21 de Abril<\/span><\/strong><\/p>\n<div id=\"gtx-trans\" style=\"position: absolute; left: -50px; top: 4.31534px;\">\n<div class=\"gtx-trans-icon\"><\/div>\n<\/div>\n<\/div><\/section><\/div><div class=\"flex_column av_one_full  flex_column_div av-zero-column-padding first  avia-builder-el-4  el_after_av_one_full  el_before_av_hr  column-top-margin\" style='border-radius:0px; '><section class=\"av_textblock_section \"  itemscope=\"itemscope\" itemtype=\"https:\/\/schema.org\/BlogPosting\" itemprop=\"blogPost\" ><div class='avia_textblock  '   itemprop=\"text\" ><p style=\"text-align: justify;\">El esp\u00edritu de superaci\u00f3n y el compromiso institucional se unen en Puerto Ays\u00e9n, donde el equipo local de Para Atletismo se alista para una pre-competencia crucial en Coyhaique. El objetivo es clasificar y asegurar cupos para representar a la Regi\u00f3n de Ays\u00e9n en los prestigiosos Juegos Binacionales de la Para Araucan\u00eda 2025, que se realizar\u00e1 del 18 al 22 de noviembre en Punta Arenas, Regi\u00f3n de Magallanes.<\/p>\n<p style=\"text-align: justify;\">El programa deportivo, liderado por el entrenador Felipe Carim\u00e1n, posee una extensa trayectoria de cerca de siete a\u00f1os de realizaci\u00f3n. A pesar del desaf\u00edo log\u00edstico de no contar con una pista atl\u00e9tica en Puerto Ays\u00e9n, la Corporaci\u00f3n de Deportes de la Municipalidad de Ays\u00e9n ha reafirmado su compromiso con la inclusi\u00f3n, facilitando el uso completo del Polideportivo 21 de Abril. Este recinto, ubicado en la Ribera Sur, es el m\u00e1s importante de la regi\u00f3n y proporciona a los deportistas canchas, salas de musculaci\u00f3n y cardio.<\/p>\n<p style=\"text-align: justify;\"><strong>El deporte como motor de transformaci\u00f3n personal<\/strong><\/p>\n<p style=\"text-align: justify;\">La determinaci\u00f3n de los atletas es el verdadero motor del equipo. Johana Retamal Tenorio, quien correr\u00e1 los 100 y 200 metros, articula el profundo impacto que el entrenamiento ha tenido en su vida. La deportista, que en la edici\u00f3n 2024 de los juegos binacionales realizados en Santa Rosa, La Pampa &#8211; Argentina,\u00a0 obtuvo un meritorio cuarto lugar, ve en el deporte un escape y una fuente de \u00e1nimo: \u00abYo creo que la experiencia es buena y me sube el \u00e1nimo con los compa\u00f1eros, con el entrenamiento que hago en el Polideportivo me olvido de las cosas, de todos los problemas.\u201d<\/p>\n<p style=\"text-align: justify;\"><strong>El equipo competidor y las pruebas<\/strong><\/p>\n<ul style=\"text-align: justify;\">\n<li>Johana Retamal Tenorio: Competir\u00e1 en 100 y 200 metros planos.<\/li>\n<li>Antonio Henriquez: 100 y 200 metros planos.<\/li>\n<li>Wladimir Vergara: 100 y 200 metros planos.<\/li>\n<li>Cristian Llancalahuen: 400 y 800 metros planos.<\/li>\n<\/ul>\n<p style=\"text-align: justify;\"><strong>Gesti\u00f3n Municipal y Compromiso Inclusivo<\/strong><\/p>\n<p style=\"text-align: justify;\">Este importante apoyo se enmarca dentro de la administraci\u00f3n municipal del Alcalde Luis Mart\u00ednez, quien como presidente de la Corporaci\u00f3n de Deportes, est\u00e1 comprometido con el apoyo a las personas en situaci\u00f3n de discapacidad. Bajo esta gesti\u00f3n, se dispone de todas las facilidades para que los deportistas o instituciones afines puedan desarrollar sus actividades en los recintos que administra la Corporaci\u00f3n, como el Polideportivo, el Centro Recreacional Bah\u00eda Acantilada, adem\u00e1s del apoyo del equipo profesional de la entidad.<\/p>\n<p style=\"text-align: justify;\">Finalmente, el entrenador de estos para atletas ayseninos expres\u00f3 su \u201cagradecimiento con la Corporaci\u00f3n de Deportes por facilitarnos el recinto para poder trabajar\u00bb, destacando que esta instituci\u00f3n tiene la disposici\u00f3n completa para este grupo, otorgando acceso a las instalaciones de forma gratuita.<\/p>\n<\/div><\/section><\/div><div  style='height:50px' class='hr hr-invisible   avia-builder-el-6  el_after_av_one_full  el_before_av_social_share '><span class='hr-inner ' ><span class='hr-inner-style'><\/span><\/span><\/div><\/p>\n<div  class='av-social-sharing-box  avia-builder-el-7  el_after_av_hr  el_before_av_hr  '><div class='av-share-box'><h5 class='av-share-link-description av-no-toc '>Compartir esta noticia<\/h5><ul class='av-share-box-list noLightbox'><li class='av-share-link av-social-link-facebook' ><a target=\"_blank\" aria-label=\"Compartir en Facebook\" href='https:\/\/www.facebook.com\/sharer.php?u=https:\/\/radiorevelacionfm.cl\/?p=60137&#038;t=Ayseninos%20se%20preparan%20para%20clasificatoria%20de%20Para%20Araucan%C3%ADa%20en%20el%20Polideportivo%2021%20de%20Abril' aria-hidden='false' data-av_icon='\ue8f3' data-av_iconfont='entypo-fontello' title='' data-avia-related-tooltip='Compartir en Facebook' rel=\"noopener\"><span class='avia_hidden_link_text'>Compartir en Facebook<\/span><\/a><\/li><li class='av-share-link av-social-link-twitter' ><a target=\"_blank\" aria-label=\"Compartir en Twitter\" href='https:\/\/twitter.com\/share?text=Ayseninos%20se%20preparan%20para%20clasificatoria%20de%20Para%20Araucan%C3%ADa%20en%20el%20Polideportivo%2021%20de%20Abril&#038;url=https:\/\/radiorevelacionfm.cl\/?p=60137' aria-hidden='false' data-av_icon='\ue8f1' data-av_iconfont='entypo-fontello' title='' data-avia-related-tooltip='Compartir en Twitter' rel=\"noopener\"><span class='avia_hidden_link_text'>Compartir en Twitter<\/span><\/a><\/li><li class='av-share-link av-social-link-whatsapp' ><a target=\"_blank\" aria-label=\"Compartir en Whatsapp\" href='https:\/\/api.whatsapp.com\/send?text=https:\/\/radiorevelacionfm.cl\/?p=60137' aria-hidden='false' data-av_icon='\uf232' data-av_iconfont='entypo-fontello' title='' data-avia-related-tooltip='Compartir en Whatsapp' rel=\"noopener\"><span class='avia_hidden_link_text'>Compartir en Whatsapp<\/span><\/a><\/li><li class='av-share-link av-social-link-linkedin' ><a target=\"_blank\" aria-label=\"Compartir en LinkedIn\" href='https:\/\/linkedin.com\/shareArticle?mini=true&#038;title=Ayseninos%20se%20preparan%20para%20clasificatoria%20de%20Para%20Araucan%C3%ADa%20en%20el%20Polideportivo%2021%20de%20Abril&#038;url=https:\/\/radiorevelacionfm.cl\/?p=60137' aria-hidden='false' data-av_icon='\ue8fc' data-av_iconfont='entypo-fontello' title='' data-avia-related-tooltip='Compartir en LinkedIn' rel=\"noopener\"><span class='avia_hidden_link_text'>Compartir en LinkedIn<\/span><\/a><\/li><li class='av-share-link av-social-link-mail' ><a  aria-label=\"Compartir por correo\" href='mailto:?subject=Ayseninos%20se%20preparan%20para%20clasificatoria%20de%20Para%20Araucan%C3%ADa%20en%20el%20Polideportivo%2021%20de%20Abril&#038;body=https:\/\/radiorevelacionfm.cl\/?p=60137' aria-hidden='false' data-av_icon='\ue805' data-av_iconfont='entypo-fontello' title='' data-avia-related-tooltip='Compartir por correo'><span class='avia_hidden_link_text'>Compartir por correo<\/span><\/a><\/li><\/ul><\/div><\/div>\n<div  style='height:50px' class='hr hr-invisible   avia-builder-el-8  el_after_av_social_share  el_before_av_comments_list '><span class='hr-inner ' ><span class='hr-inner-style'><\/span><\/span><\/div>\n<div  class='av-buildercomment  av-blog-meta-html-info-disabled av-blog-meta-tag-disabled  '><\/div>\n","protected":false},"excerpt":{"rendered":"","protected":false},"author":1,"featured_media":60138,"comment_status":"closed","ping_status":"closed","sticky":false,"template":"","format":"standard","meta":{"footnotes":""},"categories":[40],"tags":[],"class_list":["post-60137","post","type-post","status-publish","format-standard","has-post-thumbnail","hentry","category-deportes"],"jetpack_featured_media_url":"https:\/\/radiorevelacionfm.cl\/wp-content\/uploads\/2025\/10\/para-atletas-1_optimized-1.jpg","_links":{"self":[{"href":"https:\/\/radiorevelacionfm.cl\/index.php?rest_route=\/wp\/v2\/posts\/60137","targetHints":{"allow":["GET"]}}],"collection":[{"href":"https:\/\/radiorevelacionfm.cl\/index.php?rest_route=\/wp\/v2\/posts"}],"about":[{"href":"https:\/\/radiorevelacionfm.cl\/index.php?rest_route=\/wp\/v2\/types\/post"}],"author":[{"embeddable":true,"href":"https:\/\/radiorevelacionfm.cl\/index.php?rest_route=\/wp\/v2\/users\/1"}],"replies":[{"embeddable":true,"href":"https:\/\/radiorevelacionfm.cl\/index.php?rest_route=%2Fwp%2Fv2%2Fcomments&post=60137"}],"version-history":[{"count":2,"href":"https:\/\/radiorevelacionfm.cl\/index.php?rest_route=\/wp\/v2\/posts\/60137\/revisions"}],"predecessor-version":[{"id":60140,"href":"https:\/\/radiorevelacionfm.cl\/index.php?rest_route=\/wp\/v2\/posts\/60137\/revisions\/60140"}],"wp:featuredmedia":[{"embeddable":true,"href":"https:\/\/radiorevelacionfm.cl\/index.php?rest_route=\/wp\/v2\/media\/60138"}],"wp:attachment":[{"href":"https:\/\/radiorevelacionfm.cl\/index.php?rest_route=%2Fwp%2Fv2%2Fmedia&parent=60137"}],"wp:term":[{"taxonomy":"category","embeddable":true,"href":"https:\/\/radiorevelacionfm.cl\/index.php?rest_route=%2Fwp%2Fv2%2Fcategories&post=60137"},{"taxonomy":"post_tag","embeddable":true,"href":"https:\/\/radiorevelacionfm.cl\/index.php?rest_route=%2Fwp%2Fv2%2Ftags&post=60137"}],"curies":[{"name":"wp","href":"https:\/\/api.w.org\/{rel}","templated":true}]}}