{"id":60131,"date":"2025-10-09T11:35:26","date_gmt":"2025-10-09T14:35:26","guid":{"rendered":"https:\/\/radiorevelacionfm.cl\/?p=60131"},"modified":"2025-10-09T11:35:26","modified_gmt":"2025-10-09T14:35:26","slug":"incrementan-fiscalizaciones-laborales-ante-aumento-de-accidentes-hiperbaricos-en-aysen","status":"publish","type":"post","link":"https:\/\/radiorevelacionfm.cl\/?p=60131","title":{"rendered":"Incrementan fiscalizaciones laborales ante aumento de accidentes hiperb\u00e1ricos en Ays\u00e9n"},"content":{"rendered":"<div class=\"flex_column av_one_full  flex_column_div av-zero-column-padding first  avia-builder-el-0  el_before_av_one_full  avia-builder-el-first  \" style='border-radius:0px; '><div  class='avia-image-container  av-styling-    avia-builder-el-1  avia-builder-el-no-sibling  avia-align-center '  itemprop=\"image\" itemscope=\"itemscope\" itemtype=\"https:\/\/schema.org\/ImageObject\"  ><div class='avia-image-container-inner'><div class='avia-image-overlay-wrap'><img decoding=\"async\" class='wp-image-60132 avia-img-lazy-loading-not-60132 avia_image' src=\"https:\/\/radiorevelacionfm.cl\/wp-content\/uploads\/2025\/10\/labores-acuicolas-1_optimized-1.jpg\" alt='' title='labores-acu\u00edcolas-(1)_optimized (1)' height=\"600\" width=\"800\"  itemprop=\"thumbnailUrl\" srcset=\"https:\/\/radiorevelacionfm.cl\/wp-content\/uploads\/2025\/10\/labores-acuicolas-1_optimized-1.jpg 800w, https:\/\/radiorevelacionfm.cl\/wp-content\/uploads\/2025\/10\/labores-acuicolas-1_optimized-1-300x225.jpg 300w, https:\/\/radiorevelacionfm.cl\/wp-content\/uploads\/2025\/10\/labores-acuicolas-1_optimized-1-768x576.jpg 768w, https:\/\/radiorevelacionfm.cl\/wp-content\/uploads\/2025\/10\/labores-acuicolas-1_optimized-1-705x529.jpg 705w, https:\/\/radiorevelacionfm.cl\/wp-content\/uploads\/2025\/10\/labores-acuicolas-1_optimized-1-450x338.jpg 450w, https:\/\/radiorevelacionfm.cl\/wp-content\/uploads\/2025\/10\/labores-acuicolas-1_optimized-1-600x450.jpg 600w\" sizes=\"(max-width: 800px) 100vw, 800px\" \/><\/div><\/div><\/div><\/div><div class=\"flex_column av_one_full  flex_column_div av-zero-column-padding first  avia-builder-el-2  el_after_av_one_full  el_before_av_one_full  column-top-margin\" style='border-radius:0px; '><section class=\"av_textblock_section \"  itemscope=\"itemscope\" itemtype=\"https:\/\/schema.org\/BlogPosting\" itemprop=\"blogPost\" ><div class='avia_textblock  '   itemprop=\"text\" ><p style=\"text-align: center;\"><span style=\"font-size: 18pt;\"><strong>Incrementa fiscalizaciones laborales ante aumento de accidentes hiperb\u00e1ricos en Ays\u00e9n<\/strong><\/span><\/p>\n<div id=\"gtx-trans\" style=\"position: absolute; left: -50px; top: 4.31534px;\">\n<div class=\"gtx-trans-icon\"><\/div>\n<\/div>\n<\/div><\/section><\/div><div class=\"flex_column av_one_full  flex_column_div av-zero-column-padding first  avia-builder-el-4  el_after_av_one_full  el_before_av_hr  column-top-margin\" style='border-radius:0px; '><section class=\"av_textblock_section \"  itemscope=\"itemscope\" itemtype=\"https:\/\/schema.org\/BlogPosting\" itemprop=\"blogPost\" ><div class='avia_textblock  '   itemprop=\"text\" ><p style=\"text-align: justify;\"><em>Durante este 2025, se han desarrollado 11 sumarios sanitarios a la fecha, tanto por accidentes fatales, como accidentes graves; lo que refuerza la necesidad del trabajo p\u00fablico y privado, para resguardar la salud de las personas que se desempe\u00f1an en estas labores.<\/em><\/p>\n<p style=\"text-align: justify;\">La Unidad de Salud Ocupacional de la Seremi de Salud Ays\u00e9n ha intensificado sus investigaciones ante un preocupante aumento de accidentes laborales graves en condiciones hiperb\u00e1ricas. Estos incidentes, que incluyen enfermedades descompresivas (EDC) y barotraumas, afectan a trabajadores expuestos en diversas faenas del cultivo de salm\u00f3n en la regi\u00f3n, siendo directamente causados por los r\u00e1pidos cambios en las condiciones ambientales a las que se someten los buzos.<\/p>\n<p style=\"text-align: justify;\">As\u00ed lo manifest\u00f3 el Fiscalizador de Salud Ocupacional de la Seremi de Salud, Carlos Arteaga Millacari, quien adem\u00e1s fue enf\u00e1tico en el trabajo intersectorial para prevenir accidentes de esta naturaleza. \u201cHemos sufrido un aumento importante de los accidentes graves, principalmente aquellos que se producen en condiciones hiperb\u00e1ricas en los centros de cultivo de salm\u00f3n de nuestra regi\u00f3n. Lo anterior hace muy importante que empresas y organismos administradores mejoren y aumenten los est\u00e1ndares tanto de seguridad, como de capacitaciones y de inspecciones en la faena. Esto en lo espec\u00edfico es aumentar la tecnolog\u00eda con la que se est\u00e1 trabajando y los controles internos para cada una de las faenas de buceo que se realizan en la regi\u00f3n, considerando factores ambientales como las temperaturas del agua, las corrientes, el trabajo intenso, f\u00edsico y pesado, como tambi\u00e9n aquellos factores personales que pueden derivar en un aumento del riesgo de enfermedad descompresiva\u201d.<\/p>\n<p style=\"text-align: justify;\">Desde la autoridad sanitaria, explic\u00f3 el profesional, se continuar\u00e1n realizando fiscalizaciones y un exhaustivo an\u00e1lisis de toda la informaci\u00f3n de los accidentes, pero esto no es suficiente si las empresas no toman medidas preventivas, ya que en la regi\u00f3n se realizan cientos de inmersiones diariamente y por la dispersi\u00f3n geogr\u00e1fica es dif\u00edcil poder llegar a todos los rincones del litoral.<\/p>\n<p style=\"text-align: justify;\">Por su parte, la Seremi de Salud Ays\u00e9n, Gloria \u00c1guila Schmeisser, hizo una llamado a las y los trabajadores del sector acu\u00edcola, a extremar las medidas de autocuidado al desempe\u00f1arse en este tipo de actividades productivas.\u00a0 \u201cJunto al trabajo de fiscalizaci\u00f3n que realiza la seremi de salud, es esencial que cada trabajador comprenda y aplique los par\u00e1metros de seguridad que existen para ejercer este tipo de faenas, adem\u00e1s de mantener las condiciones f\u00edsicas y de salud adecuadas para actividades como el buceo, con el objeto de cuidar y resguardar su salud en este tipo de trabajos\u201d.<\/p>\n<p style=\"text-align: justify;\">De esta forma, la Autoridad Sanitaria de Ays\u00e9n reafirma su compromiso con la fiscalizaci\u00f3n y la investigaci\u00f3n rigurosa de estos accidentes. Esto incluye la instrucci\u00f3n de 02 sumarios por accidentes fatales y 09 sumarios por accidentes graves durante este 2025, lo que se tradujo en la aplicaci\u00f3n de medidas de control efectivas, incluso la paralizaci\u00f3n de faenas cuando se detecta la ausencia de elementos esenciales de prevenci\u00f3n de riesgos. En una regi\u00f3n donde se realizan miles de inmersiones anualmente, es fundamental que las empresas y los Organismos Administradores de la Ley (OAL) basen su gesti\u00f3n preventiva en la mejor evidencia disponible para el \u00e1mbito subacu\u00e1tico.<\/p>\n<\/div><\/section><\/div><div  style='height:50px' class='hr hr-invisible   avia-builder-el-6  el_after_av_one_full  el_before_av_social_share '><span class='hr-inner ' ><span class='hr-inner-style'><\/span><\/span><\/div><\/p>\n<div  class='av-social-sharing-box  avia-builder-el-7  el_after_av_hr  el_before_av_hr  '><div class='av-share-box'><h5 class='av-share-link-description av-no-toc '>Compartir esta noticia<\/h5><ul class='av-share-box-list noLightbox'><li class='av-share-link av-social-link-facebook' ><a target=\"_blank\" aria-label=\"Compartir en Facebook\" href='https:\/\/www.facebook.com\/sharer.php?u=https:\/\/radiorevelacionfm.cl\/?p=60131&#038;t=Incrementan%20fiscalizaciones%20laborales%20ante%20aumento%20de%20accidentes%20hiperb%C3%A1ricos%20en%20Ays%C3%A9n' aria-hidden='false' data-av_icon='\ue8f3' data-av_iconfont='entypo-fontello' title='' data-avia-related-tooltip='Compartir en Facebook' rel=\"noopener\"><span class='avia_hidden_link_text'>Compartir en Facebook<\/span><\/a><\/li><li class='av-share-link av-social-link-twitter' ><a target=\"_blank\" aria-label=\"Compartir en Twitter\" href='https:\/\/twitter.com\/share?text=Incrementan%20fiscalizaciones%20laborales%20ante%20aumento%20de%20accidentes%20hiperb%C3%A1ricos%20en%20Ays%C3%A9n&#038;url=https:\/\/radiorevelacionfm.cl\/?p=60131' aria-hidden='false' data-av_icon='\ue8f1' data-av_iconfont='entypo-fontello' title='' data-avia-related-tooltip='Compartir en Twitter' rel=\"noopener\"><span class='avia_hidden_link_text'>Compartir en Twitter<\/span><\/a><\/li><li class='av-share-link av-social-link-whatsapp' ><a target=\"_blank\" aria-label=\"Compartir en Whatsapp\" href='https:\/\/api.whatsapp.com\/send?text=https:\/\/radiorevelacionfm.cl\/?p=60131' aria-hidden='false' data-av_icon='\uf232' data-av_iconfont='entypo-fontello' title='' data-avia-related-tooltip='Compartir en Whatsapp' rel=\"noopener\"><span class='avia_hidden_link_text'>Compartir en Whatsapp<\/span><\/a><\/li><li class='av-share-link av-social-link-linkedin' ><a target=\"_blank\" aria-label=\"Compartir en LinkedIn\" href='https:\/\/linkedin.com\/shareArticle?mini=true&#038;title=Incrementan%20fiscalizaciones%20laborales%20ante%20aumento%20de%20accidentes%20hiperb%C3%A1ricos%20en%20Ays%C3%A9n&#038;url=https:\/\/radiorevelacionfm.cl\/?p=60131' aria-hidden='false' data-av_icon='\ue8fc' data-av_iconfont='entypo-fontello' title='' data-avia-related-tooltip='Compartir en LinkedIn' rel=\"noopener\"><span class='avia_hidden_link_text'>Compartir en LinkedIn<\/span><\/a><\/li><li class='av-share-link av-social-link-mail' ><a  aria-label=\"Compartir por correo\" href='mailto:?subject=Incrementan%20fiscalizaciones%20laborales%20ante%20aumento%20de%20accidentes%20hiperb%C3%A1ricos%20en%20Ays%C3%A9n&#038;body=https:\/\/radiorevelacionfm.cl\/?p=60131' aria-hidden='false' data-av_icon='\ue805' data-av_iconfont='entypo-fontello' title='' data-avia-related-tooltip='Compartir por correo'><span class='avia_hidden_link_text'>Compartir por correo<\/span><\/a><\/li><\/ul><\/div><\/div>\n<div  style='height:50px' class='hr hr-invisible   avia-builder-el-8  el_after_av_social_share  el_before_av_comments_list '><span class='hr-inner ' ><span class='hr-inner-style'><\/span><\/span><\/div>\n<div  class='av-buildercomment  av-blog-meta-html-info-disabled av-blog-meta-tag-disabled  '><\/div>\n","protected":false},"excerpt":{"rendered":"","protected":false},"author":1,"featured_media":60132,"comment_status":"closed","ping_status":"closed","sticky":false,"template":"","format":"standard","meta":{"footnotes":""},"categories":[46],"tags":[],"class_list":["post-60131","post","type-post","status-publish","format-standard","has-post-thumbnail","hentry","category-salud"],"jetpack_featured_media_url":"https:\/\/radiorevelacionfm.cl\/wp-content\/uploads\/2025\/10\/labores-acuicolas-1_optimized-1.jpg","_links":{"self":[{"href":"https:\/\/radiorevelacionfm.cl\/index.php?rest_route=\/wp\/v2\/posts\/60131","targetHints":{"allow":["GET"]}}],"collection":[{"href":"https:\/\/radiorevelacionfm.cl\/index.php?rest_route=\/wp\/v2\/posts"}],"about":[{"href":"https:\/\/radiorevelacionfm.cl\/index.php?rest_route=\/wp\/v2\/types\/post"}],"author":[{"embeddable":true,"href":"https:\/\/radiorevelacionfm.cl\/index.php?rest_route=\/wp\/v2\/users\/1"}],"replies":[{"embeddable":true,"href":"https:\/\/radiorevelacionfm.cl\/index.php?rest_route=%2Fwp%2Fv2%2Fcomments&post=60131"}],"version-history":[{"count":2,"href":"https:\/\/radiorevelacionfm.cl\/index.php?rest_route=\/wp\/v2\/posts\/60131\/revisions"}],"predecessor-version":[{"id":60134,"href":"https:\/\/radiorevelacionfm.cl\/index.php?rest_route=\/wp\/v2\/posts\/60131\/revisions\/60134"}],"wp:featuredmedia":[{"embeddable":true,"href":"https:\/\/radiorevelacionfm.cl\/index.php?rest_route=\/wp\/v2\/media\/60132"}],"wp:attachment":[{"href":"https:\/\/radiorevelacionfm.cl\/index.php?rest_route=%2Fwp%2Fv2%2Fmedia&parent=60131"}],"wp:term":[{"taxonomy":"category","embeddable":true,"href":"https:\/\/radiorevelacionfm.cl\/index.php?rest_route=%2Fwp%2Fv2%2Fcategories&post=60131"},{"taxonomy":"post_tag","embeddable":true,"href":"https:\/\/radiorevelacionfm.cl\/index.php?rest_route=%2Fwp%2Fv2%2Ftags&post=60131"}],"curies":[{"name":"wp","href":"https:\/\/api.w.org\/{rel}","templated":true}]}}